{"id":654270,"date":"2026-01-10T15:48:11","date_gmt":"2026-01-10T15:48:11","guid":{"rendered":"https:\/\/www.europesays.com\/fr\/654270\/"},"modified":"2026-01-10T15:48:11","modified_gmt":"2026-01-10T15:48:11","slug":"lia-grok-suspendue-en-indonesie","status":"publish","type":"post","link":"https:\/\/www.europesays.com\/fr\/654270\/","title":{"rendered":"l\u2019IA Grok suspendue en Indon\u00e9sie"},"content":{"rendered":"<p>                      <img loading=\"lazy\" decoding=\"async\" src=\"https:\/\/www.europesays.com\/fr\/wp-content\/uploads\/2026\/01\/470ea44_upload-1-euyvpg9pwsd1-2025-01-15t075734z-1981832709-rc25acajnggg-rtrmadp-3-indonesia-socialm.jpeg\" alt=\"Dans une gare de Tangerang du Sud, en p\u00e9riph\u00e9rie de Djakarta, le 15\u00a0janvier 2025.\"   width=\"664\" height=\"443\"\/>    Dans une gare de Tangerang du Sud, en p\u00e9riph\u00e9rie de Djakarta, le 15\u00a0janvier 2025.  WILLY KURNIAWAN\/REUTERS                            <\/p>\n<p class=\"article__paragraph  \">L\u2019Indon\u00e9sie a annonc\u00e9, samedi 10\u00a0janvier, la suspension temporaire dans le pays de Grok, l\u2019assistant d\u2019intelligence artificielle de la plateforme X d\u2019Elon Musk, \u00e0 la suite du scandale de fausses images pornographiques de personnes d\u00e9nud\u00e9es. La d\u00e9cision a \u00e9t\u00e9 prise \u00ab\u00a0afin de prot\u00e9ger les femmes, les enfants et le public contre les risques de faux contenus pornographiques g\u00e9n\u00e9r\u00e9s \u00e0 l\u2019aide de la technologie d\u2019intelligence artificielle\u00a0\u00bb, a expos\u00e9 la ministre de la communication et du num\u00e9rique, Meutya Hafid, <a href=\"https:\/\/www.facebook.com\/kemenkomdigi\/posts\/pfbid02cjdYBxfnps8J2RqRozEovVrtSVc136QFNXzuKrJQ2xsTE3aqsMhG5eVeLXoPb424l\" target=\"_blank\" rel=\"noopener\" title=\"Nouvelle fen\u00eatre\">dans un communiqu\u00e9<\/a>. Ces images, r\u00e9alis\u00e9es en demandant \u00e0 Grok de d\u00e9nuder des personnes r\u00e9elles \u00e0 partir de ses photos ou vid\u00e9os, ont suscit\u00e9 des protestations \u00e0 travers le monde.<\/p>\n<p class=\"article__paragraph  \">\u00ab\u00a0Le gouvernement consid\u00e8re les pratiques de \u201cdeepfake\u201d non consensuelles comme une violation grave des droits humains, de la dignit\u00e9 et de la s\u00e9curit\u00e9 des citoyens dans l\u2019espace num\u00e9rique\u00a0\u00bb, a ajout\u00e9 le minist\u00e8re, qui a convoqu\u00e9 des repr\u00e9sentants de X afin d\u2019obtenir des \u00e9claircissements.<\/p>\n<p>                                         Lire aussi |  Article r\u00e9serv\u00e9 \u00e0 nos abonn\u00e9s  <a href=\"https:\/\/www.lemonde.fr\/pixels\/article\/2026\/01\/05\/la-moitie-des-images-generees-par-l-ia-grok-pendant-les-fetes-representaient-des-personnes-partiellement-denudees_6660641_4408996.html\" class=\"js-article-read-also catcher--favoris__link\" data-premium=\"1\" id=\"article-title-3453327\" target=\"_blank\" rel=\"noopener\">IA Grok\u00a0: la moiti\u00e9 des images g\u00e9n\u00e9r\u00e9es pendant les f\u00eates repr\u00e9sentaient des personnes partiellement d\u00e9nud\u00e9es<\/a>    <\/p>\n<p>   Lire plus tard  <\/p>\n<p>                            S\u2019abonner pour d\u00e9bloquer des fonctionnalit\u00e9s                      <\/p>\n<p class=\"article__paragraph  \">Interpell\u00e9 sur le r\u00e9seau social par de nombreux utilisateurs scandalis\u00e9s, Grok a r\u00e9pondu vendredi 9\u00a0janvier que la g\u00e9n\u00e9ration et l\u2019\u00e9dition d\u2019images \u00e9taient \u00ab\u00a0actuellement r\u00e9serv\u00e9es aux abonn\u00e9s payants\u00a0\u00bb. \u00ab\u00a0Vous pouvez vous abonner pour d\u00e9bloquer ces fonctionnalit\u00e9s\u00a0\u00bb, a-t-elle pr\u00e9cis\u00e9.<\/p>\n<p class=\"article__paragraph  \">Cette d\u00e9sactivation limit\u00e9e a suscit\u00e9 l\u2019indignation du Royaume-Uni, l\u2019un des critiques les plus virulents d\u2019Elon Musk. Cette mesure \u00ab\u00a0transforme simplement une fonctionnalit\u00e9 qui permet la cr\u00e9ation d\u2019images ill\u00e9gales en un service premium\u00a0\u00bb et constitue \u00ab\u00a0une insulte aux victimes de misogynie et de violences sexuelles\u00a0\u00bb, a d\u00e9nonc\u00e9 un porte-parole du premier ministre britannique, Keir Starmer.<\/p>\n<p class=\"article__paragraph  \">A Bruxelles, la Commission europ\u00e9enne, <a href=\"https:\/\/www.lemonde.fr\/pixels\/article\/2026\/01\/08\/apres-le-scandale-des-images-sexuelles-de-mineurs-generees-par-l-ia-d-elon-musk-l-ue-impose-a-x-une-mesure-conservatoire-a-propos-de-grok_6661021_4408996.html\" target=\"_blank\" rel=\"noopener\" title=\"Nouvelle fen\u00eatre\">qui m\u00e8ne une enqu\u00eate<\/a>, a \u00ab\u00a0pris note des derni\u00e8res modifications\u00a0\u00bb mais les a jug\u00e9es insuffisantes. \u00ab\u00a0L\u2019action de la France et de l\u2019Europe paye\u00a0: X restreint l\u2019utilisation de Grok. C\u2019est un premier pas, mais la lutte contre les d\u00e9rives de l\u2019IA doit se poursuivre\u00a0\u00bb,<a href=\"https:\/\/bsky.app\/profile\/rolandlescure.bsky.social\/post\/3mbyommo7ts2b\" target=\"_blank\" rel=\"noopener\" title=\"Nouvelle fen\u00eatre\"> a \u00e9crit sur Bluesky<\/a> Roland Lescure, ministre de l\u2019\u00e9conomie. M.\u00a0Lescure a rappel\u00e9 que la France avait \u00ab\u00a0saisi la justice et continuera d\u2019exiger des plateformes qu\u2019elles respectent nos lois si elles veulent profiter de notre march\u00e9\u00a0\u00bb.<\/p>\n<p>                                         Lire aussi |  Article r\u00e9serv\u00e9 \u00e0 nos abonn\u00e9s  <a href=\"https:\/\/www.lemonde.fr\/pixels\/article\/2026\/01\/09\/l-ia-grok-propose-desormais-de-payer-pour-denuder-les-utilisateurs-sur-x-avec-ou-sans-consentement_6661210_4408996.html\" class=\"js-article-read-also catcher--favoris__link\" data-premium=\"1\" id=\"article-title-3453951\" target=\"_blank\" rel=\"noopener\">L\u2019IA Grok propose d\u00e9sormais de payer pour d\u00e9nuder les utilisateurs sur X, avec ou sans consentement<\/a>    <\/p>\n<p>   Lire plus tard  <\/p>\n<p class=\"author__detail\">  Le Monde avec AFP  <\/p>\n","protected":false},"excerpt":{"rendered":"Dans une gare de Tangerang du Sud, en p\u00e9riph\u00e9rie de Djakarta, le 15\u00a0janvier 2025. WILLY KURNIAWAN\/REUTERS L\u2019Indon\u00e9sie a&hellip;\n","protected":false},"author":2,"featured_media":654271,"comment_status":"","ping_status":"","sticky":false,"template":"","format":"standard","meta":{"footnotes":""},"categories":[6],"tags":[35,33,34,1011,27],"class_list":{"0":"post-654270","1":"post","2":"type-post","3":"status-publish","4":"format-standard","5":"has-post-thumbnail","7":"category-economie","8":"tag-business","9":"tag-economie","10":"tag-economy","11":"tag-fr","12":"tag-france"},"share_on_mastodon":{"url":"https:\/\/pubeurope.com\/@fr\/115871593589892431","error":""},"_links":{"self":[{"href":"https:\/\/www.europesays.com\/fr\/wp-json\/wp\/v2\/posts\/654270","targetHints":{"allow":["GET"]}}],"collection":[{"href":"https:\/\/www.europesays.com\/fr\/wp-json\/wp\/v2\/posts"}],"about":[{"href":"https:\/\/www.europesays.com\/fr\/wp-json\/wp\/v2\/types\/post"}],"author":[{"embeddable":true,"href":"https:\/\/www.europesays.com\/fr\/wp-json\/wp\/v2\/users\/2"}],"replies":[{"embeddable":true,"href":"https:\/\/www.europesays.com\/fr\/wp-json\/wp\/v2\/comments?post=654270"}],"version-history":[{"count":0,"href":"https:\/\/www.europesays.com\/fr\/wp-json\/wp\/v2\/posts\/654270\/revisions"}],"wp:featuredmedia":[{"embeddable":true,"href":"https:\/\/www.europesays.com\/fr\/wp-json\/wp\/v2\/media\/654271"}],"wp:attachment":[{"href":"https:\/\/www.europesays.com\/fr\/wp-json\/wp\/v2\/media?parent=654270"}],"wp:term":[{"taxonomy":"category","embeddable":true,"href":"https:\/\/www.europesays.com\/fr\/wp-json\/wp\/v2\/categories?post=654270"},{"taxonomy":"post_tag","embeddable":true,"href":"https:\/\/www.europesays.com\/fr\/wp-json\/wp\/v2\/tags?post=654270"}],"curies":[{"name":"wp","href":"https:\/\/api.w.org\/{rel}","templated":true}]}}