{"id":654272,"date":"2026-01-10T15:49:11","date_gmt":"2026-01-10T15:49:11","guid":{"rendered":"https:\/\/www.europesays.com\/fr\/654272\/"},"modified":"2026-01-10T15:49:11","modified_gmt":"2026-01-10T15:49:11","slug":"a-cuba-les-reserves-de-carburant-sont-au-plus-bas-le-venezuela-nenvoie-plus-de-petrole","status":"publish","type":"post","link":"https:\/\/www.europesays.com\/fr\/654272\/","title":{"rendered":"\u00c0 Cuba les r\u00e9serves de carburant sont au plus bas, le Venezuela n&rsquo;envoie plus de p\u00e9trole"},"content":{"rendered":"<p class=\"svelte-qfpp5o first-paragraph\">Le 8 janvier 2026, Cuba f\u00eatait le 67e anniversaire de l\u2019arriv\u00e9e de Fidel Castro et son arm\u00e9e rebelle \u00e0 la Havane et le d\u00e9but de la r\u00e9volution \u00e0 Cuba.<\/p>\n<p class=\"svelte-qfpp5o\">Le 4 janvier 2026, aux Etats-Unis, le Pr\u00e9sident Donald Trump, annon\u00e7ait son intention \u00ab\u00a0de prendre Cuba, une nation en d\u00e9clin\u201d qui est d\u00e9pendante du p\u00e9trole du Venezuela.<\/p>\n<p class=\"svelte-qfpp5o\">Le Pr\u00e9sident de Cuba a ripost\u00e9.<\/p>\n<blockquote class=\"quote svelte-15qzpub\">\n<p class=\"text svelte-15qzpub\">\u00ab Cuba n&rsquo;est ni votre arri\u00e8re-cour ni un territoire contest\u00e9. \u00bb<\/p>\n<p> Miguel Diaz-Canel, Pr\u00e9sident de Cuba<\/p><\/blockquote>\n<p>Le Mexique premier source du p\u00e9trole \u00e0 Cuba<\/p>\n<p class=\"svelte-qfpp5o\">Le Mexique est le plus grand exportateur du p\u00e9trole brut \u00e0 Cuba. Selon les chiffres publi\u00e9s dans le Financial Times, le PEMEX, compagnie p\u00e9troli\u00e8re nationale du Mexique exporte 17.200 barils de brut chaque jour vers Cuba, ce qui repr\u00e9sente l&rsquo;\u00e9quivalent d&rsquo;environ 44% des importations de la mati\u00e8re.<\/p>\n<p class=\"svelte-qfpp5o\">Selon la Pr\u00e9sidente du Mexique, Claudia Sheinbaum, ces exportations se font \u201cdans le cadre juridique d&rsquo;un pays souverain\u201d.<\/p>\n<p class=\"svelte-qfpp5o\">La deuxi\u00e8me source c&rsquo;est le Venezuela qui vendait le brut \u00e0 des prix subventionn\u00e9s.  En \u00e9change, Cuba envoyait ses agents de protection et de renseignement ainsi que du personnel m\u00e9dical au Venezuela. <\/p>\n<p class=\"svelte-qfpp5o\">Le Venezuela autorisait Cuba \u00e0 revendre une partie de son p\u00e9trole afin d\u2019injecter les devises \u00e9trang\u00e8res dans les comptes de l&rsquo;\u00e9tat.<\/p>\n<p class=\"svelte-qfpp5o\">La Russie et l\u2019Algerie approvisionnent Cuba en p\u00e9trole brut.<\/p>\n<p>Cuba affaiblie par la crise \u00e9conomique<\/p>\n<p class=\"svelte-qfpp5o\">Depuis plusieurs ann\u00e9es, la situation \u00e0 Cuba est pr\u00e9caire. Le tourisme est en berne, les devises se font rares et les coupures de courant sont quotidiennes.<\/p>\n<p class=\"svelte-qfpp5o\">Dans un entretien avec DW News, le politologue cubain Carlos Alzugaray a affirm\u00e9 que la chute de Nicolas Maduro a cr\u00e9\u00e9 beaucoup plus de probl\u00e8mes pour Cuba.<\/p>\n<blockquote class=\"quote svelte-15qzpub\">\n<p class=\"text svelte-15qzpub\">\u00ab Il n\u2019y a aucun doute que le manque de soutien v\u00e9n\u00e9zu\u00e9lien est un danger et une menace pour Cuba. \u00bb<\/p>\n<p> Carlos Alzugaray, politologue de Cuba<\/p><\/blockquote>\n<p>L&rsquo;\u00e9tau se resserre<\/p>\n<p class=\"svelte-qfpp5o\">Selon les sources cit\u00e9es par 14ymedio, Cuba dispose de suffisamment de carburant pour couvrir ses besoins pour environ 5 jours.<\/p>\n<p class=\"svelte-qfpp5o\">Le pays ne peut pas survivre sans l\u2019apport du brut du Venezuela et les Etats-Unis voie l&rsquo;occasion d&rsquo;\u00e9trangler le r\u00e9gime cubain.<\/p>\n<p class=\"svelte-qfpp5o\">Selon les Havanais, Donald Trump et Marco Rubio, le secr\u00e9taire d\u2019\u00c9tat am\u00e9ricain iront jusqu\u2019au bout du projet de faire tomber le gouvernement de Cuba. <\/p>\n<p class=\"svelte-qfpp5o\">Faute de diesel, les coupures de courant se poursuivent, les transports en commun se font rares et le secteur agricole est en difficult\u00e9. <\/p>\n<p class=\"svelte-qfpp5o\">Les parcs solaires cubains n\u2019ont pas la capacit\u00e9 de combler le manque de p\u00e9trole brut. <\/p>\n<p class=\"svelte-qfpp5o\">L\u2019ann\u00e9e de 2026 s\u2019annonce difficile. Les Cubains sont fatigu\u00e9s de subir les difficult\u00e9s cr\u00e9\u00e9es par le blocus am\u00e9ricain qui est en place depuis plus de 60 ans.<\/p>\n","protected":false},"excerpt":{"rendered":"Le 8 janvier 2026, Cuba f\u00eatait le 67e anniversaire de l\u2019arriv\u00e9e de Fidel Castro et son arm\u00e9e rebelle&hellip;\n","protected":false},"author":2,"featured_media":654273,"comment_status":"","ping_status":"","sticky":false,"template":"","format":"standard","meta":{"footnotes":""},"categories":[5],"tags":[11,1011,27,14,12,28],"class_list":{"0":"post-654272","1":"post","2":"type-post","3":"status-publish","4":"format-standard","5":"has-post-thumbnail","7":"category-international","8":"tag-actualites","9":"tag-fr","10":"tag-france","11":"tag-international","12":"tag-news","13":"tag-world"},"share_on_mastodon":{"url":"https:\/\/pubeurope.com\/@fr\/115871597426174686","error":""},"_links":{"self":[{"href":"https:\/\/www.europesays.com\/fr\/wp-json\/wp\/v2\/posts\/654272","targetHints":{"allow":["GET"]}}],"collection":[{"href":"https:\/\/www.europesays.com\/fr\/wp-json\/wp\/v2\/posts"}],"about":[{"href":"https:\/\/www.europesays.com\/fr\/wp-json\/wp\/v2\/types\/post"}],"author":[{"embeddable":true,"href":"https:\/\/www.europesays.com\/fr\/wp-json\/wp\/v2\/users\/2"}],"replies":[{"embeddable":true,"href":"https:\/\/www.europesays.com\/fr\/wp-json\/wp\/v2\/comments?post=654272"}],"version-history":[{"count":0,"href":"https:\/\/www.europesays.com\/fr\/wp-json\/wp\/v2\/posts\/654272\/revisions"}],"wp:featuredmedia":[{"embeddable":true,"href":"https:\/\/www.europesays.com\/fr\/wp-json\/wp\/v2\/media\/654273"}],"wp:attachment":[{"href":"https:\/\/www.europesays.com\/fr\/wp-json\/wp\/v2\/media?parent=654272"}],"wp:term":[{"taxonomy":"category","embeddable":true,"href":"https:\/\/www.europesays.com\/fr\/wp-json\/wp\/v2\/categories?post=654272"},{"taxonomy":"post_tag","embeddable":true,"href":"https:\/\/www.europesays.com\/fr\/wp-json\/wp\/v2\/tags?post=654272"}],"curies":[{"name":"wp","href":"https:\/\/api.w.org\/{rel}","templated":true}]}}