{"id":654274,"date":"2026-01-10T15:50:13","date_gmt":"2026-01-10T15:50:13","guid":{"rendered":"https:\/\/www.europesays.com\/fr\/654274\/"},"modified":"2026-01-10T15:50:13","modified_gmt":"2026-01-10T15:50:13","slug":"toujours-des-blocages-importants-a-mont-de-marsan-circulation-tres-impactee","status":"publish","type":"post","link":"https:\/\/www.europesays.com\/fr\/654274\/","title":{"rendered":"toujours des blocages importants \u00e0 Mont-de-Marsan, circulation tr\u00e8s impact\u00e9e"},"content":{"rendered":"<p>En effet, des blocages sont en cours sur la rocade de Mont-de-Marsan, notamment au niveau des ronds-points d l\u2019\u00c9chassier, du Grand Moun ou encore du Houga. Les responsables de la CR 40 indiquent sur leurs r\u00e9seaux sociaux que \u00ab\u00a0le centre commercial du Grand Moun reste accessible par la route de Grenade ou encore par le centre-ville\u00a0\u00bb.<\/p>\n<p>Plus en d\u00e9tail, le rond-point de l\u2019\u00c9chassier n\u2019est pas accessible depuis le rond-point de Coumassotte. L\u2019avenue de Morcenx est \u00e9galement ferm\u00e9e depuis le rond-point de l\u2019\u00c9chassier.<\/p>\n<p>\u00c0 Coumassotte, la bretelle d\u2019acc\u00e8s \u00e0 la rocade avait \u00e9t\u00e9 obstru\u00e9e, vendredi soir, par des d\u00e9chets d\u00e9pos\u00e9s par les agriculteurs. Les services des routes l\u2019avaient d\u00e9gag\u00e9e mais de nouveaux d\u00e9versements emp\u00eachent de nouveau la circulation \u00e0 ce niveau-l\u00e0.<\/p>\n<p>Du c\u00f4t\u00e9 du rond-point de la route de Grenade-sur-l\u2019Adour, l\u2019acc\u00e8s est ferm\u00e9 depuis le rond-point de l\u2019\u00c9chassier et celui de la route de Grenade. Seule la circulation par l\u2019avenue John-Kennedy permet de faire le tour de ce giratoire pour pouvoir gagner le Grand Moun. Les manifestants ont fait bouger les lignes, permettant aussi l\u2019acc\u00e8s \u00e0 la zone B\u00e9ziat o\u00f9 se trouvent notamment le magasin Centrakor ou encore le restaurant chinois.<\/p>\n<p>Le rond-point de la route du Houga est totalement ferm\u00e9 et la circulation entre le rond-point de la route Bougue vers celui du Houga est ferm\u00e9e en raison de d\u00e9p\u00f4ts d\u00e9vers\u00e9s sur le premier cit\u00e9.<\/p>\n<p>Un campement<\/p>\n<p>Les manifestants ont \u00e9rig\u00e9 un nouveau campement du c\u00f4t\u00e9 du rond-point de la route de Grenade-sur-l\u2019Adour, non loin du Grand Moun. Dans la matin\u00e9e, une cinquantaine de personnes s\u2019y trouvaient. Selon nos informations, des chasseurs sont venus soutenir le mouvement dans la matin\u00e9e.<\/p>\n<p>Sur le reste du d\u00e9partement, autre difficult\u00e9 signal\u00e9e, sur l\u2019A63 dans le sens nord-sud \u00e0 Ondres. La sortie 8 \u00e0 Capbreton \u00ab\u00a0est fortement conseill\u00e9e pour les v\u00e9hicules l\u00e9gers\u00a0\u00bb.<\/p>\n<p>Les services d\u00e9partementaux des routes sont mobilis\u00e9s, durant tout le week-end, notamment l\u2019Unit\u00e9 territoriale de Villeneuve-de-Marsan renforc\u00e9e par celle de Saint-Sever.<\/p>\n","protected":false},"excerpt":{"rendered":"En effet, des blocages sont en cours sur la rocade de Mont-de-Marsan, notamment au niveau des ronds-points d&hellip;\n","protected":false},"author":2,"featured_media":654275,"comment_status":"","ping_status":"","sticky":false,"template":"","format":"standard","meta":{"footnotes":""},"categories":[4],"tags":[11,1011,27,12,25],"class_list":{"0":"post-654274","1":"post","2":"type-post","3":"status-publish","4":"format-standard","5":"has-post-thumbnail","7":"category-france","8":"tag-actualites","9":"tag-fr","10":"tag-france","11":"tag-news","12":"tag-republique-francaise"},"share_on_mastodon":{"url":"https:\/\/pubeurope.com\/@fr\/115871601427130068","error":""},"_links":{"self":[{"href":"https:\/\/www.europesays.com\/fr\/wp-json\/wp\/v2\/posts\/654274","targetHints":{"allow":["GET"]}}],"collection":[{"href":"https:\/\/www.europesays.com\/fr\/wp-json\/wp\/v2\/posts"}],"about":[{"href":"https:\/\/www.europesays.com\/fr\/wp-json\/wp\/v2\/types\/post"}],"author":[{"embeddable":true,"href":"https:\/\/www.europesays.com\/fr\/wp-json\/wp\/v2\/users\/2"}],"replies":[{"embeddable":true,"href":"https:\/\/www.europesays.com\/fr\/wp-json\/wp\/v2\/comments?post=654274"}],"version-history":[{"count":0,"href":"https:\/\/www.europesays.com\/fr\/wp-json\/wp\/v2\/posts\/654274\/revisions"}],"wp:featuredmedia":[{"embeddable":true,"href":"https:\/\/www.europesays.com\/fr\/wp-json\/wp\/v2\/media\/654275"}],"wp:attachment":[{"href":"https:\/\/www.europesays.com\/fr\/wp-json\/wp\/v2\/media?parent=654274"}],"wp:term":[{"taxonomy":"category","embeddable":true,"href":"https:\/\/www.europesays.com\/fr\/wp-json\/wp\/v2\/categories?post=654274"},{"taxonomy":"post_tag","embeddable":true,"href":"https:\/\/www.europesays.com\/fr\/wp-json\/wp\/v2\/tags?post=654274"}],"curies":[{"name":"wp","href":"https:\/\/api.w.org\/{rel}","templated":true}]}}