{"id":654296,"date":"2026-01-10T16:09:38","date_gmt":"2026-01-10T16:09:38","guid":{"rendered":"https:\/\/www.europesays.com\/fr\/654296\/"},"modified":"2026-01-10T16:09:38","modified_gmt":"2026-01-10T16:09:38","slug":"un-voyage-humanitaire-de-5-000-km-pour-lassociation-partir-offrir","status":"publish","type":"post","link":"https:\/\/www.europesays.com\/fr\/654296\/","title":{"rendered":"un voyage humanitaire de 5\u00a0000\u00a0km pour l\u2019association Partir offrir"},"content":{"rendered":"<p>Les Bischheimois Alain et \u00c9velyne Mantey ont rejoint le groupe de b\u00e9n\u00e9voles de l\u2019association Partir Offrir, partis mi-d\u00e9cembre pour une exp\u00e9dition <a href=\"https:\/\/www.dna.fr\/france-monde\/ukraine\" target=\"_blank\" rel=\"noopener\">en Ukraine<\/a>. Ils ont parcouru pr\u00e8s de 5\u00a0000\u00a0km aller-retour en six jours pour se rapprocher au plus pr\u00e8s des habitants vivant \u00e0 250\u00a0km du front. <a href=\"https:\/\/www.dna.fr\/societe\/2025\/12\/23\/de-bischheim-a-krementchouk-sur-la-route-avec-le-18eme-convoi-humanitaire-pour-l-ukraine\" target=\"_blank\" rel=\"noopener\">Ce 18e convoi humanitaire compos\u00e9 de 12 camionnettes<\/a> est parti du nord de Strasbourg et de Belfort et a regroup\u00e9 27 b\u00e9n\u00e9voles de plusieurs associations caritatives.<\/p>\n<p>Les fourgons ont franchi les fronti\u00e8res allemandes, polonaises et ukrainiennes jusqu\u2019\u00e0 l\u2019h\u00f4pital de Krementchouk. Premier arr\u00eat \u00e0 250\u00a0km apr\u00e8s la capitale, vers le sud, \u00e0 Hannivka, dans l\u2019oblast de Poltava, le long du Dniepr.<\/p>\n<p>Ce contenu est bloqu\u00e9 car vous n&rsquo;avez pas accept\u00e9 les cookies et autres traceurs.<\/p>\n<p>En cliquant sur \u00ab J\u2019accepte \u00bb, les cookies et autres traceurs seront d\u00e9pos\u00e9s et vous pourrez visualiser les contenus  (<a href=\"\" class=\"consentModule_policy\" target=\"_blank\" title=\"Consulter la politique de protection des donn\u00e9es du fournisseur\">plus d&rsquo;informations<\/a>).<\/p>\n<p>En cliquant sur \u00ab J\u2019accepte tous les cookies \u00bb, vous autorisez des d\u00e9p\u00f4ts de cookies et autres traceurs pour le stockage de vos donn\u00e9es sur nos sites et applications \u00e0 des fins de personnalisation et de ciblage publicitaire.<\/p>\n<p class=\"consentModule_secondaryText\">Vous gardez la possibilit\u00e9 de retirer votre consentement \u00e0 tout moment en consultant notre <a href=\"https:\/\/www.dna.fr\/protection-des-donnees\" target=\"_blank\" title=\"Consulter notre politique de protection des donn\u00e9es\" rel=\"noopener\">politique de protection des donn\u00e9es<\/a>. <br \/>&#13;<br \/>\n            <a href=\"https:\/\/www.dna.fr\/societe\/2026\/01\/09\/javascript:Didomi.notice.show()\" class=\"consentModule_cmp\" target=\"_blank\" rel=\"noopener\">G\u00e9rer mes choix<\/a>&#13;\n        <\/p>\n<p>&#13;<br \/>\n                        J&rsquo;accepte&#13;<br \/>\n            J&rsquo;accepte tous les cookies&#13;\n        <\/p>\n<p>  Un prochain convoi du 7 au 14\u00a0f\u00e9vrier<\/p>\n<p>Dans ce village, un pasteur a ouvert la maison de la Mis\u00e9ricorde o\u00f9 arrivent les laiss\u00e9s-pour-compte de la r\u00e9gion. Plusieurs haltes ont \u00e9t\u00e9 organis\u00e9es pour livrer 15 tonnes de marchandises\u00a0: 13 meules de fromage suisse, des jus de fruits, des c\u0153urs en pains d\u2019\u00e9pices, 30 extincteurs, des produits d\u2019hygi\u00e8ne et de sant\u00e9, des couches b\u00e9b\u00e9s et adultes, des fauteuils roulants, des conserves et des bo\u00eetes de lait\u2026 Des produits de premi\u00e8re n\u00e9cessit\u00e9, mais aussi des douceurs et des cadeaux pour les enfants hospitalis\u00e9s.<\/p>\n<p>Le prochain convoi est pr\u00e9vu du 7 au 14\u00a0f\u00e9vrier. Tous les dons sont bienvenus, l\u2019association esp\u00e8re acqu\u00e9rir des groupes \u00e9lectrog\u00e8nes et du mat\u00e9riel m\u00e9dical en plus des vivres.<\/p>\n<p class=\"note\">Association Partir Offrir de Montb\u00e9liard &#8211; https:\/\/partir-offrir.fr\u00a0; Association Ensemble-Razom de Bischheim \u2013 alain.mantey@gmail.com &#8211; 06\u00a008\u00a091\u00a091\u00a099<\/p>\n","protected":false},"excerpt":{"rendered":"Les Bischheimois Alain et \u00c9velyne Mantey ont rejoint le groupe de b\u00e9n\u00e9voles de l\u2019association Partir Offrir, partis mi-d\u00e9cembre&hellip;\n","protected":false},"author":2,"featured_media":654297,"comment_status":"","ping_status":"","sticky":false,"template":"","format":"standard","meta":{"footnotes":""},"categories":[2820],"tags":[1111,11,13205,2880,1777,674,107,1011,27,775,12,25,104,640,3265,1631],"class_list":{"0":"post-654296","1":"post","2":"type-post","3":"status-publish","4":"format-standard","5":"has-post-thumbnail","7":"category-strasbourg","8":"tag-actu","9":"tag-actualites","10":"tag-bischheim","11":"tag-edition-strasbourg","12":"tag-eu","13":"tag-europe","14":"tag-fil-info","15":"tag-fr","16":"tag-france","17":"tag-grand-est","18":"tag-news","19":"tag-republique-francaise","20":"tag-societe","21":"tag-strasbourg","22":"tag-strasbourg-nord","23":"tag-vie-associative"},"share_on_mastodon":{"url":"https:\/\/pubeurope.com\/@fr\/115871676118641255","error":""},"_links":{"self":[{"href":"https:\/\/www.europesays.com\/fr\/wp-json\/wp\/v2\/posts\/654296","targetHints":{"allow":["GET"]}}],"collection":[{"href":"https:\/\/www.europesays.com\/fr\/wp-json\/wp\/v2\/posts"}],"about":[{"href":"https:\/\/www.europesays.com\/fr\/wp-json\/wp\/v2\/types\/post"}],"author":[{"embeddable":true,"href":"https:\/\/www.europesays.com\/fr\/wp-json\/wp\/v2\/users\/2"}],"replies":[{"embeddable":true,"href":"https:\/\/www.europesays.com\/fr\/wp-json\/wp\/v2\/comments?post=654296"}],"version-history":[{"count":0,"href":"https:\/\/www.europesays.com\/fr\/wp-json\/wp\/v2\/posts\/654296\/revisions"}],"wp:featuredmedia":[{"embeddable":true,"href":"https:\/\/www.europesays.com\/fr\/wp-json\/wp\/v2\/media\/654297"}],"wp:attachment":[{"href":"https:\/\/www.europesays.com\/fr\/wp-json\/wp\/v2\/media?parent=654296"}],"wp:term":[{"taxonomy":"category","embeddable":true,"href":"https:\/\/www.europesays.com\/fr\/wp-json\/wp\/v2\/categories?post=654296"},{"taxonomy":"post_tag","embeddable":true,"href":"https:\/\/www.europesays.com\/fr\/wp-json\/wp\/v2\/tags?post=654296"}],"curies":[{"name":"wp","href":"https:\/\/api.w.org\/{rel}","templated":true}]}}