{"id":654302,"date":"2026-01-10T16:13:09","date_gmt":"2026-01-10T16:13:09","guid":{"rendered":"https:\/\/www.europesays.com\/fr\/654302\/"},"modified":"2026-01-10T16:13:09","modified_gmt":"2026-01-10T16:13:09","slug":"un-feu-de-scooter-dans-un-parking-souterrain-les-habitants-confines","status":"publish","type":"post","link":"https:\/\/www.europesays.com\/fr\/654302\/","title":{"rendered":"un feu de scooter dans un parking souterrain, les habitants confin\u00e9s"},"content":{"rendered":"<p>                    Par<br \/>\n        <strong><br \/>\n            <a href=\"https:\/\/actu.fr\/auteur\/thomas-bernard\" title=\"Consulter tous les articles de Thomas Bernard\" target=\"_blank\" rel=\"noopener\">Thomas Bernard<\/a><br \/>\n                    <\/strong><\/p>\n<p>        Publi\u00e9 le<\/p>\n<p>            10 janv. 2026 \u00e0 15h13        <\/p>\n<p>Peu avant 8\u2009h, <b>ce samedi 10\u00a0janvier 2026<\/b>, les pompiers sont intervenus avenue Louise-Michel, \u00e0 <a href=\"https:\/\/actu.fr\/pays-de-la-loire\/reze_44143\" target=\"_blank\" rel=\"noopener\">Rez\u00e9<\/a>, commune situ\u00e9e au sud de Nantes, pour \u00ab\u2009un d\u00e9gagement de fum\u00e9e provenant du parking souterrain d\u2019environ 1\u2009500 m\u00b2\u00bb d\u2019un immeuble d\u2019habitations de six \u00e9tages.<\/p>\n<p>    <a href=\"https:\/\/www.google.com\/maps\/embed?pb=!1m18!1m12!1m3!1d2065.364453253826!2d-1.549160132106061!3d47.18814890546829!2m3!1f0!2f0!3f0!3m2!1i1024!2i768!4f13.1!3m3!1m2!1s0x4805e95cbbb9d3d3%3A0x8f576e92c359b45c!2sAv.%20Louise%20Michel%2C%2044400%20Rez%C3%A9!5e1!3m2!1sfr!2sfr!4v1768053716233!5m2!1sfr!2sfr\" title=\"Ouvrie le lien\" target=\"_blank\" rel=\"noopener\">Cliquez ici pour visualiser le contenu<\/a><\/p>\n<p>Les habitants de la r\u00e9sidence confin\u00e9s<\/p>\n<p class=\" wall-content\">\u00ab\u2009L\u2019origine du sinistre \u00e9tait <b>un feu de scooter \u00e9teint par les deux \u00e9quipes de reconnaissance incendie<\/b> appuy\u00e9es par l\u2019unit\u00e9 sp\u00e9cialis\u00e9e Exploration Longue Distance\u2009\u00bb, indique le centre op\u00e9rationnel d\u00e9partemental d\u2019incendie et de secours (CODIS).<\/p>\n<p class=\" wall-content\">Par mesure de s\u00e9curit\u00e9, les habitants de la r\u00e9sidence ont \u00e9t\u00e9 confin\u00e9s dans leurs logements pendant la phase de reconnaissance. Au total, <b>27 sapeurs-pompiers ont \u00e9t\u00e9 mobilis\u00e9s<\/b>.<\/p>\n<p class=\" wall-content\">Personnalisez votre actualit\u00e9 en ajoutant vos villes et m\u00e9dias en favori avec <a href=\"https:\/\/moncompte.actu.fr\" title=\"D\u00e9couvez Mon Actu\" rel=\"nofollow noopener\" data-trk=\"{&quot;cta&quot;:{&quot;action&quot;:&quot;https:\\\/\\\/moncompte.actu.fr&quot;,&quot;category&quot;:&quot;mon compte&quot;,&quot;from&quot;:&quot;article footer&quot;,&quot;name&quot;:&quot;Mon actu&quot;,&quot;type&quot;:&quot;cta&quot;}}\" target=\"_blank\">Mon Actu<\/a>.<\/p>\n","protected":false},"excerpt":{"rendered":"Par Thomas Bernard Publi\u00e9 le 10 janv. 2026 \u00e0 15h13 Peu avant 8\u2009h, ce samedi 10\u00a0janvier 2026, les&hellip;\n","protected":false},"author":2,"featured_media":654303,"comment_status":"","ping_status":"","sticky":false,"template":"","format":"standard","meta":{"footnotes":""},"categories":[2818],"tags":[1111,11,1777,674,118,1011,27,1310,766,12,2636,1311,25],"class_list":{"0":"post-654302","1":"post","2":"type-post","3":"status-publish","4":"format-standard","5":"has-post-thumbnail","7":"category-nantes","8":"tag-actu","9":"tag-actualites","10":"tag-eu","11":"tag-europe","12":"tag-faits-divers","13":"tag-fr","14":"tag-france","15":"tag-incendie","16":"tag-nantes","17":"tag-news","18":"tag-pays-de-la-loire","19":"tag-pompiers","20":"tag-republique-francaise"},"share_on_mastodon":{"url":"https:\/\/pubeurope.com\/@fr\/115871691843028151","error":""},"_links":{"self":[{"href":"https:\/\/www.europesays.com\/fr\/wp-json\/wp\/v2\/posts\/654302","targetHints":{"allow":["GET"]}}],"collection":[{"href":"https:\/\/www.europesays.com\/fr\/wp-json\/wp\/v2\/posts"}],"about":[{"href":"https:\/\/www.europesays.com\/fr\/wp-json\/wp\/v2\/types\/post"}],"author":[{"embeddable":true,"href":"https:\/\/www.europesays.com\/fr\/wp-json\/wp\/v2\/users\/2"}],"replies":[{"embeddable":true,"href":"https:\/\/www.europesays.com\/fr\/wp-json\/wp\/v2\/comments?post=654302"}],"version-history":[{"count":0,"href":"https:\/\/www.europesays.com\/fr\/wp-json\/wp\/v2\/posts\/654302\/revisions"}],"wp:featuredmedia":[{"embeddable":true,"href":"https:\/\/www.europesays.com\/fr\/wp-json\/wp\/v2\/media\/654303"}],"wp:attachment":[{"href":"https:\/\/www.europesays.com\/fr\/wp-json\/wp\/v2\/media?parent=654302"}],"wp:term":[{"taxonomy":"category","embeddable":true,"href":"https:\/\/www.europesays.com\/fr\/wp-json\/wp\/v2\/categories?post=654302"},{"taxonomy":"post_tag","embeddable":true,"href":"https:\/\/www.europesays.com\/fr\/wp-json\/wp\/v2\/tags?post=654302"}],"curies":[{"name":"wp","href":"https:\/\/api.w.org\/{rel}","templated":true}]}}