{"id":654306,"date":"2026-01-10T16:15:09","date_gmt":"2026-01-10T16:15:09","guid":{"rendered":"https:\/\/www.europesays.com\/fr\/654306\/"},"modified":"2026-01-10T16:15:09","modified_gmt":"2026-01-10T16:15:09","slug":"une-centaine-doffres-deja-disponibles-pour-des-jobs-dete-au-bord-de-locean-en-gironde","status":"publish","type":"post","link":"https:\/\/www.europesays.com\/fr\/654306\/","title":{"rendered":"Une centaine d&rsquo;offres d\u00e9j\u00e0 disponibles pour des jobs d&rsquo;\u00e9t\u00e9 au bord de l&rsquo;oc\u00e9an en Gironde"},"content":{"rendered":"<p>                    Par<br \/>\n        <strong><br \/>\n            <a href=\"https:\/\/actu.fr\/auteur\/juliette-cardinale\" title=\"Consulter tous les articles de Juliette Cardinale\" target=\"_blank\" rel=\"noopener\">Juliette Cardinale<\/a><br \/>\n                    <\/strong><\/p>\n<p>        Publi\u00e9 le<\/p>\n<p>            10 janv. 2026 \u00e0 15h32        <\/p>\n<p>\u00c0 la recherche d\u2019un emploi saisonnier, ou en reconversion professionnelle, dans le M\u00e9doc\u2009? Un <strong>job dating<\/strong> est organis\u00e9 le jeudi 22\u00a0janvier 2026 <a href=\"https:\/\/actu.fr\/bordeaux\/\" target=\"_blank\" rel=\"noopener\">\u00e0 Bordeaux<\/a> par l\u2019Office de Tourisme M\u00e9doc Atlantique. Une centaine d\u2019offres seront propos\u00e9es pour la saison estivale.<\/p>\n<p>Des postes et profils vari\u00e9s<\/p>\n<p class=\" wall-content\">Les postes propos\u00e9s seront vari\u00e9s\u2009: accueil, service, animation, cuisine, entretien, gestion de site\u2026 Pour les int\u00e9ress\u00e9s, le rendez-vous est donn\u00e9 <strong>de 14h \u00e0 19h<\/strong> au sein de l\u2019h\u00f4tel Vatel Bordeaux, situ\u00e9 4 cours du M\u00e9doc. Il est <strong>gratuit et accessible \u00e0 tous,<\/strong> sans inscription pr\u00e9alable.<\/p>\n<p class=\" wall-content\">\u00ab\u2009\u00c9tudiants, jeunes dipl\u00f4m\u00e9s, demandeurs d\u2019emploi ou personnes en reconversion pourront, en un m\u00eame lieu et au cours d\u2019un apr\u00e8s-midi, rencontrer une <strong>quinzaine d\u2019employeurs partenaires<\/strong> de la destination M\u00e9doc Atlantique\u2009\u00bb, indique <a href=\"https:\/\/www.medoc-atlantique.com\/\" target=\"_blank\" rel=\"noopener\">l\u2019Office de Tourisme.<\/a><\/p>\n<p class=\" wall-content\">Parmi les recruteurs pr\u00e9sents, on retrouvera les campings Yelloh\u2009! Village Les Grands Pins <a href=\"https:\/\/actu.fr\/nouvelle-aquitaine\/lacanau_33214\" target=\"_blank\" rel=\"noopener\">\u00e0 Lacanau,<\/a> le Camping de l\u2019Oc\u00e9an \u00e0 Carcans ou encore le restaurant Les Fr\u00e8res Nicoll\u2019s <strong>\u00e0 Soulac-sur-Mer.<\/strong><\/p>\n<p class=\" wall-content\">Les candidats seront libres \u00ab\u2009de circuler entre les stands des recruteurs, de se pr\u00e9senter, de <strong>d\u00e9poser son CV<\/strong> et de passer des entretiens courts\u2009\u00bb. Des <strong>entretiens plus approfondis<\/strong> pourront ensuite \u00eatre organis\u00e9s.<\/p>\n<p class=\" wall-content\">\u00ab\u2009Des \u00e9changes <strong>moins formels et plus spontan\u00e9s<\/strong> que dans le cadre d\u2019un entretien de recrutement classique, nous permettant de mieux percevoir la motivation des candidats\u2009\u00bb, indique Vincent Eap, responsable du Camping &amp; Spa l\u2019Oc\u00e9an Airotel \u00e0 Lacanau.<\/p>\n<p class=\" wall-content\">Personnalisez votre actualit\u00e9 en ajoutant vos villes et m\u00e9dias en favori avec <a href=\"https:\/\/moncompte.actu.fr\" title=\"D\u00e9couvez Mon Actu\" rel=\"nofollow noopener\" data-trk=\"{&quot;cta&quot;:{&quot;action&quot;:&quot;https:\\\/\\\/moncompte.actu.fr&quot;,&quot;category&quot;:&quot;mon compte&quot;,&quot;from&quot;:&quot;article footer&quot;,&quot;name&quot;:&quot;Mon actu&quot;,&quot;type&quot;:&quot;cta&quot;}}\" target=\"_blank\">Mon Actu<\/a>.<\/p>\n","protected":false},"excerpt":{"rendered":"Par Juliette Cardinale Publi\u00e9 le 10 janv. 2026 \u00e0 15h32 \u00c0 la recherche d\u2019un emploi saisonnier, ou en&hellip;\n","protected":false},"author":2,"featured_media":654307,"comment_status":"","ping_status":"","sticky":false,"template":"","format":"standard","meta":{"footnotes":""},"categories":[2817],"tags":[1111,11,1997,341,10593,1777,674,1011,27,5113,12,2219,25,104],"class_list":{"0":"post-654306","1":"post","2":"type-post","3":"status-publish","4":"format-standard","5":"has-post-thumbnail","7":"category-bordeaux","8":"tag-actu","9":"tag-actualites","10":"tag-bordeaux","11":"tag-emploi","12":"tag-emplois-saisonniers","13":"tag-eu","14":"tag-europe","15":"tag-fr","16":"tag-france","17":"tag-job-dating","18":"tag-news","19":"tag-nouvelle-aquitaine","20":"tag-republique-francaise","21":"tag-societe"},"share_on_mastodon":{"url":"https:\/\/pubeurope.com\/@fr\/115871699780350904","error":""},"_links":{"self":[{"href":"https:\/\/www.europesays.com\/fr\/wp-json\/wp\/v2\/posts\/654306","targetHints":{"allow":["GET"]}}],"collection":[{"href":"https:\/\/www.europesays.com\/fr\/wp-json\/wp\/v2\/posts"}],"about":[{"href":"https:\/\/www.europesays.com\/fr\/wp-json\/wp\/v2\/types\/post"}],"author":[{"embeddable":true,"href":"https:\/\/www.europesays.com\/fr\/wp-json\/wp\/v2\/users\/2"}],"replies":[{"embeddable":true,"href":"https:\/\/www.europesays.com\/fr\/wp-json\/wp\/v2\/comments?post=654306"}],"version-history":[{"count":0,"href":"https:\/\/www.europesays.com\/fr\/wp-json\/wp\/v2\/posts\/654306\/revisions"}],"wp:featuredmedia":[{"embeddable":true,"href":"https:\/\/www.europesays.com\/fr\/wp-json\/wp\/v2\/media\/654307"}],"wp:attachment":[{"href":"https:\/\/www.europesays.com\/fr\/wp-json\/wp\/v2\/media?parent=654306"}],"wp:term":[{"taxonomy":"category","embeddable":true,"href":"https:\/\/www.europesays.com\/fr\/wp-json\/wp\/v2\/categories?post=654306"},{"taxonomy":"post_tag","embeddable":true,"href":"https:\/\/www.europesays.com\/fr\/wp-json\/wp\/v2\/tags?post=654306"}],"curies":[{"name":"wp","href":"https:\/\/api.w.org\/{rel}","templated":true}]}}