{"id":654310,"date":"2026-01-10T16:17:08","date_gmt":"2026-01-10T16:17:08","guid":{"rendered":"https:\/\/www.europesays.com\/fr\/654310\/"},"modified":"2026-01-10T16:17:08","modified_gmt":"2026-01-10T16:17:08","slug":"il-a-marque-des-generations-deleves","status":"publish","type":"post","link":"https:\/\/www.europesays.com\/fr\/654310\/","title":{"rendered":"il a marqu\u00e9 des g\u00e9n\u00e9rations d&rsquo;\u00e9l\u00e8ves"},"content":{"rendered":"<p>                    Par<br \/>\n        <strong><br \/>\n            <a href=\"https:\/\/actu.fr\/auteur\/david-saint-sernin\" title=\"Consulter tous les articles de David Saint-Sernin\" target=\"_blank\" rel=\"noopener\">David Saint-Sernin<\/a><br \/>\n                    <\/strong><\/p>\n<p>        Publi\u00e9 le<\/p>\n<p>            10 janv. 2026 \u00e0 13h13        <\/p>\n<p>Ses<strong> obs\u00e8ques<\/strong> ont lieu ce samedi 10 janvier \u00e0 14 heures \u00e0 la Cath\u00e9drale Saint-\u00c9tienne de <strong>Toulouse<\/strong>. Ils seront alors certainement nombreux \u00e0 rendre hommage \u00e0 <strong>Henry Roussillon,<\/strong> l\u2019ancien pr\u00e9sident de<a href=\"https:\/\/actu.fr\/tag\/universite-toulouse-1-capitole\" target=\"_blank\" rel=\"noopener\"> l\u2019universit\u00e9 Toulouse Capitole<\/a> entre\u00a02003 et\u00a02008, d\u00e9c\u00e9d\u00e9 ce 5\u00a0janvier 2026 \u00e0 l\u2019\u00e2ge de <strong>81\u00a0ans.<\/strong><\/p>\n<p class=\" wall-content\">\u00ab\u2009Professeur de droit public, il a pr\u00e9sid\u00e9 notre \u00e9tablissement de 2003 \u00e0 2008 et a marqu\u00e9 durablement l\u2019institution par son engagement, la rigueur de sa pens\u00e9e et son attachement au service public\u2009\u00bb, a r\u00e9agi l\u2019universit\u00e9 Toulouse Capitole qui revient ensuite sur le parcours de cette personnalit\u00e9 marquante de \u00ab\u2009l\u2019Arsenal\u2009\u00bb.<\/p>\n<p>Pr\u00e9sident de l\u2019universit\u00e9 entre\u00a02003 et\u00a02008<\/p>\n<p class=\" wall-content\">\u00ab\u2009Dipl\u00f4m\u00e9 de l\u2019Institut d\u2019\u00e9tudes politiques de Toulouse en 1964 et du coll\u00e8ge f\u00e9d\u00e9raliste europ\u00e9en d\u2019Aoste en Italie en 1966, Henry Roussilon a obtenu un DES de droit public et un DES de sciences politiques puis a \u00e9t\u00e9 agr\u00e9g\u00e9 de droit public et science politique en 1974. De 1965 \u00e0 1974, il a \u00e9t\u00e9 assistant puis charg\u00e9 de cours \u00e0 la Facult\u00e9 de droit de Toulouse. Il a enseign\u00e9 ensuite \u00e0 la Facult\u00e9 de droit de Tunis. En 1978, il revient en France et devient professeur dans notre Universit\u00e9\u2009\u00bb, rappelle l\u2019universit\u00e9.<\/p>\n<p class=\" wall-content\">Apr\u00e8s avoir \u00e9t\u00e9 doyen de la Facult\u00e9 de droit, Henry Roussillon avait pris la direction de l\u2019Universit\u00e9 Toulouse Capitole<strong> de novembre\u00a02003 \u00e0 juin\u00a02008<\/strong>.<\/p>\n<p class=\" wall-content\">\n<p>\u00ab\u2009Dans un moment d\u00e9cisif pour l\u2019universit\u00e9 fran\u00e7aise\u2009\u00bb<\/p>\n<p class=\" wall-content\">\u00ab\u2009Il a exerc\u00e9 ses fonctions \u00e0 un <strong>moment d\u00e9cisif<\/strong> pour l\u2019universit\u00e9 fran\u00e7aise, marqu\u00e9 par l\u2019affirmation de <strong>l\u2019autonomie<\/strong> des \u00e9tablissements, la r\u00e9forme de leur gouvernance et la recomposition du paysage universitaire. Il a accompagn\u00e9 ces transformations avec rigueur et sens des responsabilit\u00e9s, en veillant constamment \u00e0 pr\u00e9server et \u00e0 d\u00e9fendre <strong>l\u2019identit\u00e9 propre<\/strong> de notre Universit\u00e9\u2009\u00bb, raconte l\u2019universit\u00e9.<\/p>\n<p class=\" wall-content\">Bruno Sire lui avait succ\u00e9d\u00e9 en 2008.<\/p>\n<p>Vid\u00e9os : en ce moment sur ActuDes hommages nombreux<\/p>\n<p class=\" wall-content\">Sur les r\u00e9seaux sociaux, personnalit\u00e9s comme anciens \u00e9l\u00e8ves lui ont rendu hommage\u2009:\u00a0\u00ab\u2009Aujourd\u2019hui, je suis triste. Mon directeur de th\u00e8se le pr\u00e9sident et doyen Henry Roussillon vient de d\u00e9c\u00e9der. Il aura beaucoup compt\u00e9 pour moi et m\u2019aura appris l\u2019Universit\u00e9. Il \u00e9tait une<strong> figure paternelle<\/strong>. Une pens\u00e9e pour Dominique et ses enfants\u2009\u00bb, a r\u00e9agi l\u2019\u00e9lu \u00e0 la mairie de Toulouse et professeur \u00e0 l\u2019Universit\u00e9 Toulouse Capitole,<strong> Pierre Esplugas.<\/strong><\/p>\n<p class=\" wall-content\">\u00ab\u2009Tr\u00e8s triste de cette disparition, j\u2019ai eu <strong>la chance de l\u2019avoir comme professeur de droit<\/strong> constitutionnel. Ses cours \u00e9taient toujours passionnants et il savait les faire vivre. J\u2019en garde un excellent souvenir\u2009\u00bb, t\u00e9moigne Marie-Line sur Facebook.<\/p>\n<p>Votre r\u00e9gion, votre actu !<\/p>\n<p>Recevez chaque jour les infos qui comptent pour vous.<\/p>\n<p>\t<a href=\"https:\/\/actu.fr\/newsletter\" class=\"ac-btn ac-btn--corner ac-btn--medium ac-btn--blue800\" target=\"_blank\" rel=\"noopener\">S&rsquo;incrire<\/a><\/p>\n<p class=\" wall-content\">\u00ab\u2009Il savait rendre le droit constitutionnel <strong>passionnant<\/strong>. Je garde un souvenir intact de ses cours, c\u2019\u00e9tait un <strong>excellent professeur<\/strong>. C\u2019est une triste nouvelle\u2009\u00bb, se rappelle Audrey.<\/p>\n<p class=\" wall-content\">\u00ab\u2009Je garde le souvenir d\u2019un <strong>professeur accessible<\/strong> mais \u00e9galement jovial en toutes circonstances\u2009\u00bb, assure Jean-S\u00e9bastien.<\/p>\n<p class=\" wall-content\">\u00ab\u2009Il avait tellement de joie \u00e0 communiquer, beaucoup de plaisir. S\u2019il me reste quelques souvenirs de professeurs \u00e9m\u00e9rites se comptant sur le doigt d\u2019une main, assur\u00e9ment il est dedans, <strong>chapeau professeur\u2009\u00bb<\/strong>, synth\u00e9tise H\u00e9l\u00e8ne.<\/p>\n<p class=\" wall-content\">Personnalisez votre actualit\u00e9 en ajoutant vos villes et m\u00e9dias en favori avec <a href=\"https:\/\/moncompte.actu.fr\" title=\"D\u00e9couvez Mon Actu\" rel=\"nofollow noopener\" data-trk=\"{&quot;cta&quot;:{&quot;action&quot;:&quot;https:\\\/\\\/moncompte.actu.fr&quot;,&quot;category&quot;:&quot;mon compte&quot;,&quot;from&quot;:&quot;article footer&quot;,&quot;name&quot;:&quot;Mon actu&quot;,&quot;type&quot;:&quot;cta&quot;}}\" target=\"_blank\">Mon Actu<\/a>.<\/p>\n","protected":false},"excerpt":{"rendered":"Par David Saint-Sernin Publi\u00e9 le 10 janv. 2026 \u00e0 13h13 Ses obs\u00e8ques ont lieu ce samedi 10 janvier&hellip;\n","protected":false},"author":2,"featured_media":654311,"comment_status":"","ping_status":"","sticky":false,"template":"","format":"standard","meta":{"footnotes":""},"categories":[2816],"tags":[1111,11,1777,674,1011,27,12,2680,25,104,2312,7171],"class_list":{"0":"post-654310","1":"post","2":"type-post","3":"status-publish","4":"format-standard","5":"has-post-thumbnail","7":"category-toulouse","8":"tag-actu","9":"tag-actualites","10":"tag-eu","11":"tag-europe","12":"tag-fr","13":"tag-france","14":"tag-news","15":"tag-occitanie","16":"tag-republique-francaise","17":"tag-societe","18":"tag-toulouse","19":"tag-universite-toulouse-1-capitole"},"share_on_mastodon":{"url":"https:\/\/pubeurope.com\/@fr\/115871707650604674","error":""},"_links":{"self":[{"href":"https:\/\/www.europesays.com\/fr\/wp-json\/wp\/v2\/posts\/654310","targetHints":{"allow":["GET"]}}],"collection":[{"href":"https:\/\/www.europesays.com\/fr\/wp-json\/wp\/v2\/posts"}],"about":[{"href":"https:\/\/www.europesays.com\/fr\/wp-json\/wp\/v2\/types\/post"}],"author":[{"embeddable":true,"href":"https:\/\/www.europesays.com\/fr\/wp-json\/wp\/v2\/users\/2"}],"replies":[{"embeddable":true,"href":"https:\/\/www.europesays.com\/fr\/wp-json\/wp\/v2\/comments?post=654310"}],"version-history":[{"count":0,"href":"https:\/\/www.europesays.com\/fr\/wp-json\/wp\/v2\/posts\/654310\/revisions"}],"wp:featuredmedia":[{"embeddable":true,"href":"https:\/\/www.europesays.com\/fr\/wp-json\/wp\/v2\/media\/654311"}],"wp:attachment":[{"href":"https:\/\/www.europesays.com\/fr\/wp-json\/wp\/v2\/media?parent=654310"}],"wp:term":[{"taxonomy":"category","embeddable":true,"href":"https:\/\/www.europesays.com\/fr\/wp-json\/wp\/v2\/categories?post=654310"},{"taxonomy":"post_tag","embeddable":true,"href":"https:\/\/www.europesays.com\/fr\/wp-json\/wp\/v2\/tags?post=654310"}],"curies":[{"name":"wp","href":"https:\/\/api.w.org\/{rel}","templated":true}]}}