{"id":654312,"date":"2026-01-10T16:18:11","date_gmt":"2026-01-10T16:18:11","guid":{"rendered":"https:\/\/www.europesays.com\/fr\/654312\/"},"modified":"2026-01-10T16:18:11","modified_gmt":"2026-01-10T16:18:11","slug":"angers-tfc-changement-de-derniere-minute-dans-le-onze-de-depart-toulousain-un-titulaire-est-malade","status":"publish","type":"post","link":"https:\/\/www.europesays.com\/fr\/654312\/","title":{"rendered":"Angers \u2013 TFC\u00a0: changement de derni\u00e8re minute dans le onze de d\u00e9part toulousain, un titulaire est malade"},"content":{"rendered":"<p>\n                                                                    l&rsquo;essentiel<br \/>\n                                                                Le TFC a \u00e9t\u00e9 contraint d\u2019op\u00e9rer un changement de derni\u00e8re minute dans son onze de d\u00e9part ce samedi 10\u00a0janvier \u00e0 Angers, o\u00f9 il dispute son 16e de finale de Coupe de France.\n                            <\/p>\n<p>Nouvelle tuile pour le TFC. D\u00e9j\u00e0 priv\u00e9s de nombreux joueurs importants (Nicolaisen, Sidib\u00e9, Emersonn, Magri, Methalie, Francis\u2026), les Toulousains ont perdu un nouveau joueur \u00e0 quelques minutes du coup d\u2019envoi de leur 16e de finale de la Coupe de France, ce samedi \u00e0 Angers.<\/p>\n<p class=\"std-elt__inline\">\n        <strong>\u00c0 lire aussi :<\/strong><br \/>\n        <a href=\"https:\/\/www.ladepeche.fr\/2026\/01\/10\/direct-angers-tfc-toulouse-ambitieux-les-violets-visent-les-8es-de-finale-de-la-coupe-de-france-suivez-le-quart-de-finale-en-live-13154384.php\" target=\"_blank\" rel=\"noopener\">DIRECT. Angers-TFC\u00a0: Toulouse toujours devant dans les derni\u00e8res minutes\u00a0! Suivez le 16e de finale de Coupe de France en live<\/a>\n    <\/p>\n<p>Alors qu\u2019il avait initialement \u00e9t\u00e9 annonc\u00e9 titulaire, le Norv\u00e9gien Warren Kamanzi a finalement \u00e9t\u00e9 contraint de c\u00e9der sa place. Le d\u00e9fenseur de 25 ans s\u2019\u00e9tait pourtant \u00e9chauff\u00e9 sur la pelouse du stade\u00a0Raymond-Kopa, mais, malade, il a \u00e9t\u00e9 contraint de renoncer \u00e0 quelques minutes du coup d\u2019envoi, pr\u00e9vu \u00e0 15h30. C\u2019est Noah Edjouma qui l\u2019a remplac\u00e9 dans le onze de d\u00e9part. Le TFC a annonc\u00e9 ce changement sur ses r\u00e9seaux sociaux \u00e0 15h31.<\/p>\n<p>Autre information importante concernant la composition toulousaine\u00a0: la premi\u00e8re titularisation de Pape Demba Diop, derni\u00e8re recrue toulousaine en date. Le milieu de terrain s\u00e9n\u00e9galais, pr\u00eat\u00e9 par Strasbourg, est arriv\u00e9 mercredi 78 janvier dans la Ville rose. Cristian Casseres, lui, est rempla\u00e7ant.<\/p>\n","protected":false},"excerpt":{"rendered":"l&rsquo;essentiel Le TFC a \u00e9t\u00e9 contraint d\u2019op\u00e9rer un changement de derni\u00e8re minute dans son onze de d\u00e9part ce&hellip;\n","protected":false},"author":2,"featured_media":654313,"comment_status":"","ping_status":"","sticky":false,"template":"","format":"standard","meta":{"footnotes":""},"categories":[2816],"tags":[1111,11,1777,674,63,1011,27,2722,12,2680,25,517,2312,68922],"class_list":{"0":"post-654312","1":"post","2":"type-post","3":"status-publish","4":"format-standard","5":"has-post-thumbnail","7":"category-toulouse","8":"tag-actu","9":"tag-actualites","10":"tag-eu","11":"tag-europe","12":"tag-football","13":"tag-fr","14":"tag-france","15":"tag-haute-garonne","16":"tag-news","17":"tag-occitanie","18":"tag-republique-francaise","19":"tag-sport","20":"tag-toulouse","21":"tag-toulouse-football-club"},"share_on_mastodon":{"url":"https:\/\/pubeurope.com\/@fr\/115871711487360133","error":""},"_links":{"self":[{"href":"https:\/\/www.europesays.com\/fr\/wp-json\/wp\/v2\/posts\/654312","targetHints":{"allow":["GET"]}}],"collection":[{"href":"https:\/\/www.europesays.com\/fr\/wp-json\/wp\/v2\/posts"}],"about":[{"href":"https:\/\/www.europesays.com\/fr\/wp-json\/wp\/v2\/types\/post"}],"author":[{"embeddable":true,"href":"https:\/\/www.europesays.com\/fr\/wp-json\/wp\/v2\/users\/2"}],"replies":[{"embeddable":true,"href":"https:\/\/www.europesays.com\/fr\/wp-json\/wp\/v2\/comments?post=654312"}],"version-history":[{"count":0,"href":"https:\/\/www.europesays.com\/fr\/wp-json\/wp\/v2\/posts\/654312\/revisions"}],"wp:featuredmedia":[{"embeddable":true,"href":"https:\/\/www.europesays.com\/fr\/wp-json\/wp\/v2\/media\/654313"}],"wp:attachment":[{"href":"https:\/\/www.europesays.com\/fr\/wp-json\/wp\/v2\/media?parent=654312"}],"wp:term":[{"taxonomy":"category","embeddable":true,"href":"https:\/\/www.europesays.com\/fr\/wp-json\/wp\/v2\/categories?post=654312"},{"taxonomy":"post_tag","embeddable":true,"href":"https:\/\/www.europesays.com\/fr\/wp-json\/wp\/v2\/tags?post=654312"}],"curies":[{"name":"wp","href":"https:\/\/api.w.org\/{rel}","templated":true}]}}