{"id":654321,"date":"2026-01-10T16:23:12","date_gmt":"2026-01-10T16:23:12","guid":{"rendered":"https:\/\/www.europesays.com\/fr\/654321\/"},"modified":"2026-01-10T16:23:12","modified_gmt":"2026-01-10T16:23:12","slug":"le-metro-d-partiellement-coupe-un-degagement-de-fumee-constate","status":"publish","type":"post","link":"https:\/\/www.europesays.com\/fr\/654321\/","title":{"rendered":"le m\u00e9tro D partiellement coup\u00e9, un d\u00e9gagement de fum\u00e9e constat\u00e9"},"content":{"rendered":"<p itemprop=\"description\"><strong>Nouvel \u00e9pisode de gal\u00e8re pour les usagers du m\u00e9tro TCL \u00e0 Lyon.<\/strong><\/p>\n<p>Ce samedi \u00e0 la mi-journ\u00e9e, c&rsquo;est la ligne D qui a \u00e9t\u00e9 partiellement arr\u00eat\u00e9e. Les m\u00e9tros ne circulaient plus entre Gare de Vaise et Guilloti\u00e8re Gabriel-P\u00e9ri, suite \u00e0 un d\u00e9gagement de fum\u00e9e sur la ligne.<\/p>\n<p>Des bus relais ont \u00e9t\u00e9 d\u00e9ploy\u00e9s pour desservir les stations de Vaise \u00e0 Saxe-Gambetta, et notamment Bellecour.<\/p>\n<p>Le trafic a finalement repris vers 16h.<\/p>\n","protected":false},"excerpt":{"rendered":"Nouvel \u00e9pisode de gal\u00e8re pour les usagers du m\u00e9tro TCL \u00e0 Lyon. Ce samedi \u00e0 la mi-journ\u00e9e, c&rsquo;est&hellip;\n","protected":false},"author":2,"featured_media":654322,"comment_status":"","ping_status":"","sticky":false,"template":"","format":"standard","meta":{"footnotes":""},"categories":[1889],"tags":[1111,11,2813,2190,2430,1109,251,1112,2811,1777,674,118,1011,27,1922,1110,1114,2428,2810,12,241,316,25,2812,517,800],"class_list":{"0":"post-654321","1":"post","2":"type-post","3":"status-publish","4":"format-standard","5":"has-post-thumbnail","7":"category-lyon","8":"tag-actu","9":"tag-actualites","10":"tag-article","11":"tag-asvel","12":"tag-auvergne-rhone-alpes","13":"tag-breves","14":"tag-culture","15":"tag-depeches","16":"tag-economique","17":"tag-eu","18":"tag-europe","19":"tag-faits-divers","20":"tag-fr","21":"tag-france","22":"tag-info","23":"tag-informations","24":"tag-infos","25":"tag-lyon","26":"tag-lyonmag","27":"tag-news","28":"tag-ol","29":"tag-politique","30":"tag-republique-francaise","31":"tag-sociale","32":"tag-sport","33":"tag-transports"},"share_on_mastodon":{"url":"https:\/\/pubeurope.com\/@fr\/115871731137522482","error":""},"_links":{"self":[{"href":"https:\/\/www.europesays.com\/fr\/wp-json\/wp\/v2\/posts\/654321","targetHints":{"allow":["GET"]}}],"collection":[{"href":"https:\/\/www.europesays.com\/fr\/wp-json\/wp\/v2\/posts"}],"about":[{"href":"https:\/\/www.europesays.com\/fr\/wp-json\/wp\/v2\/types\/post"}],"author":[{"embeddable":true,"href":"https:\/\/www.europesays.com\/fr\/wp-json\/wp\/v2\/users\/2"}],"replies":[{"embeddable":true,"href":"https:\/\/www.europesays.com\/fr\/wp-json\/wp\/v2\/comments?post=654321"}],"version-history":[{"count":0,"href":"https:\/\/www.europesays.com\/fr\/wp-json\/wp\/v2\/posts\/654321\/revisions"}],"wp:featuredmedia":[{"embeddable":true,"href":"https:\/\/www.europesays.com\/fr\/wp-json\/wp\/v2\/media\/654322"}],"wp:attachment":[{"href":"https:\/\/www.europesays.com\/fr\/wp-json\/wp\/v2\/media?parent=654321"}],"wp:term":[{"taxonomy":"category","embeddable":true,"href":"https:\/\/www.europesays.com\/fr\/wp-json\/wp\/v2\/categories?post=654321"},{"taxonomy":"post_tag","embeddable":true,"href":"https:\/\/www.europesays.com\/fr\/wp-json\/wp\/v2\/tags?post=654321"}],"curies":[{"name":"wp","href":"https:\/\/api.w.org\/{rel}","templated":true}]}}