{"id":654329,"date":"2026-01-10T16:28:12","date_gmt":"2026-01-10T16:28:12","guid":{"rendered":"https:\/\/www.europesays.com\/fr\/654329\/"},"modified":"2026-01-10T16:28:12","modified_gmt":"2026-01-10T16:28:12","slug":"paris-les-medecins-grevistes-defilent-et-en-appellent-a-lecornu-pour-des-propositions","status":"publish","type":"post","link":"https:\/\/www.europesays.com\/fr\/654329\/","title":{"rendered":"Paris : Les m\u00e9decins gr\u00e9vistes d\u00e9filent et en appellent \u00e0 Lecornu pour des propositions"},"content":{"rendered":"<p class=\"mb-4 text-lg md:leading-8 break-words\"><strong>mobilisation des soignants &#8211; Les praticiens lib\u00e9raux fustigent \u00ab\u00a0des taxations, des limitations, des p\u00e9nalit\u00e9s\u00a0\u00bb dans le budget de la S\u00e9curit\u00e9 sociale qui entravent leur libert\u00e9 d\u2019exercice. Le mouvement, tr\u00e8s suivi, se poursuit jusqu\u2019au 15\u00a0janvier<\/strong><\/p>\n<p class=\"mb-4 text-lg md:leading-8 break-words\">Environ 80\u00a0% des <a href=\"https:\/\/www.20minutes.fr\/societe\/4194347-20260105-greve-medecins-liberaux-cabinets-fermes-operations-reportees-point-mobilisation?at_medium=RSS%20feed&amp;at_campaign=ynews&amp;utm_source=yahoo&amp;utm_medium=rss&amp;utm_campaign=news_feed&amp;utm_content=in_article_link\" rel=\"nofollow noopener\" target=\"_blank\" data-ylk=\"slk:m\u00e9decins lib\u00e9raux;elm:context_link;itc:0;sec:content-canvas\" class=\"link \">m\u00e9decins lib\u00e9raux<\/a> seraient mobilis\u00e9s (de fa\u00e7on perl\u00e9e) lors du mouvement de gr\u00e8ve lanc\u00e9 le 5\u00a0janvier, selon les syndicats. Ce samedi ils ont d\u00e9fil\u00e9 \u00e0 <a href=\"https:\/\/www.20minutes.fr\/paris\/?at_medium=RSS%20feed&amp;at_campaign=ynews&amp;utm_source=yahoo&amp;utm_medium=rss&amp;utm_campaign=news_feed&amp;utm_content=in_article_link\" rel=\"nofollow noopener\" target=\"_blank\" data-ylk=\"slk:Paris;elm:context_link;itc:0;sec:content-canvas\" class=\"link \">Paris<\/a> contre une \u00ab\u00a0d\u00e9rive autoritaire\u00a0\u00bb qui menace selon eux leur \u00ab\u00a0libert\u00e9 d\u2019exercice\u00a0\u00bb, appelant le Premier ministre <a href=\"https:\/\/www.20minutes.fr\/politique\/sebastien-lecornu\/?at_medium=RSS%20feed&amp;at_campaign=ynews&amp;utm_source=yahoo&amp;utm_medium=rss&amp;utm_campaign=news_feed&amp;utm_content=in_article_link\" rel=\"nofollow noopener\" target=\"_blank\" data-ylk=\"slk:S\u00e9bastien Lecornu;elm:context_link;itc:0;sec:content-canvas\" class=\"link \">S\u00e9bastien Lecornu<\/a> \u00e0 leur \u00ab\u00a0faire des propositions\u00a0\u00bb.<\/p>\n<p class=\"mb-4 text-lg md:leading-8 break-words\">\u00ab\u00a0Nous voulons d\u00e9fendre notre libert\u00e9\u00a0\u00bb car l\u2019esprit des \u00ab\u00a0mesures qui ont mis le feu aux poudres\u00a0\u00bb, \u00ab\u00a0c\u2019\u00e9tait de contraindre la m\u00e9decine lib\u00e9rale\u00a0\u00bb avec \u00ab\u00a0des taxations, des limitations, des p\u00e9nalit\u00e9s\u00a0\u00bb, a r\u00e9sum\u00e9 Franck Devulder, pr\u00e9sident de la Conf\u00e9d\u00e9ration des syndicats m\u00e9dicaux fran\u00e7ais (CSMF) lors d\u2019une conf\u00e9rence de presse dans la matin\u00e9e.<\/p>\n<p>\u00ab\u00a0Les moyens diminuent\u00a0\u00bb<\/p>\n<p class=\"mb-4 text-lg md:leading-8 break-words\">En France, \u00ab\u00a0les besoins de soins augmentent mais les moyens d\u00e9di\u00e9s \u00e0 la sant\u00e9 diminuent, alors forc\u00e9ment, il y a une inad\u00e9quation. Et il y a une d\u00e9rive autoritaire\u00a0\u00bb, a d\u00e9plor\u00e9 la pr\u00e9sidente du premier syndicat des g\u00e9n\u00e9ralistes, Agn\u00e8s Giannotti.<\/p>\n<p class=\"mb-4 text-lg md:leading-8 break-words\">La manifestation s\u2019inscrit dans le cadre d\u2019une gr\u00e8ve du 5 au 15\u00a0janvier, qui devrait conna\u00eetre un point d\u2019orgue en d\u00e9but de semaine prochaine lorsque de nombreuses cliniques priv\u00e9es seront affect\u00e9es par des fermetures de blocs op\u00e9ratoires.<\/p>\n<p class=\"mb-4 text-lg md:leading-8 break-words\">Signe de la tension ambiante, l\u2019intersyndicale a refus\u00e9 vendredi un rendez-vous avec la ministre de la Sant\u00e9 St\u00e9phanie Rist \u00e0 l\u2019issue de la manifestation, estimant qu\u2019elle connaissait d\u00e9j\u00e0 \u00ab\u00a0depuis longtemps les points bloquants\u00a0\u00bb. \u00ab\u00a0Je leur ai fait un courrier pour leur dire que ma porte \u00e9tait ou(&#8230;)<\/p>\n<p class=\"mb-4 text-lg md:leading-8 break-words\"><a href=\"https:\/\/www.20minutes.fr\/societe\/4195347-20260110-paris-medecins-grevistes-defilent-appellent-lecornu-propositions?at_medium=RSS%20feed&amp;at_campaign=ynews&amp;utm_source=yahoo&amp;utm_medium=rss&amp;utm_campaign=news_feed&amp;utm_content=read_more_link&quot;\" rel=\"nofollow noopener\" target=\"_blank\" data-ylk=\"slk:Lire la suite sur 20minutes;elm:context_link;itc:0;sec:content-canvas\" class=\"link \">Lire la suite sur 20minutes<\/a><\/p>\n<p>\u00c0 lire aussi :<br \/><a href=\"https:\/\/www.20minutes.fr\/societe\/4188200-20251126-budget-secu-medecins-liberaux-appellent-greve-partir-5-janvier?at_medium=RSS%20feed&amp;at_campaign=ynews&amp;utm_source=yahoo&amp;utm_medium=rss&amp;utm_campaign=news_feed&amp;utm_content=related_content_link\" rel=\"nofollow noopener\" target=\"_blank\" data-ylk=\"slk:Budget de la S\u00e9cu\u00a0: Les m\u00e9decins lib\u00e9raux appellent \u00e0 la gr\u00e8ve \u00e0 partir du 5\u00a0janvier;elm:context_link;itc:0;sec:content-canvas\" class=\"link \">Budget de la S\u00e9cu\u00a0: Les m\u00e9decins lib\u00e9raux appellent \u00e0 la gr\u00e8ve \u00e0 partir du 5\u00a0janvier<\/a><br \/><a href=\"https:\/\/www.20minutes.fr\/sante\/4193527-20251229-pourquoi-tarifs-medecins-specialistes-liberaux-risquent-augmenter-janvier?at_medium=RSS%20feed&amp;at_campaign=ynews&amp;utm_source=yahoo&amp;utm_medium=rss&amp;utm_campaign=news_feed&amp;utm_content=related_content_link\" rel=\"nofollow noopener\" target=\"_blank\" data-ylk=\"slk:Pourquoi les tarifs des m\u00e9decins sp\u00e9cialistes lib\u00e9raux risquent d\u2019augmenter d\u00e8s janvier\u00a0?;elm:context_link;itc:0;sec:content-canvas\" class=\"link \">Pourquoi les tarifs des m\u00e9decins sp\u00e9cialistes lib\u00e9raux risquent d\u2019augmenter d\u00e8s janvier\u00a0?<\/a><\/p>\n","protected":false},"excerpt":{"rendered":"mobilisation des soignants &#8211; Les praticiens lib\u00e9raux fustigent \u00ab\u00a0des taxations, des limitations, des p\u00e9nalit\u00e9s\u00a0\u00bb dans le budget de&hellip;\n","protected":false},"author":2,"featured_media":654330,"comment_status":"","ping_status":"","sticky":false,"template":"","format":"standard","meta":{"footnotes":""},"categories":[1888],"tags":[1111,1928,11,1927,1153,1777,674,1011,27,75719,49654,12,1926,626,1925,25],"class_list":{"0":"post-654329","1":"post","2":"type-post","3":"status-publish","4":"format-standard","5":"has-post-thumbnail","7":"category-paris","8":"tag-actu","9":"tag-actu-paris","10":"tag-actualites","11":"tag-actualites-paris","12":"tag-conference-de-presse","13":"tag-eu","14":"tag-europe","15":"tag-fr","16":"tag-france","17":"tag-medecins-liberaux","18":"tag-mouvement-de-greve","19":"tag-news","20":"tag-news-paris","21":"tag-paris","22":"tag-paris-news","23":"tag-republique-francaise"},"share_on_mastodon":{"url":"https:\/\/pubeurope.com\/@fr\/115871750781962928","error":""},"_links":{"self":[{"href":"https:\/\/www.europesays.com\/fr\/wp-json\/wp\/v2\/posts\/654329","targetHints":{"allow":["GET"]}}],"collection":[{"href":"https:\/\/www.europesays.com\/fr\/wp-json\/wp\/v2\/posts"}],"about":[{"href":"https:\/\/www.europesays.com\/fr\/wp-json\/wp\/v2\/types\/post"}],"author":[{"embeddable":true,"href":"https:\/\/www.europesays.com\/fr\/wp-json\/wp\/v2\/users\/2"}],"replies":[{"embeddable":true,"href":"https:\/\/www.europesays.com\/fr\/wp-json\/wp\/v2\/comments?post=654329"}],"version-history":[{"count":0,"href":"https:\/\/www.europesays.com\/fr\/wp-json\/wp\/v2\/posts\/654329\/revisions"}],"wp:featuredmedia":[{"embeddable":true,"href":"https:\/\/www.europesays.com\/fr\/wp-json\/wp\/v2\/media\/654330"}],"wp:attachment":[{"href":"https:\/\/www.europesays.com\/fr\/wp-json\/wp\/v2\/media?parent=654329"}],"wp:term":[{"taxonomy":"category","embeddable":true,"href":"https:\/\/www.europesays.com\/fr\/wp-json\/wp\/v2\/categories?post=654329"},{"taxonomy":"post_tag","embeddable":true,"href":"https:\/\/www.europesays.com\/fr\/wp-json\/wp\/v2\/tags?post=654329"}],"curies":[{"name":"wp","href":"https:\/\/api.w.org\/{rel}","templated":true}]}}