{"id":65433,"date":"2025-04-30T22:24:12","date_gmt":"2025-04-30T22:24:12","guid":{"rendered":"https:\/\/www.europesays.com\/fr\/65433\/"},"modified":"2025-04-30T22:24:12","modified_gmt":"2025-04-30T22:24:12","slug":"signalisation-en-panne-trafic-des-trains-perturbe-ce-mercredi-soir-entre-paris-et-la-normandie-2","status":"publish","type":"post","link":"https:\/\/www.europesays.com\/fr\/65433\/","title":{"rendered":"Signalisation en panne\u00a0: trafic des trains perturb\u00e9 ce mercredi soir, entre Paris et la Normandie"},"content":{"rendered":"<p>Une panne de signalisation sur <a href=\"https:\/\/www.ouest-france.fr\/economie\/transports\/sncf\/\" target=\"_blank\" rel=\"noopener\">le r\u00e9seau SNCF,<\/a> dans le secteur de La Garenne-Colombes (Hauts-de-Seine), est \u00e0 l\u2019origine de perturbations importantes sur le r\u00e9seau de <a href=\"https:\/\/www.ouest-france.fr\/economie\/transports\/train\/\" target=\"_blank\" rel=\"noopener\">trains<\/a> normands, depuis la fin d\u2019apr\u00e8s-midi de ce mercredi 30\u00a0avril 2025.<br \/>Sur son compte X (ex-Twitter), le service communication de la SNCF dans la r\u00e9gion indiquait \u00e0 17\u00a0h\u00a046\u00a0: <strong>\u00ab\u00a0La circulation est interrompue dans le sens Paris-Le Havre, le temps que les \u00e9quipes techniques effectuent leurs constatations.\u00a0\u00bb<\/strong><\/p>\n<p>\n                Nous avons bloqu\u00e9 l\u2019affichage de ce contenu pour respecter vos choix en mati\u00e8re de cookies.<br \/>En cliquant sur \u00abConsulter\u00bb, vous acceptez le d\u00e9p\u00f4t de cookies par des services de r\u00e9seaux sociaux tels que Twitter.<br \/>\n                Consulter\n            <\/p>\n<blockquote class=\"twitter-tweet\" wp_automatic_readability=\"11.54802259887\">\n<p lang=\"fr\" dir=\"ltr\">?? <a href=\"https:\/\/twitter.com\/hashtag\/FlashTraficNomadTrain?src=hash&amp;ref_src=twsrc%5Etfw\" target=\"_blank\" rel=\"noopener\">#FlashTraficNomadTrain<\/a> 17h46<\/p>\n<p>?? D\u00e9rangement d&rsquo;installation dans le secteur de La Garenne-Colombes, sur la ligne Paris-Le Havre.<\/p>\n<p>?? La circulation est interrompue dans le sens Paris &gt; Le Havre, le temps que les \u00e9quipes techniques effectuent leurs constatations.<\/p>\n<p>?? Certains\u2026 <a href=\"https:\/\/t.co\/BktR8AD3nY\">pic.twitter.com\/BktR8AD3nY<\/a><\/p>\n<p>\u2014 SNCF NOMAD TRAIN (@train_nomad) <a href=\"https:\/\/twitter.com\/train_nomad\/status\/1917606585624588393?ref_src=twsrc%5Etfw\" target=\"_blank\" rel=\"noopener\">April 30, 2025<\/a><\/p><\/blockquote>\n<p>Certains trains en provenance de la capitale et \u00e0 destination de la Normandie doivent \u00eatre d\u00e9rout\u00e9s sur <strong>\u00ab\u00a0un itin\u00e9raire alternatif, allongeant le temps de parcours de trente minutes environ\u00a0\u00bb.<\/strong><\/p>\n<p><strong>Lire aussi\u00a0:<\/strong> <a href=\"https:\/\/caen.maville.com\/actu\/actudet_-chute-d-arbre-sur-la-voie.-la-circulation-des-trains-perturbee-entre-rouen-et-dieppe-ce-mercredi-_53511-6787566_actu.Htm\" target=\"_blank\" rel=\"noopener\">Chute d\u2019arbre sur la voie. La circulation des trains perturb\u00e9e entre Rouen et Dieppe, ce mercredi<\/a><\/p>\n<p>En d\u00e9but de soir\u00e9e, la SNCF annon\u00e7ait que l\u2019intervention des \u00e9quipes de maintenance \u00e9tait termin\u00e9e, que la circulation allait reprendre progressivement. Mais que des retards \u00e9taient <strong>\u00ab\u00a0cependant \u00e0 pr\u00e9voir\u00a0\u00bb.<\/strong><\/p>\n<p>\u00a0<\/p>\n<p>\t\t<script async src=\"https:\/\/platform.twitter.com\/widgets.js\" charset=\"utf-8\"><\/script><\/p>\n","protected":false},"excerpt":{"rendered":"Une panne de signalisation sur le r\u00e9seau SNCF, dans le secteur de La Garenne-Colombes (Hauts-de-Seine), est \u00e0 l\u2019origine&hellip;\n","protected":false},"author":2,"featured_media":65185,"comment_status":"","ping_status":"","sticky":false,"template":"","format":"standard","meta":{"footnotes":""},"categories":[1888],"tags":[11,5492,1777,674,1011,27,6774,12,5161,10899,626,9777,25,16489,3467,1097,5811],"class_list":{"0":"post-65433","1":"post","2":"type-post","3":"status-publish","4":"format-standard","5":"has-post-thumbnail","7":"category-paris","8":"tag-actualites","9":"tag-caen","10":"tag-eu","11":"tag-europe","12":"tag-fr","13":"tag-france","14":"tag-mercredi","15":"tag-news","16":"tag-normandie","17":"tag-panne","18":"tag-paris","19":"tag-perturbe","20":"tag-republique-francaise","21":"tag-signalisation","22":"tag-soir","23":"tag-trafic","24":"tag-trains"},"share_on_mastodon":{"url":"https:\/\/pubeurope.com\/@fr\/114429261505348971","error":""},"_links":{"self":[{"href":"https:\/\/www.europesays.com\/fr\/wp-json\/wp\/v2\/posts\/65433","targetHints":{"allow":["GET"]}}],"collection":[{"href":"https:\/\/www.europesays.com\/fr\/wp-json\/wp\/v2\/posts"}],"about":[{"href":"https:\/\/www.europesays.com\/fr\/wp-json\/wp\/v2\/types\/post"}],"author":[{"embeddable":true,"href":"https:\/\/www.europesays.com\/fr\/wp-json\/wp\/v2\/users\/2"}],"replies":[{"embeddable":true,"href":"https:\/\/www.europesays.com\/fr\/wp-json\/wp\/v2\/comments?post=65433"}],"version-history":[{"count":0,"href":"https:\/\/www.europesays.com\/fr\/wp-json\/wp\/v2\/posts\/65433\/revisions"}],"wp:featuredmedia":[{"embeddable":true,"href":"https:\/\/www.europesays.com\/fr\/wp-json\/wp\/v2\/media\/65185"}],"wp:attachment":[{"href":"https:\/\/www.europesays.com\/fr\/wp-json\/wp\/v2\/media?parent=65433"}],"wp:term":[{"taxonomy":"category","embeddable":true,"href":"https:\/\/www.europesays.com\/fr\/wp-json\/wp\/v2\/categories?post=65433"},{"taxonomy":"post_tag","embeddable":true,"href":"https:\/\/www.europesays.com\/fr\/wp-json\/wp\/v2\/tags?post=65433"}],"curies":[{"name":"wp","href":"https:\/\/api.w.org\/{rel}","templated":true}]}}