{"id":654339,"date":"2026-01-10T16:33:22","date_gmt":"2026-01-10T16:33:22","guid":{"rendered":"https:\/\/www.europesays.com\/fr\/654339\/"},"modified":"2026-01-10T16:33:22","modified_gmt":"2026-01-10T16:33:22","slug":"cette-negociation-secrete-entre-le-vatican-et-les-etats-unis-pour-offrir-une-porte-de-sortie-a-nicolas-maduro-lexpress","status":"publish","type":"post","link":"https:\/\/www.europesays.com\/fr\/654339\/","title":{"rendered":"Cette n\u00e9gociation secr\u00e8te entre le Vatican et les \u00c9tats-Unis pour offrir une porte de sortie \u00e0 Nicolas Maduro \u2013 L&rsquo;Express"},"content":{"rendered":"<p class=\"paragraph article-body-paragraph article__item   article-body-paragraph--first \">Le Vatican est une puissance spirituelle\u2026 mais aussi diplomatique. Vendredi 9 janvier, le <a href=\"https:\/\/www.lexpress.fr\/monde\/nouveau-pape-qui-est-robert-francis-prevost-alias-leon-xiv-TZ27DQDHHNHYVMEQH7HWPFREQE\/\" target=\"_self\" rel=\"noopener\" title=\"https:\/\/www.lexpress.fr\/monde\/nouveau-pape-qui-est-robert-francis-prevost-alias-leon-xiv-TZ27DQDHHNHYVMEQH7HWPFREQE\/\">pape L\u00e9on XIV<\/a>, premier pape am\u00e9ricain, a d\u00e9nonc\u00e9 le recours \u00e0 la force militaire pour atteindre des objectifs diplomatiques lors d&rsquo;un discours annuel de politique \u00e9trang\u00e8re. \u00ab\u00a0Une diplomatie qui promeut le dialogue et recherche le consensus de tous a \u00e9t\u00e9 remplac\u00e9e par une diplomatie de la force\u00a0\u00bb, a d\u00e9plor\u00e9 le souverain pontife, \u00e9lu en mai dernier, devant 184 ambassadeurs accr\u00e9dit\u00e9s au Vatican.<\/p>\n<p class=\"paragraph article-body-paragraph article__item   \">Faisant r\u00e9f\u00e9rence \u00e0 la <a href=\"https:\/\/www.lexpress.fr\/monde\/amerique\/nicolas-maduro-ce-que-contient-lacte-daccusation-americain-contre-le-president-venezuelien-RIC2M7DTOBD4LA2VNQ7TPFQ5TM\/\" target=\"_self\" rel=\"noopener\" title=\"https:\/\/www.lexpress.fr\/monde\/amerique\/nicolas-maduro-ce-que-contient-lacte-daccusation-americain-contre-le-president-venezuelien-RIC2M7DTOBD4LA2VNQ7TPFQ5TM\/\">capture<\/a>, le week-end dernier, du pr\u00e9sident v\u00e9n\u00e9zu\u00e9lien Nicolas Maduro par le pr\u00e9sident am\u00e9ricain <a href=\"https:\/\/www.lexpress.fr\/monde\/amerique\/fafo-quelle-est-cette-nouvelle-doctrine-que-donald-trump-veut-imposer-au-monde-R24SBL6H7RGBRE3777KT6G6ZVM\/\" target=\"_self\" rel=\"noopener\" title=\"https:\/\/www.lexpress.fr\/monde\/amerique\/fafo-quelle-est-cette-nouvelle-doctrine-que-donald-trump-veut-imposer-au-monde-R24SBL6H7RGBRE3777KT6G6ZVM\/\">Donald Trump<\/a>, il a appel\u00e9 les gouvernements du monde \u00e0 respecter la volont\u00e9 du peuple v\u00e9n\u00e9zu\u00e9lien \u00e0 l&rsquo;avenir et \u00e0 sauvegarder ses droits humains et civils. En d\u00e9cembre dernier, L\u00e9on XIV, qui a critiqu\u00e9 certaines politiques de Donald Trump par le pass\u00e9, avait exhort\u00e9 le pr\u00e9sident am\u00e9ricain \u00e0 ne pas \u00e9vincer Nicolas Maduro en recourant \u00e0 la force militaire. \u00ab\u00a0Le bien du peuple v\u00e9n\u00e9zu\u00e9lien bien-aim\u00e9 doit pr\u00e9valoir sur toute autre consid\u00e9ration\u00a0\u00bb, avait d\u00e9clar\u00e9 le souverain pontife. Le <a href=\"https:\/\/www.washingtonpost.com\/world\/2026\/01\/09\/venezuela-us-maduro-capture-vatican-russia\/\" target=\"_self\" rel=\"noopener\" title=\"https:\/\/www.washingtonpost.com\/world\/2026\/01\/09\/venezuela-us-maduro-capture-vatican-russia\/\">Washington Post<\/a> r\u00e9v\u00e8le que le Vatican a m\u00eame n\u00e9goci\u00e9 avec les Etats-Unis afin d\u2019offrir une porte de sortie \u00e0 Nicolas Maduro avant sa <a href=\"https:\/\/www.lexpress.fr\/monde\/amerique\/operation-absolute-resolve-les-coulisses-de-lintervention-americaine-au-venezuela-46YBP7F63JBFJM32PHAFEOEABQ\/\" target=\"_self\" rel=\"noopener\" title=\"https:\/\/www.lexpress.fr\/monde\/amerique\/operation-absolute-resolve-les-coulisses-de-lintervention-americaine-au-venezuela-46YBP7F63JBFJM32PHAFEOEABQ\/\">capture par Washington<\/a>.<\/p>\n<p class=\"paragraph article-body-paragraph article__item   \">Dans une enqu\u00eate publi\u00e9e vendredi 9 janvier, le quotidien am\u00e9ricain d\u00e9voile les contours d\u2019une r\u00e9union tenue la veille de No\u00ebl au Vatican, et jusqu&rsquo;alors pass\u00e9e sous silence. Ainsi, le cardinal Pietro Parolin, num\u00e9ro deux du <a href=\"https:\/\/www.lexpress.fr\/societe\/un-moment-surrealiste-la-presse-americaine-reagit-sur-lelection-du-pape-leon-xiv-YDC5MMLNY5CJ3FBA7J5DH4CTRQ\/\" target=\"_self\" rel=\"noopener\" title=\"https:\/\/www.lexpress.fr\/societe\/un-moment-surrealiste-la-presse-americaine-reagit-sur-lelection-du-pape-leon-xiv-YDC5MMLNY5CJ3FBA7J5DH4CTRQ\/\">pape<\/a> et m\u00e9diateur diplomatique de longue date, a convoqu\u00e9 en urgence Brian Burch, ambassadeur des Etats-Unis aupr\u00e8s du Saint-Si\u00e8ge &#8211; cette entit\u00e9 juridique qui repr\u00e9sente l\u2019\u00c9glise catholique \u00e0 l\u2019ONU &#8211; pour obtenir des pr\u00e9cisions sur les projets am\u00e9ricains au Venezuela, selon des documents gouvernementaux obtenus par le Washington Post. Pietro Parolin aurait demand\u00e9 si les \u00c9tats-Unis ne ciblaient que les trafiquants de drogue, ou si l&rsquo;administration Trump cherchait \u00e9galement \u00e0 changer de r\u00e9gime. Selon ces documents, Pietro Parolin a conc\u00e9d\u00e9 que Nicolas Maduro devait partir, mais le Vatican a exhort\u00e9 les Etats-Unis \u00e0 lui offrir une porte de sortie.<\/p>\n<p><strong class=\"article-body-link-list__item text-gray-800 article-body-link-list__item--one-item\">LIRE AUSSI : <a class=\"article-body-link-list__item-link\" href=\"https:\/\/www.lexpress.fr\/monde\/venezuela-la-capture-de-nicolas-maduro-un-exploit-militaire-au-mepris-du-droit-international-BMTUJOBLO5F5BP6QF32TKLZM5I\/\" target=\"_blank\" rel=\"noopener\">Venezuela : la capture de Nicolas Maduro, un exploit militaire (au m\u00e9pris du droit international)<\/a><\/strong>Moscou pr\u00eat \u00e0 accorder l&rsquo;asile \u00e0 Nicolas Maduro<\/p>\n<p class=\"paragraph article-body-paragraph article__item   \">Toujours selon ces documents, lors de cette conversation avec Brian Burch le 24 d\u00e9cembre dernier, le cardinal italien Pietro Parolin, figure influente du pays, a d\u00e9clar\u00e9 que la Russie \u00e9tait pr\u00eate \u00e0 accorder l&rsquo;asile \u00e0 Nicolas Maduro. Le Venezuela repr\u00e9sente un <a href=\"https:\/\/www.lexpress.fr\/monde\/amerique\/venezuela-la-chute-de-nicolas-maduro-bien-plus-que-la-perte-dun-allie-pour-la-russie-S7QFJOG4E5CNXLKRTY6XFG73WI\/\" target=\"_self\" rel=\"noopener\" title=\"https:\/\/www.lexpress.fr\/monde\/amerique\/venezuela-la-chute-de-nicolas-maduro-bien-plus-que-la-perte-dun-allie-pour-la-russie-S7QFJOG4E5CNXLKRTY6XFG73WI\/\">point d&rsquo;appui important pour Moscou en Am\u00e9rique latine<\/a>. La Russie a notamment accord\u00e9 des pr\u00eats consid\u00e9rables \u00e0 Caracas, lui a apport\u00e9 un soutien financier vital pour l&rsquo;aider \u00e0 surmonter les sanctions am\u00e9ricaines et demeure un acteur majeur de l&rsquo;industrie p\u00e9troli\u00e8re v\u00e9n\u00e9zu\u00e9lienne.<\/p>\n<p class=\"paragraph article-body-paragraph article__item   \">Pietro Parolin a \u00e9galement implor\u00e9 les Am\u00e9ricains de faire preuve de patience pour amener le dirigeant autoritaire \u00e0 accepter cette offre. \u00ab\u00a0Ce qui a \u00e9t\u00e9 propos\u00e9 \u00e0 Nicolas Maduro, c&rsquo;est qu&rsquo;il puisse partir et profiter de son argent\u00a0\u00bb, a d\u00e9clar\u00e9 une personne au fait de l&rsquo;offre russe \u00e0 nos confr\u00e8res am\u00e9ricains. \u00ab\u00a0L&rsquo;une des conditions \u00e9tait que Vladimir Poutine garantisse sa s\u00e9curit\u00e9.\u00a0\u00bb<\/p>\n<p><strong class=\"article-body-link-list__item text-gray-800 article-body-link-list__item--one-item\">LIRE AUSSI : <a class=\"article-body-link-list__item-link\" href=\"https:\/\/www.lexpress.fr\/economie\/politique-economique\/adina-revol-derriere-le-venezuela-et-son-petrole-cest-la-chine-que-trump-cherche-a-affaiblir-XFXWG3NA4VBDZILDRLINUN67UI\/\" target=\"_blank\" rel=\"noopener\">Adina Revol : \u00ab\u00a0Derri\u00e8re le Venezuela et son p\u00e9trole, c&rsquo;est la Chine que Trump cherche \u00e0 affaiblir\u00a0\u00bb<\/a><\/strong><\/p>\n<p class=\"paragraph article-body-paragraph article__item   \">Pietro Parolin a sugg\u00e9r\u00e9 que les Etats-Unis pourraient fixer une date limite pour le d\u00e9part de Nicolas Maduro du pays et donner des assurances \u00e0 sa famille. Le cardinal a en outre exprim\u00e9 sa \u00ab\u00a0tr\u00e8s grande perplexit\u00e9 face au manque de clart\u00e9 de la strat\u00e9gie am\u00e9ricaine <a href=\"https:\/\/www.lexpress.fr\/monde\/amerique\/venezuela-une-vague-de-repression-sabat-sur-le-pays-depuis-la-capture-de-nicolas-maduro-TAJS5NCCBBA5TE24PQC4GK6Q2M\/\" target=\"_self\" rel=\"noopener\" title=\"https:\/\/www.lexpress.fr\/monde\/amerique\/venezuela-une-vague-de-repression-sabat-sur-le-pays-depuis-la-capture-de-nicolas-maduro-TAJS5NCCBBA5TE24PQC4GK6Q2M\/\">au Venezuela<\/a>\u00ab\u00a0, toujours d\u2019apr\u00e8s ces documents. Il a appel\u00e9 \u00e0 la patience, \u00e0 la prudence et \u00e0 la retenue. Mais la Maison-Blanche avait fini d&rsquo;attendre et la suite de l&rsquo;histoire est connue : une semaine apr\u00e8s cette r\u00e9union secr\u00e8te au Vatican, Nicolas Maduro et sa femme \u00e9taient ainsi arr\u00eat\u00e9s par les forces sp\u00e9ciales am\u00e9ricaines lors d&rsquo;un raid qui a fait environ 75 morts et<a href=\"https:\/\/www.lexpress.fr\/monde\/amerique\/je-suis-innocent-les-premiers-mots-de-nicolas-maduro-face-a-un-juge-americain-VKQ4Y44SZZG4LE7PREQTWGFGE4\/\" target=\"_self\" rel=\"noopener\" title=\"https:\/\/www.lexpress.fr\/monde\/amerique\/je-suis-innocent-les-premiers-mots-de-nicolas-maduro-face-a-un-juge-americain-VKQ4Y44SZZG4LE7PREQTWGFGE4\/\"> transf\u00e9r\u00e9s \u00e0 New York pour y \u00eatre jug\u00e9s pour trafic de drogue<\/a>. <\/p>\n<p>La longue tradition de m\u00e9diation du Vatican <\/p>\n<p class=\"paragraph article-body-paragraph article__item   \">Comme le pr\u00e9cise le Washington Post, la r\u00e9union tenue secr\u00e8tement au Vatican s&rsquo;inscrivait dans une s\u00e9rie de tentatives infructueuses &#8211; men\u00e9es par les Am\u00e9ricains et leurs interm\u00e9diaires, les Russes, les Qataris, les Turcs, l&rsquo;\u00c9glise catholique et d&rsquo;autres &#8211; pour d\u00e9samorcer une crise diplomatique grandissante et trouver un refuge pour Nicolas Maduro avant le <a href=\"https:\/\/www.lexpress.fr\/monde\/amerique\/enlevement-de-nicolas-maduro-pourquoi-le-raid-americain-aurait-pu-virer-au-fiasco-DILX5JJ4F5H3RGVOQF76JO3MU4\/\" target=\"_self\" rel=\"noopener\" title=\"https:\/\/www.lexpress.fr\/monde\/amerique\/enlevement-de-nicolas-maduro-pourquoi-le-raid-americain-aurait-pu-virer-au-fiasco-DILX5JJ4F5H3RGVOQF76JO3MU4\/\">raid am\u00e9ricain visant \u00e0 l&rsquo;enlever<\/a>.<\/p>\n<p class=\"paragraph article-body-paragraph article__item   \">Le Vatican joue depuis longtemps un r\u00f4le crucial dans les n\u00e9gociations internationales avec Caracas. Il y a dix ans, le Saint-Si\u00e8ge a tent\u00e9, sans succ\u00e8s, de parvenir \u00e0 un accord entre Nicolas Maduro et l&rsquo;opposition divis\u00e9e. Plus r\u00e9cemment, le Vatican a cherch\u00e9 \u00e0 instaurer un dialogue avec le gouvernement v\u00e9n\u00e9zu\u00e9lien par l&rsquo;interm\u00e9diaire de ses hauts dignitaires eccl\u00e9siastiques sur place. <\/p>\n<p class=\"paragraph article-body-paragraph article__item   \">Pietro Parolin, qui avait auparavant \u00e9t\u00e9 nonce apostolique \u00e0 Caracas, porte un int\u00e9r\u00eat particulier au Venezuela. Il a \u00e9galement servi d&rsquo;interm\u00e9diaire aupr\u00e8s de l&rsquo;administration Trump sur les dossiers ukrainien et russe, selon une source proche des n\u00e9gociations interrog\u00e9e par le quotidien am\u00e9ricain.<\/p>\n<p>Un pape am\u00e9ricain en conflit ouvert avec Donald Trump<\/p>\n<p class=\"paragraph article-body-paragraph article__item   \">La position du pape sur le Venezuela illustre deux visions du monde des deux hommes qui paraissent incompatibles. En tant que chef d&rsquo;une communaut\u00e9 mondiale de 1,4 milliard de catholiques, L\u00e9on XIV occupe une position d&rsquo;influence rare, lui permettant de contester la politique de Donald Trump. Le pr\u00e9sident am\u00e9ricain se doit donc d&rsquo;agir avec une prudence inhabituelle lorsqu&rsquo;il le confronte,<a href=\"https:\/\/www.politico.eu\/article\/pope-leo-and-trump-head-for-a-clash\/\" target=\"_self\" rel=\"noopener\" title=\"https:\/\/www.politico.eu\/article\/pope-leo-and-trump-head-for-a-clash\/\"> rel\u00e8ve Politico<\/a>. Donald Trump, qui a l&rsquo;habitude de fustiger ses d\u00e9tracteurs avec des invectives, s&rsquo;est montr\u00e9 exceptionnellement mesur\u00e9 face aux critiques du pape, notamment parce qu&rsquo;il compte un grand nombre de catholiques parmi son \u00e9lectorat. <\/p>\n<p><strong class=\"article-body-link-list__item text-gray-800 article-body-link-list__item--one-item\">LIRE AUSSI : <a class=\"article-body-link-list__item-link\" href=\"https:\/\/www.lexpress.fr\/monde\/amerique\/immigration-politique-etrangere-face-a-donald-trump-la-mefiance-de-plus-en-plus-assumee-du-pape-leon-NMJCFZQ3N5AORHCAMQSDP23E34\/\" target=\"_blank\" rel=\"noopener\">Immigration, politique \u00e9trang\u00e8re\u2026 Face \u00e0 Donald Trump, la m\u00e9fiance de plus en plus assum\u00e9e du pape L\u00e9on XIV<\/a><\/strong><\/p>\n<p class=\"paragraph article-body-paragraph article__item   \">Les proches de Donald Trump n&rsquo;h\u00e9sitent quant \u00e0 eux pas \u00e0 le critiquer. Les conservateurs catholiques proches de Donald Trump l&rsquo;ont d\u00e9nonc\u00e9 comme \u00ab\u00a0pape marxiste woke\u00a0\u00bb,\u00a0\u00bb \u00ab\u00a0la\u00efc\u00a0\u00bb, \u00ab\u00a0mondialiste\u00a0\u00bb et m\u00eame \u201capostat\u201d, rappelle Politico. De son c\u00f4t\u00e9, le pape ne semble pas rechercher activement la confrontation avec Donald Trump. \u00ab\u00a0Il \u00e9vitera toute attaque personnelle\u00a0\u00bb, a d\u00e9clar\u00e9 un responsable du Vatican \u00e0 Politico. \u00ab\u00a0Il s&rsquo;appuiera sur l&rsquo;enseignement de l&rsquo;\u00c9glise, non pas en r\u00e9action \u00e0 Donald Trump, mais comme il le dirait de toute fa\u00e7on.\u00a0\u00bb<\/p>\n<p class=\"paragraph article-body-paragraph article__item    article__text__endpicto\">La question migratoire est devenue le principal champ de bataille entre le pape lib\u00e9ral et les conservateurs am\u00e9ricains ces derniers mois. Le souverain pontife s\u2019inscrit en faux contre la rh\u00e9torique d\u00e9shumanisante et la violence dont sont victimes les personnes vis\u00e9es par la politique d&rsquo;expulsion de Donald Trump. L\u00e9on XIV a lanc\u00e9 un appel public pour que les migrants aux Etats-Unis soient trait\u00e9s avec humanit\u00e9 et dignit\u00e9. Sa d\u00e9termination \u00e0 d\u00e9fendre ce qu&rsquo;il consid\u00e8re comme des principes moraux non n\u00e9gociables, notamment la protection des plus faibles, se heurte toutefois de plus en plus aux fondements du trumpisme.<\/p>\n","protected":false},"excerpt":{"rendered":"Le Vatican est une puissance spirituelle\u2026 mais aussi diplomatique. Vendredi 9 janvier, le pape L\u00e9on XIV, premier pape&hellip;\n","protected":false},"author":2,"featured_media":654340,"comment_status":"","ping_status":"","sticky":false,"template":"","format":"standard","meta":{"footnotes":""},"categories":[1589],"tags":[11,782,73,1866,674,74,12,1864,1865,1863,308],"class_list":{"0":"post-654339","1":"post","2":"type-post","3":"status-publish","4":"format-standard","5":"has-post-thumbnail","7":"category-etats-unis","8":"tag-actualites","9":"tag-ameriques","10":"tag-etats-unis","11":"tag-etats-unis-damerique","12":"tag-europe","13":"tag-monde","14":"tag-news","15":"tag-united-states","16":"tag-united-states-of-america","17":"tag-us","18":"tag-usa"},"share_on_mastodon":{"url":"https:\/\/pubeurope.com\/@fr\/115871770367635141","error":""},"_links":{"self":[{"href":"https:\/\/www.europesays.com\/fr\/wp-json\/wp\/v2\/posts\/654339","targetHints":{"allow":["GET"]}}],"collection":[{"href":"https:\/\/www.europesays.com\/fr\/wp-json\/wp\/v2\/posts"}],"about":[{"href":"https:\/\/www.europesays.com\/fr\/wp-json\/wp\/v2\/types\/post"}],"author":[{"embeddable":true,"href":"https:\/\/www.europesays.com\/fr\/wp-json\/wp\/v2\/users\/2"}],"replies":[{"embeddable":true,"href":"https:\/\/www.europesays.com\/fr\/wp-json\/wp\/v2\/comments?post=654339"}],"version-history":[{"count":0,"href":"https:\/\/www.europesays.com\/fr\/wp-json\/wp\/v2\/posts\/654339\/revisions"}],"wp:featuredmedia":[{"embeddable":true,"href":"https:\/\/www.europesays.com\/fr\/wp-json\/wp\/v2\/media\/654340"}],"wp:attachment":[{"href":"https:\/\/www.europesays.com\/fr\/wp-json\/wp\/v2\/media?parent=654339"}],"wp:term":[{"taxonomy":"category","embeddable":true,"href":"https:\/\/www.europesays.com\/fr\/wp-json\/wp\/v2\/categories?post=654339"},{"taxonomy":"post_tag","embeddable":true,"href":"https:\/\/www.europesays.com\/fr\/wp-json\/wp\/v2\/tags?post=654339"}],"curies":[{"name":"wp","href":"https:\/\/api.w.org\/{rel}","templated":true}]}}