{"id":654341,"date":"2026-01-10T16:34:11","date_gmt":"2026-01-10T16:34:11","guid":{"rendered":"https:\/\/www.europesays.com\/fr\/654341\/"},"modified":"2026-01-10T16:34:11","modified_gmt":"2026-01-10T16:34:11","slug":"freres-musulmans-les-emirats-restreignent-lacces-de-leurs-etudiants-aux-universites-britanniques-par-peur-dun-endoctrinement","status":"publish","type":"post","link":"https:\/\/www.europesays.com\/fr\/654341\/","title":{"rendered":"Fr\u00e8res musulmans\u00a0: les \u00c9mirats restreignent l\u2019acc\u00e8s de leurs \u00e9tudiants aux universit\u00e9s britanniques par peur d\u2019un endoctrinement"},"content":{"rendered":"<p class=\"paragraph text_align_left lp-f-body-02\">Les \u00c9mirats arabes unis ont pris une d\u00e9cision radicale et pour le moins surprenante : restreindre l\u2019acc\u00e8s de leurs \u00e9tudiants aux universit\u00e9s britanniques. <a href=\"https:\/\/www.leparisien.fr\/faits-divers\/buste-de-cleopatre-decret-de-toutankhamon-du-caire-au-louvre-abou-dhabi-enquete-sur-lor-pille-des-pharaons-08-01-2026-GY5ZEPZXCRFKXOP4ERI4ZOKXZI.php\" target=\"_blank\" rel=\"noreferrer noopener\">Abou Dhabi<\/a> craint que ses ressortissants ne soient expos\u00e9s \u00e0 une radicalisation islamiste sur les campus du <a href=\"https:\/\/www.leparisien.fr\/international\/royaume-uni\/\" target=\"_blank\" rel=\"noreferrer noopener\">Royaume-Uni<\/a>.<\/p>\n<p class=\"\">Selon les r\u00e9v\u00e9lations du Financial Times et du Times publi\u00e9es jeudi 8 janvier, le gouvernement \u00e9mirati a r\u00e9duit le financement f\u00e9d\u00e9ral destin\u00e9 aux inscriptions de ses ressortissants dans les universit\u00e9s britanniques. Des responsables \u00e9miratis inform\u00e9s du dossier ont confirm\u00e9 au quotidien britannique que ces restrictions visent les \u00ab pr\u00e9occupations concernant l\u2019influence des Fr\u00e8res musulmans \u00bb, entre autres motifs.<\/p>\n<p class=\"\">Le <a href=\"https:\/\/www.leparisien.fr\/international\/comment-le-conflit-au-yemen-attise-les-tensions-entre-larabie-saoudite-et-les-emirats-arabes-unis-31-12-2025-MRBOCBOD7NFZNE5O7O2KCNJLJY.php\" target=\"_blank\" rel=\"noreferrer noopener\">gouvernement \u00e9mirati<\/a> n\u2019impose pas d\u2019interdiction totale : les familles les plus ais\u00e9es peuvent toujours envoyer leurs enfants \u00e9tudier au Royaume-Uni en payant elles-m\u00eames les frais. Mais les bourses g\u00e9n\u00e9reuses accord\u00e9es aux citoyens \u00e9miratis \u2013 qui couvrent les frais de scolarit\u00e9, de voyage, de subsistance et d\u2019assurance maladie \u2013 ne sont plus disponibles pour les universit\u00e9s britanniques.<\/p>\n<p>Une chute spectaculaire des inscriptions<\/p>\n<p class=\"\">L\u2019impact de cette mesure se fait d\u00e9j\u00e0 sentir. En 2025, seuls 213 \u00e9tudiants \u00e9miratis ont obtenu un visa pour le Royaume-Uni, soit une baisse de 55 % par rapport \u00e0 2022. Pourtant, fin 2024, ils \u00e9taient encore 8 500 sur les <a href=\"https:\/\/www.leparisien.fr\/etudiant\/etudes\/universites\/les-universites-britanniques-plombees-par-la-baisse-des-etudiants-etrangers-LT4ZWKFF7RABRD67IIGAP2447Q.php\" target=\"_blank\" rel=\"noreferrer noopener\">campus britanniques<\/a>, un chiffre qui avait doubl\u00e9 depuis 2017.<\/p>\n<p class=\"\">L\u2019\u00e9tablissements le plus pris\u00e9 \u00e9tait l\u2019universit\u00e9 de Central Lancashire, suivie de l\u2019universit\u00e9 de Manchester, celle de Leeds, du King\u2019s College London et du University College London.<\/p>\n<p class=\"\">D\u2019apr\u00e8s les services de renseignement britanniques, la radicalisation touche de plus en plus d\u2019\u00e9tudiants : 70 d\u2019entre eux ont \u00e9t\u00e9 signal\u00e9s pour \u00ab radicalisation islamiste \u00bb en 2023-2024, soit le double de l\u2019ann\u00e9e pr\u00e9c\u00e9dente. Des responsables \u00e9miratis cit\u00e9s par la presse britannique affirment refuser \u00ab que leurs enfants soient radicalis\u00e9s sur les campus \u00bb.<\/p>\n<p class=\"\">Au centre de cette crise diplomatique entre deux alli\u00e9s historiques figure la question des Fr\u00e8res musulmans. Abou Dhabi milite de longue date pour que les pays europ\u00e9ens reconnaissent la confr\u00e9rie comme organisation terroriste et l\u2019interdisent sur leurs territoires. Les \u00c9mirats ont d\u2019ailleurs banni le mouvement, fond\u00e9 en \u00c9gypte en 1928, depuis le Printemps arabe de 2011, estimant qu\u2019il constitue une menace pour leur syst\u00e8me autocratique.<\/p>\n<p class=\"\">Au Royaume-Uni, ils avaient notamment men\u00e9 une campagne de lobbying qui avait incit\u00e9 le gouvernement conservateur de David Cameron \u00e0 ouvrir une enqu\u00eate sur le groupe en 2014. L\u2019enqu\u00eate \u00e9tait parvenue \u00e0 la conclusion que les convictions du mouvement \u00e9taient contraires aux valeurs britanniques, mais n\u2019avait pas trouv\u00e9 suffisamment de preuves pour l\u2019interdire. Face aux demandes des \u00c9mirats, Londres invoque la libert\u00e9 acad\u00e9mique.<\/p>\n<p class=\"\">Un expert du <a href=\"https:\/\/www.leparisien.fr\/international\/israel\/modere-et-adoube-par-trump-qui-est-nickolay-mladenov-le-diplomate-bulgare-pressenti-a-la-tete-du-plan-de-paix-pour-gaza-09-01-2026-7UH3G2R7HRB57BWK7OEEQAC2XE.php\" target=\"_blank\" rel=\"noreferrer noopener\">Moyen-Orient<\/a> cit\u00e9 par le Times relativise toutefois la menace. \u00ab Ils sont obs\u00e9d\u00e9s par les Fr\u00e8res musulmans, c\u2019est leur bouc \u00e9missaire, affirme-t-il. Je ne crois pas que nos universit\u00e9s soient infest\u00e9es par les Fr\u00e8res musulmans, c\u2019est avant tout une question de positionnement. \u00bb<\/p>\n<p class=\"\">Selon cette source, il s\u2019agirait d\u2019\u00ab un coup de semonce aux \u00e9tudiants pour qu\u2019ils se tiennent \u00e0 carreau \u00bb, les avertissant de ne \u00ab surtout pas rejoindre les Fr\u00e8res musulmans s\u2019ils sont au Royaume-Uni \u00bb.<\/p>\n<p>\u00ab Compl\u00e8tement fou \u00bb<\/p>\n<p class=\"\">La d\u00e9cision \u00e9miratie a suscit\u00e9 des r\u00e9actions jusqu\u2019aux \u00c9tats-Unis. \u00ab Compl\u00e8tement fou \u00bb, s\u2019est \u00e9tonn\u00e9 le <a href=\"https:\/\/www.leparisien.fr\/international\/etats-unis\/pour-jd-vance-les-armes-nucleaires-europeennes-pourraient-tomber-aux-mains-de-personnes-proches-de-lislamisme-dans-quinze-ans-26-12-2025-FGNKQ5KRO5G3ZLLWXNWXW44OQQ.php\" target=\"_blank\" rel=\"noreferrer noopener\">vice-pr\u00e9sident am\u00e9ricain J. D. Vance<\/a> sur le r\u00e9seau social X. \u00ab Certains de nos meilleurs alli\u00e9s musulmans dans le Golfe estiment que l\u2019endoctrinement islamiste dans certaines parties de l\u2019Occident est trop dangereux. \u00bb<\/p>\n<p class=\"\">En France, le pr\u00e9sident du Rassemblement national <a href=\"https:\/\/www.leparisien.fr\/faits-divers\/cest-pour-alerter-les-citoyens-six-mois-de-prison-avec-sursis-pour-le-retraite-qui-avait-ecrase-un-oeuf-sur-jordan-bardella-09-01-2026-MBE47S2SFFDSHC4GRNJYY7GH7Y.php\" target=\"_blank\" rel=\"noreferrer noopener\">Jordan Bardella<\/a> a r\u00e9agi : \u00ab Un \u00c9tat dont la religion officielle est l\u2019islam s\u2019inqui\u00e8te de l\u2019int\u00e9grisme islamiste qui s\u00e9vit dans un pays europ\u00e9en : ce renversement en dit long sur notre aveuglement et notre faiblesse face \u00e0 cet obscurantisme qui s\u2019installe chez nous. \u00bb<\/p>\n<p class=\"\">Cette affaire intervient alors que la France durcit \u00e9galement le ton face aux Fr\u00e8res musulmans. Mercredi 7 janvier, les d\u00e9put\u00e9s de la commission des Affaires europ\u00e9ennes ont adopt\u00e9 une proposition de r\u00e9solution visant \u00e0 inscrire la mouvance sur la liste europ\u00e9enne des organisations terroristes.<\/p>\n<p class=\"\">En mai dernier, un <a href=\"https:\/\/www.leparisien.fr\/politique\/rapport-sur-les-freres-musulmans-que-dit-en-detail-ce-document-qui-fait-tant-parler-21-05-2025-WXNCJDVTPBCYLFP5KHTDKWRNXU.php\" target=\"_blank\" rel=\"noreferrer noopener\">rapport remis au ministre de l\u2019Int\u00e9rieur Bruno Retailleau<\/a> d\u00e9crivait les Fr\u00e8res musulmans comme une \u00ab menace pour la coh\u00e9sion nationale \u00bb, pointant notamment leur influence dans certains \u00e9tablissements scolaires. Emmanuel Macron avait alors demand\u00e9 au gouvernement de lui faire des \u00ab propositions \u00bb au vu de la \u00ab gravit\u00e9 des faits \u00bb.<\/p>\n<p class=\"\">En Europe, seule l\u2019Autriche a inscrit la confr\u00e9rie sur sa liste noire. Les Fr\u00e8res musulmans sont par ailleurs interdits en Russie, en Syrie, en \u00c9gypte, en Arabie saoudite, \u00e0 Bahre\u00efn et en Jordanie.<\/p>\n","protected":false},"excerpt":{"rendered":"Les \u00c9mirats arabes unis ont pris une d\u00e9cision radicale et pour le moins surprenante : restreindre l\u2019acc\u00e8s de&hellip;\n","protected":false},"author":2,"featured_media":654342,"comment_status":"","ping_status":"","sticky":false,"template":"","format":"standard","meta":{"footnotes":""},"categories":[1588],"tags":[11,1777,674,14,12,473,1853,1851,1850,1852],"class_list":{"0":"post-654341","1":"post","2":"type-post","3":"status-publish","4":"format-standard","5":"has-post-thumbnail","7":"category-royaume-uni","8":"tag-actualites","9":"tag-eu","10":"tag-europe","11":"tag-international","12":"tag-news","13":"tag-royaume-uni","14":"tag-royaume-uni-de-grande-bretagne-et-dirlande-du-nord","15":"tag-uk","16":"tag-united-kingdom","17":"tag-united-kingdom-of-great-britain-and-northern-ireland"},"share_on_mastodon":{"url":"","error":""},"_links":{"self":[{"href":"https:\/\/www.europesays.com\/fr\/wp-json\/wp\/v2\/posts\/654341","targetHints":{"allow":["GET"]}}],"collection":[{"href":"https:\/\/www.europesays.com\/fr\/wp-json\/wp\/v2\/posts"}],"about":[{"href":"https:\/\/www.europesays.com\/fr\/wp-json\/wp\/v2\/types\/post"}],"author":[{"embeddable":true,"href":"https:\/\/www.europesays.com\/fr\/wp-json\/wp\/v2\/users\/2"}],"replies":[{"embeddable":true,"href":"https:\/\/www.europesays.com\/fr\/wp-json\/wp\/v2\/comments?post=654341"}],"version-history":[{"count":0,"href":"https:\/\/www.europesays.com\/fr\/wp-json\/wp\/v2\/posts\/654341\/revisions"}],"wp:featuredmedia":[{"embeddable":true,"href":"https:\/\/www.europesays.com\/fr\/wp-json\/wp\/v2\/media\/654342"}],"wp:attachment":[{"href":"https:\/\/www.europesays.com\/fr\/wp-json\/wp\/v2\/media?parent=654341"}],"wp:term":[{"taxonomy":"category","embeddable":true,"href":"https:\/\/www.europesays.com\/fr\/wp-json\/wp\/v2\/categories?post=654341"},{"taxonomy":"post_tag","embeddable":true,"href":"https:\/\/www.europesays.com\/fr\/wp-json\/wp\/v2\/tags?post=654341"}],"curies":[{"name":"wp","href":"https:\/\/api.w.org\/{rel}","templated":true}]}}