{"id":654347,"date":"2026-01-10T16:37:13","date_gmt":"2026-01-10T16:37:13","guid":{"rendered":"https:\/\/www.europesays.com\/fr\/654347\/"},"modified":"2026-01-10T16:37:13","modified_gmt":"2026-01-10T16:37:13","slug":"laccord-ue-mercosur-conteste-aussi-en-irlande-par-des-milliers-dagriculteurs","status":"publish","type":"post","link":"https:\/\/www.europesays.com\/fr\/654347\/","title":{"rendered":"L\u2019accord UE Mercosur contest\u00e9 aussi en Irlande, par des milliers d\u2019agriculteurs"},"content":{"rendered":"<p>Les agriculteurs fran\u00e7ais sont loin d\u2019\u00eatre les seuls en Europe \u00e0 vouloir la peau du trait\u00e9 du <a href=\"https:\/\/www.20minutes.fr\/economie\/mercosur\/\" class=\"c-link c-link--is-underlined\" target=\"_blank\" rel=\"noopener\">Mercosur<\/a>. Plusieurs milliers d\u2019agriculteurs se sont rassembl\u00e9s samedi \u00e0 Athlone dans le centre de <a href=\"https:\/\/www.20minutes.fr\/dossier\/irlande\" class=\"c-link c-link--is-underlined\" target=\"_blank\" rel=\"noopener\">l\u2019Irlande <\/a>pour protester contre l\u2019accord de libre-\u00e9change entre <a href=\"https:\/\/www.20minutes.fr\/dossier\/ue\" class=\"c-link c-link--is-underlined\" target=\"_blank\" rel=\"noopener\">l\u2019Union europ\u00e9enne<\/a> et les pays d\u2019Am\u00e9rique du Sud membres du Mercosur, a constat\u00e9 un journaliste de l\u2019AFP.<\/p>\n<\/p>\n<p>\u00ab\u00a0Non UE Mercosur\u00a0\u00bb et \u00ab\u00a0Soutien \u00e0 l\u2019agriculture irlandaise\u00a0\u00bb pouvait-on lire sur des pancartes accroch\u00e9es sur certains des nombreux tracteurs qui ont converg\u00e9 vers la petite localit\u00e9 situ\u00e9e \u00e0 mi-chemin entre Dublin et Galway, au lendemain du feu vert europ\u00e9en.<\/p>\n<p>Comme ses homologues fran\u00e7ais, hongrois, polonais et autrichien, le gouvernement irlandais s\u2019est oppos\u00e9 \u00e0 la conclusion de cet accord, qui suscite une forte contestation agricole, avec la crainte d\u2019une arriv\u00e9e de produits moins chers et pas forc\u00e9ment respectueux des normes de l\u2019UE.Vendredi, des manifestations et actions d\u2019agriculteurs ont eu lieu en Pologne, France et Belgique.<\/p>\n<p>Concurrence d\u00e9loyale de b\u0153ufs \u00e0 bas co\u00fbt<\/p>\n<p>Le Parlement europ\u00e9en doit encore se prononcer sur le texte, n\u00e9goci\u00e9 depuis plus de vingt-cinq ans entre l\u2019UE et le bloc sud-am\u00e9ricain du Mercosur, qui comprend le Br\u00e9sil, le Paraguay, l\u2019Argentine et l\u2019Uruguay. Il cr\u00e9erait l\u2019une des plus grandes zones de libre-\u00e9change au monde, de plus de 700\u00a0millions de consommateurs.<\/p>\n<p>Pour ses d\u00e9fenseurs comme l\u2019Allemagne et l\u2019Espagne, il va permettre au contraire de relancer une \u00e9conomie europ\u00e9enne \u00e0 la peine, en supprimant une large part des droits de douane, ce qui favoriserait les exportations europ\u00e9ennes de voitures, de machines, de vins et de fromages.<\/p>\n<p>En Irlande, les agriculteurs s\u2019inqui\u00e8tent notamment de la concurrence issue de l\u2019importation de viande de b\u0153uf \u00e0 moindre prix. Le principal syndicat agricole, l\u2019Irish farmers association (IFA) a jug\u00e9 \u00ab\u00a0tr\u00e8s d\u00e9cevant\u00a0\u00bb le feu vert europ\u00e9en et appel\u00e9 les d\u00e9put\u00e9s \u00e0 s\u2019y opposer.<\/p>\n<p>Vendredi, le vice-Premier ministre irlandais Simon Harris a assur\u00e9 que le gouvernement \u00ab\u00a0continuerait \u00e0 exposer (ses) pr\u00e9occupations\u00a0\u00bb.<\/p>\n","protected":false},"excerpt":{"rendered":"Les agriculteurs fran\u00e7ais sont loin d\u2019\u00eatre les seuls en Europe \u00e0 vouloir la peau du trait\u00e9 du Mercosur.&hellip;\n","protected":false},"author":2,"featured_media":654348,"comment_status":"","ping_status":"","sticky":false,"template":"","format":"standard","meta":{"footnotes":""},"categories":[1586],"tags":[63769,47,11,5165,6715,17449,1777,674,1779,1011,3844,27,516,74,12,26853,8552,25,1778,364,26855],"class_list":{"0":"post-654347","1":"post","2":"type-post","3":"status-publish","4":"format-standard","5":"has-post-thumbnail","7":"category-europe","8":"tag-accord-mercosur","9":"tag-actualite","10":"tag-actualites","11":"tag-amerique-du-sud","12":"tag-argentine","13":"tag-dublin","14":"tag-eu","15":"tag-europe","16":"tag-european-union","17":"tag-fr","18":"tag-francais","19":"tag-france","20":"tag-irlande","21":"tag-monde","22":"tag-news","23":"tag-paraguay","24":"tag-parlement-europeen","25":"tag-republique-francaise","26":"tag-ue","27":"tag-union-europeenne","28":"tag-uruguay"},"share_on_mastodon":{"url":"https:\/\/pubeurope.com\/@fr\/115871786208148580","error":""},"_links":{"self":[{"href":"https:\/\/www.europesays.com\/fr\/wp-json\/wp\/v2\/posts\/654347","targetHints":{"allow":["GET"]}}],"collection":[{"href":"https:\/\/www.europesays.com\/fr\/wp-json\/wp\/v2\/posts"}],"about":[{"href":"https:\/\/www.europesays.com\/fr\/wp-json\/wp\/v2\/types\/post"}],"author":[{"embeddable":true,"href":"https:\/\/www.europesays.com\/fr\/wp-json\/wp\/v2\/users\/2"}],"replies":[{"embeddable":true,"href":"https:\/\/www.europesays.com\/fr\/wp-json\/wp\/v2\/comments?post=654347"}],"version-history":[{"count":0,"href":"https:\/\/www.europesays.com\/fr\/wp-json\/wp\/v2\/posts\/654347\/revisions"}],"wp:featuredmedia":[{"embeddable":true,"href":"https:\/\/www.europesays.com\/fr\/wp-json\/wp\/v2\/media\/654348"}],"wp:attachment":[{"href":"https:\/\/www.europesays.com\/fr\/wp-json\/wp\/v2\/media?parent=654347"}],"wp:term":[{"taxonomy":"category","embeddable":true,"href":"https:\/\/www.europesays.com\/fr\/wp-json\/wp\/v2\/categories?post=654347"},{"taxonomy":"post_tag","embeddable":true,"href":"https:\/\/www.europesays.com\/fr\/wp-json\/wp\/v2\/tags?post=654347"}],"curies":[{"name":"wp","href":"https:\/\/api.w.org\/{rel}","templated":true}]}}