{"id":654353,"date":"2026-01-10T16:40:15","date_gmt":"2026-01-10T16:40:15","guid":{"rendered":"https:\/\/www.europesays.com\/fr\/654353\/"},"modified":"2026-01-10T16:40:15","modified_gmt":"2026-01-10T16:40:15","slug":"coupe-de-france-sochaux-lens-finalement-reporte","status":"publish","type":"post","link":"https:\/\/www.europesays.com\/fr\/654353\/","title":{"rendered":"Coupe de France. Sochaux &#8211; Lens finalement report\u00e9 !"},"content":{"rendered":"<p><img loading=\"lazy\" decoding=\"async\" width=\"696\" height=\"466\" class=\"lazyload entry-thumb\" src=\"https:\/\/www.europesays.com\/fr\/wp-content\/uploads\/2026\/01\/Ballon-et-Neige-696x466.jpg\" alt=\"Ballon et Neige\" title=\"Ballon et Neige\"\/>Photo Philippe Le Brech)<\/p>\n<p style=\"font-size:20px\"><strong>Pr\u00e9vu \u00e0 21 heures, le match des seizi\u00e8mes de finale de coupe de France entre Sochaux et Lens a \u00e9t\u00e9 report\u00e9 par d\u00e9cision pr\u00e9fectorale. <\/strong><\/p>\n<p>Alors que la neige tombe depuis hier sur le Doubs, la tenue de la rencontre des seizi\u00e8mes de coupe de France entre le FC Sochaux Montb\u00e9liard (National) et le RC Lens (Ligue 1) ne semblait pas menac\u00e9e. Une b\u00e2che avait \u00e9t\u00e9 pos\u00e9e sur la pelouse du stade Bonal. Le FCSM avait d\u2019ailleurs averti que le syst\u00e8me de chauffage permettait d\u2019\u00e9viter l\u2019enneigement du terrain.<\/p>\n<p>Pourtant, selon <a href=\"https:\/\/www.lequipe.fr\/Football\/Actualites\/Le-16e-de-finale-de-coupe-de-france-entre-sochaux-et-lens-reporte\/1632510\" target=\"_blank\" rel=\"noreferrer noopener\">L\u2019Equipe<\/a>, le match ne devrait pas avoir lieu ce samedi soir (21 heures). Avec les fortes chutes de neige de ce samedi, la Pr\u00e9fecture du Doubs avait demand\u00e9 la tenue du match \u00e0 huis clos. Ce que les dirigeants de Sochaux auraient refus\u00e9. Le report du match a donc \u00e9t\u00e9 act\u00e9.<\/p>\n<p><strong><a href=\"https:\/\/footamateur.ouest-france.fr\/categories\/coupe-de-france-de-football\/\" target=\"_blank\" rel=\"noreferrer noopener\">&gt;&gt;&gt; Suivez toutes l\u2019actualit\u00e9 de la coupe de France<\/a><\/strong><\/p>\n<p><strong>\u00ab\u00a0Le FC Sochaux-Montb\u00e9liard remercie le Racing Club de Lens pour sa coop\u00e9ration et son accord concernant ce report, permettant ainsi d\u2019accueillir le public au Stade Bonal dans des conditions optimales de s\u00e9curit\u00e9 et d\u2019organisation\u00a0\u00bb<\/strong> a annonc\u00e9 le FCSM \u00e0 15h55. La rencontre aura lieu ce dimanche 11 janvier \u00e0 15h.<\/p>\n<p><a href=\"https:\/\/footamateur.ouest-france.fr\/author\/jerome\/\" class=\"url\" title=\"J\u00e9rome Bouchacourt\" target=\"_blank\" rel=\"noopener\"> <img decoding=\"async\" src=\"https:\/\/www.europesays.com\/fr\/wp-content\/uploads\/2025\/04\/moi.jpg\" class=\"lazyload photo\" width=\"250\" alt=\"J\u00e9rome Bouchacourt\"\/><\/a><\/p>\n<p>SEO et r\u00e9dacteur en chef chez Sports M\u00e9dia<\/p>\n<p>Petit Suisse originaire de Lausanne, au bord du Lac L\u00e9man, biberonn\u00e9 au Beaujolais depuis ses deux ans, J\u00e9r\u00f4me a migr\u00e9 dans la r\u00e9gion nantaise au d\u00e9but des ann\u00e9es 2000. Fan de football amateur, de ses rencontres, ses terrains bossel\u00e9s, ses buvettes conviviales, il est aussi un bon vivant qui adore la cuisine lyonnaise ! Fondateur de Footamateur.fr en mai 2014.<\/p>\n<p><a href=\"https:\/\/footamateur.ouest-france.fr\/author\/jerome\/\" class=\"url\" title=\"J\u00e9rome Bouchacourt\" target=\"_blank\" rel=\"noopener\"><img decoding=\"async\" src=\"https:\/\/www.europesays.com\/fr\/wp-content\/uploads\/2025\/04\/moi.jpg\" class=\"lazyload photo\" width=\"250\" alt=\"J\u00e9rome Bouchacourt\"\/><\/a>Les derniers articles par J\u00e9rome Bouchacourt (<a href=\"https:\/\/footamateur.ouest-france.fr\/author\/jerome\/\" target=\"_blank\" rel=\"noopener\">tout voir<\/a>)<\/p>\n","protected":false},"excerpt":{"rendered":"Photo Philippe Le Brech) Pr\u00e9vu \u00e0 21 heures, le match des seizi\u00e8mes de finale de coupe de France&hellip;\n","protected":false},"author":2,"featured_media":654354,"comment_status":"","ping_status":"","sticky":false,"template":"","format":"standard","meta":{"footnotes":""},"categories":[4],"tags":[11,1011,27,12,25],"class_list":{"0":"post-654353","1":"post","2":"type-post","3":"status-publish","4":"format-standard","5":"has-post-thumbnail","7":"category-france","8":"tag-actualites","9":"tag-fr","10":"tag-france","11":"tag-news","12":"tag-republique-francaise"},"share_on_mastodon":{"url":"https:\/\/pubeurope.com\/@fr\/115871798144637239","error":""},"_links":{"self":[{"href":"https:\/\/www.europesays.com\/fr\/wp-json\/wp\/v2\/posts\/654353","targetHints":{"allow":["GET"]}}],"collection":[{"href":"https:\/\/www.europesays.com\/fr\/wp-json\/wp\/v2\/posts"}],"about":[{"href":"https:\/\/www.europesays.com\/fr\/wp-json\/wp\/v2\/types\/post"}],"author":[{"embeddable":true,"href":"https:\/\/www.europesays.com\/fr\/wp-json\/wp\/v2\/users\/2"}],"replies":[{"embeddable":true,"href":"https:\/\/www.europesays.com\/fr\/wp-json\/wp\/v2\/comments?post=654353"}],"version-history":[{"count":0,"href":"https:\/\/www.europesays.com\/fr\/wp-json\/wp\/v2\/posts\/654353\/revisions"}],"wp:featuredmedia":[{"embeddable":true,"href":"https:\/\/www.europesays.com\/fr\/wp-json\/wp\/v2\/media\/654354"}],"wp:attachment":[{"href":"https:\/\/www.europesays.com\/fr\/wp-json\/wp\/v2\/media?parent=654353"}],"wp:term":[{"taxonomy":"category","embeddable":true,"href":"https:\/\/www.europesays.com\/fr\/wp-json\/wp\/v2\/categories?post=654353"},{"taxonomy":"post_tag","embeddable":true,"href":"https:\/\/www.europesays.com\/fr\/wp-json\/wp\/v2\/tags?post=654353"}],"curies":[{"name":"wp","href":"https:\/\/api.w.org\/{rel}","templated":true}]}}