{"id":654357,"date":"2026-01-10T16:43:12","date_gmt":"2026-01-10T16:43:12","guid":{"rendered":"https:\/\/www.europesays.com\/fr\/654357\/"},"modified":"2026-01-10T16:43:12","modified_gmt":"2026-01-10T16:43:12","slug":"mignoni-veut-le-meilleur-pour-mayol","status":"publish","type":"post","link":"https:\/\/www.europesays.com\/fr\/654357\/","title":{"rendered":"Mignoni veut le meilleur pour Mayol"},"content":{"rendered":"<p><strong>Alors que Bernard Lema\u00eetre a<br \/>\nr\u00e9cemment \u00e9voqu\u00e9 la possibilit\u00e9 pour le RC Toulon de construire un<br \/>\nnouveau stade, Pierre Mignoni n\u2019a pas cach\u00e9 son attachement \u00e0<br \/>\nl\u2019actuel Stade Mayol mais conc\u00e8de qu\u2019une enceinte plus moderne<br \/>\nserait un avantage pour le club varois.<\/strong><\/p>\n<p>Bernard Lema\u00eetre a jet\u00e9 un pav\u00e9 dans la mare. Alors que le RC<br \/>\nToulon \u00e9volue sur la pelouse du Stade Mayol depuis 1920, le patron<br \/>\ndu club varois a \u00e9voqu\u00e9 la possibilit\u00e9 de construire une nouvelle<br \/>\nenceinte avec l\u2019objectif de poursuivre son d\u00e9veloppement. L\u2019homme<br \/>\nd\u2019affaires a ainsi \u00e9voqu\u00e9 dans un entretien accord\u00e9 au quotidien<br \/>\nL\u2019Equipe des \u00ab handicaps qui (le) limitent dans la<br \/>\ncr\u00e9ation de (ses) revenus \u00bb, mettant en avant \u00ab tous les revenus<br \/>\nqui peuvent se cr\u00e9er autour de l\u2019exploitation d\u2019un stade \u00bb.<\/p>\n<p>Un sujet qui a \u00e9t\u00e9 \u00e9voqu\u00e9 lors de la conf\u00e9rence de presse<br \/>\npr\u00e9alable \u00e0 la r\u00e9ception du Munster ce dimanche dans le cadre de la<br \/>\n3eme journ\u00e9e de la Champions Cup. Pierre Mignoni a tout d\u2019abord<br \/>\nassur\u00e9 que cette prise de parole pr\u00e9sidentielle a mis en lumi\u00e8re le<br \/>\nfait que le RCT \u00ab a besoin d\u2019une structure moderne, sur le plan<br \/>\n\u00e9conomique \u00bb et que cela pourrait passer par une \u00e9volution du<br \/>\nstade.<\/p>\n<p>Mignoni : \u00ab Aider le club sur le<br \/>\nplan \u00e9conomique \u00bb<\/p>\n<p>\u00ab Il faut comprendre que le pr\u00e9sident travaille en parall\u00e8le<br \/>\navec des structures tr\u00e8s qualifi\u00e9es pour savoir ce que l\u2019on peut<br \/>\nfaire sur l\u2019am\u00e9lioration moderne de Mayol, a ajout\u00e9 le manager du<br \/>\nclub varois. A partir de l\u00e0, des conclusions seront faites. \u00bb<br \/>\nN\u00e9anmoins, alors que les \u00e9lections municipales se rapprochent,<br \/>\nPierre Mignoni a confi\u00e9 que ce n\u2019\u00e9tait pas forc\u00e9ment le bon moment<br \/>\npour d\u00e9battre du futur du Stade Mayol. Malgr\u00e9 tout, le sujet devra<br \/>\nvenir sur la table car il sera crucial pour l\u2019avenir du club. \u00ab<br \/>\nAvant de dire qu\u2019il faut partir de Mayol, \u00eatre \u00e0 c\u00f4t\u00e9 de Mayol ou<br \/>\nr\u00e9nover Mayol, il faut dans le futur \u00e0 moyen terme, aider le club<br \/>\nsur le plan \u00e9conomique pour ne pas que le club se retrouve dans dix<br \/>\nans, quand Bernard Lema\u00eetre ne sera plus l\u00e0, en difficult\u00e9<br \/>\n\u00e9conomique \u00bb, a-t-il confi\u00e9 face aux journalistes. Confiant qu\u2019ils<br \/>\nsont \u00ab tous tiraill\u00e9s \u00bb sur cette question au sein du club, Pierre<br \/>\nMignoni n\u2019a pas cach\u00e9 que l\u2019avenir du Stade Mayol sera source de<br \/>\ntensions li\u00e9es \u00e0 son histoire.<\/p>\n<p>Mignoni et l\u2019h\u00e9ritage de<br \/>\nMayol<\/p>\n<p>En effet, le manager toulonnais a rappel\u00e9 que \u00ab F\u00e9lix Mayol a<br \/>\ndonn\u00e9 le stade \u00bb, le chanteur ayant \u00ab donn\u00e9 l\u2019emplacement pour<br \/>\nfaire un stade \u00bb \u00e0 la fin des ann\u00e9es 1920. Une enceinte qui a d\u00e9j\u00e0<br \/>\n\u00e9volu\u00e9 par le pass\u00e9 avec la derni\u00e8re extension qui remonte \u00e0 2016<br \/>\npour pousser sa capacit\u00e9 au-del\u00e0 des 17 000 places. Se mettant un<br \/>\ntemps \u00e0 la place de F\u00e9lix Mayol, Pierre Mignoni a assur\u00e9 que ce<br \/>\ndernier \u00ab aurait aim\u00e9 que l\u2019on fasse un Mayol qui soit digne du RCT<br \/>\ncomme il l\u2019a donn\u00e9 \u00e0 l\u2019\u00e9poque \u00bb. Pour conclure, l\u2019ancien demi de<br \/>\nm\u00eal\u00e9e a affirm\u00e9 qu\u2019il serait \u00e9vidente que le chanteur \u00ab serait \u00e0<br \/>\nfond derri\u00e8re un projet pour am\u00e9liorer nos structures \u00e0 Mayol,<br \/>\nfaire le maximum pour cela et se poser les bonnes questions ensuite<br \/>\nsur les options que l\u2019on aura \u00bb. En tout cas, ce projet lanc\u00e9 par<br \/>\nBernard Lema\u00eetre fera couler de l\u2019encre d\u2019ici \u00e0 sa<br \/>\nmat\u00e9rialisation.<\/p>\n","protected":false},"excerpt":{"rendered":"Alors que Bernard Lema\u00eetre a r\u00e9cemment \u00e9voqu\u00e9 la possibilit\u00e9 pour le RC Toulon de construire un nouveau stade,&hellip;\n","protected":false},"author":2,"featured_media":654358,"comment_status":"","ping_status":"","sticky":false,"template":"","format":"standard","meta":{"footnotes":""},"categories":[1416],"tags":[1011,27,71572,11851,479,1468,57681,60,478,2310],"class_list":{"0":"post-654357","1":"post","2":"type-post","3":"status-publish","4":"format-standard","5":"has-post-thumbnail","7":"category-rugby","8":"tag-fr","9":"tag-france","10":"tag-mayol","11":"tag-mignoni","12":"tag-rugby","13":"tag-rugby-football","14":"tag-sport365-fr","15":"tag-sports","16":"tag-top-14","17":"tag-toulon"},"share_on_mastodon":{"url":"https:\/\/pubeurope.com\/@fr\/115871809856509679","error":""},"_links":{"self":[{"href":"https:\/\/www.europesays.com\/fr\/wp-json\/wp\/v2\/posts\/654357","targetHints":{"allow":["GET"]}}],"collection":[{"href":"https:\/\/www.europesays.com\/fr\/wp-json\/wp\/v2\/posts"}],"about":[{"href":"https:\/\/www.europesays.com\/fr\/wp-json\/wp\/v2\/types\/post"}],"author":[{"embeddable":true,"href":"https:\/\/www.europesays.com\/fr\/wp-json\/wp\/v2\/users\/2"}],"replies":[{"embeddable":true,"href":"https:\/\/www.europesays.com\/fr\/wp-json\/wp\/v2\/comments?post=654357"}],"version-history":[{"count":0,"href":"https:\/\/www.europesays.com\/fr\/wp-json\/wp\/v2\/posts\/654357\/revisions"}],"wp:featuredmedia":[{"embeddable":true,"href":"https:\/\/www.europesays.com\/fr\/wp-json\/wp\/v2\/media\/654358"}],"wp:attachment":[{"href":"https:\/\/www.europesays.com\/fr\/wp-json\/wp\/v2\/media?parent=654357"}],"wp:term":[{"taxonomy":"category","embeddable":true,"href":"https:\/\/www.europesays.com\/fr\/wp-json\/wp\/v2\/categories?post=654357"},{"taxonomy":"post_tag","embeddable":true,"href":"https:\/\/www.europesays.com\/fr\/wp-json\/wp\/v2\/tags?post=654357"}],"curies":[{"name":"wp","href":"https:\/\/api.w.org\/{rel}","templated":true}]}}