{"id":654361,"date":"2026-01-10T16:48:12","date_gmt":"2026-01-10T16:48:12","guid":{"rendered":"https:\/\/www.europesays.com\/fr\/654361\/"},"modified":"2026-01-10T16:48:12","modified_gmt":"2026-01-10T16:48:12","slug":"evenepoel-sur-luae-tour","status":"publish","type":"post","link":"https:\/\/www.europesays.com\/fr\/654361\/","title":{"rendered":"Evenepoel sur l&rsquo;UAE Tour ?"},"content":{"rendered":"<p><strong>Si Remco Evenepoel fera ses<br \/>\nd\u00e9buts sous les couleurs de l\u2019\u00e9quipe Red Bull-Bora-Hansgrohe lors<br \/>\ndu Challenge de Majorque, le rouleur belge devrait faire le<br \/>\nd\u00e9placement aux Emirats Arabes Unis pour participer \u00e0 l\u2019UAE Tour \u00e0<br \/>\nla mi-f\u00e9vrier.<\/strong><\/p>\n<p>La reprise se rapproche pour Remco Evenepoel. Le rouleur belge<br \/>\nfera sa premi\u00e8re apparition avec le maillot de l\u2019\u00e9quipe Red<br \/>\nBull-Bora-Hansgrohe le 29 janvier prochain \u00e0 l\u2019occasion du Trofeo<br \/>\nSes Salines, deuxi\u00e8me des cinq courses du Challenge de Majorque<br \/>\ndisput\u00e9e sous la forme d\u2019un contre-la-montre par \u00e9quipes.<\/p>\n<p>Un rodage sur 24 kilom\u00e8tres qui interviendra apr\u00e8s un ultime<br \/>\nstage de pr\u00e9paration individuel autour de Calpe. Mais, surtout, il<br \/>\nsera un pr\u00e9alable \u00e0 la v\u00e9ritable entr\u00e9e en mani\u00e8re du rouleur belge<br \/>\nlors du Tour de la Communaut\u00e9 de Valence du 4 au <strong>8 f\u00e9vrier<br \/>\nprochains<\/strong>. Pour ce qui est des semaines suivantes, les<br \/>\nlignes sont actuellement en train de bouger.<\/p>\n<p>Evenepoel vers un retour sur l\u2019UAE<br \/>\nTour<\/p>\n<p>En effet, alors que la formation allemande avait annonc\u00e9 un<br \/>\nstage en altitude avant une course par \u00e9tapes en mars puis le Tour<br \/>\nde Catalogne \u00e0 la fin du m\u00eame mois, Remco Evenepoel pourrait<br \/>\nfinalement faire un d\u00e9tour par le Moyen-Orient. Selon les<br \/>\ninformations du quotidien belge n\u00e9erlandophone Het Laatste<br \/>\nNieuws, le natif d\u2019Alost devrait prendre le d\u00e9part de l\u2019UAE<br \/>\nTour, pr\u00e9vu du 16 au 22 f\u00e9vrier prochain. Les organisateurs de<br \/>\nl\u2019\u00e9preuve auraient ainsi trouv\u00e9 les arguments suffisants pour que<br \/>\nl\u2019\u00e9quipe Red Bull-Bora-Hansgrohe amende le programme de sa nouvelle<br \/>\nt\u00eate d\u2019affiche. Il devrait ainsi y affronter Isaac del Toro, leader<br \/>\nde l\u2019\u00e9quipe UAE Team Emirates-XRG en l\u2019absence de Tadej<br \/>\nPogacar.<\/p>\n<p>Retour en altitude dans la<br \/>\nfoul\u00e9e<\/p>\n<p>Contraint \u00e0 l\u2019abandon lors de sa premi\u00e8re apparition aux Emirats<br \/>\nArabes Unis en 2019, Remco Evenepoel est all\u00e9 chercher sa victoire<br \/>\nen 2023. Il y avait alors devanc\u00e9 Luke Plapp et Adam Yates de<br \/>\nquasiment une minute au terme des sept \u00e9tapes. Une fois l\u2019UAE Tour<br \/>\nderri\u00e8re lui, course disput\u00e9e dans des conditions de temp\u00e9rature<br \/>\nbien diff\u00e9rentes que celle v\u00e9cues en Europe le Belge devrait<br \/>\nprendre directement la direction des Iles Canaries. Il y prendrait<br \/>\npart \u00e0 un nouveau stage en altitude pour pr\u00e9parer la suite de sa<br \/>\nsaison. Apr\u00e8s le Tour de Catalogne, qu\u2019il abordera avec l\u2019envie de<br \/>\nbriller, Remco Evenepoel pourra se tourner vers le Tour de<br \/>\nFrance.<\/p>\n","protected":false},"excerpt":{"rendered":"Si Remco Evenepoel fera ses d\u00e9buts sous les couleurs de l\u2019\u00e9quipe Red Bull-Bora-Hansgrohe lors du Challenge de Majorque,&hellip;\n","protected":false},"author":2,"featured_media":654362,"comment_status":"","ping_status":"","sticky":false,"template":"","format":"standard","meta":{"footnotes":""},"categories":[1411],"tags":[1154,207,73175,1011,27,57681,60,75722],"class_list":{"0":"post-654361","1":"post","2":"type-post","3":"status-publish","4":"format-standard","5":"has-post-thumbnail","7":"category-cyclisme","8":"tag-cycling","9":"tag-cyclisme","10":"tag-evenepoel","11":"tag-fr","12":"tag-france","13":"tag-sport365-fr","14":"tag-sports","15":"tag-uae-tour"},"share_on_mastodon":{"url":"https:\/\/pubeurope.com\/@fr\/115871829437128202","error":""},"_links":{"self":[{"href":"https:\/\/www.europesays.com\/fr\/wp-json\/wp\/v2\/posts\/654361","targetHints":{"allow":["GET"]}}],"collection":[{"href":"https:\/\/www.europesays.com\/fr\/wp-json\/wp\/v2\/posts"}],"about":[{"href":"https:\/\/www.europesays.com\/fr\/wp-json\/wp\/v2\/types\/post"}],"author":[{"embeddable":true,"href":"https:\/\/www.europesays.com\/fr\/wp-json\/wp\/v2\/users\/2"}],"replies":[{"embeddable":true,"href":"https:\/\/www.europesays.com\/fr\/wp-json\/wp\/v2\/comments?post=654361"}],"version-history":[{"count":0,"href":"https:\/\/www.europesays.com\/fr\/wp-json\/wp\/v2\/posts\/654361\/revisions"}],"wp:featuredmedia":[{"embeddable":true,"href":"https:\/\/www.europesays.com\/fr\/wp-json\/wp\/v2\/media\/654362"}],"wp:attachment":[{"href":"https:\/\/www.europesays.com\/fr\/wp-json\/wp\/v2\/media?parent=654361"}],"wp:term":[{"taxonomy":"category","embeddable":true,"href":"https:\/\/www.europesays.com\/fr\/wp-json\/wp\/v2\/categories?post=654361"},{"taxonomy":"post_tag","embeddable":true,"href":"https:\/\/www.europesays.com\/fr\/wp-json\/wp\/v2\/tags?post=654361"}],"curies":[{"name":"wp","href":"https:\/\/api.w.org\/{rel}","templated":true}]}}