{"id":654369,"date":"2026-01-10T16:53:10","date_gmt":"2026-01-10T16:53:10","guid":{"rendered":"https:\/\/www.europesays.com\/fr\/654369\/"},"modified":"2026-01-10T16:53:10","modified_gmt":"2026-01-10T16:53:10","slug":"elle-revient-sur-son-experi","status":"publish","type":"post","link":"https:\/\/www.europesays.com\/fr\/654369\/","title":{"rendered":"elle revient sur son exp\u00e9ri &#8230;"},"content":{"rendered":"<p>EN BREF<\/p>\n<p class=\"p1\">Ce vendredi 9 janvier 2026, Thomas Isle recevait dans<br \/>\nl\u00a0\u00bb\u00e9mission Culture M\u00e9dias deux personnes c\u00e9l\u00e9brit\u00e9s au coeur de<br \/>\nl&rsquo;actualit\u00e9 m\u00e9diatique et culturelle. Au micro, Marianne James et<br \/>\nConstance Gay ont r\u00e9pondu aux questions du journaliste dans le<br \/>\ncadre de la promotion de la s\u00e9rie Face \u00e0 face, en cours de<br \/>\ndiffusion sur France 3.<\/p>\n<p class=\"p1\">L&rsquo;interview a \u00e9galement port\u00e9 sur la participation<br \/>\ndes deux actrices \u00e0 Mask Singer. \u00ab\u00a0TF1 m&rsquo;appelle en me disant<br \/>\nest-ce qu&rsquo;on ferait pas une petite vanne \u00e0 Mika, il est dans le<br \/>\njury et tout. Je fais bien s\u00fbr, en revanche je vous pr\u00e9viens direct<br \/>\n; ils disent on va trouver un costume magnifique et tout. Je fais<br \/>\nhop hop hop hop, moi si je fais\u00a0Mask Singer, c&rsquo;est pour \u00eatre<br \/>\nen saucisse, et \u00e7a sort comme \u00e7a\u00a0\u00bb, s&rsquo;est rem\u00e9mor\u00e9e Constance<br \/>\nGay.<\/p>\n<p>Marianne James : pourquoi garde-t-elle un souvenir<br \/>\nmitig\u00e9 de Mask Singer ?<\/p>\n<p class=\"p1\">Marianne James n&rsquo;a pas eu une exp\u00e9rience aussi<br \/>\nheureuse que sa camarade lors de sa participation \u00e0 l&rsquo;\u00e9mission en<br \/>\n2022. C&rsquo;est le moins que l&rsquo;on puisse dire \u00ab\u00a0Moi j&rsquo;\u00e9tais b\u00e9b\u00e9,<br \/>\nj&rsquo;\u00e9tais gros b\u00e9b\u00e9 dans un youpala, vraiment un gros b\u00e9b\u00e9.\u00a0Mais<br \/>\nil ne fallait pas voir mes doudounes, mon ventre, il ne fallait pas<br \/>\ncomprendre&#8230;.\u00a0\u00bb, a commenc\u00e9 par expliquer l&rsquo;ex-compagne de<br \/>\nBertrand Edl au micro d&rsquo;Europe 1.<\/p>\n<p class=\"p1\">Et de poursuivre : \u00ab\u00a0Parce que si tu trahis, une<br \/>\nvoix de femme, tr\u00e8s ronde et tr\u00e8s grande, il y a des chances que \u00e7a<br \/>\nsoit moi quand m\u00eame [\u2026] Et donc il fallait planquer tout \u00e7a, et<br \/>\nj&rsquo;\u00e9tais effectivement dans une \u00e9norme structure en plastazote,<br \/>\nc&rsquo;est cette mati\u00e8re qui permet d&rsquo;avoir tous les mouvements. Et un<br \/>\nyoupala\u00a0\u00bb.<\/p>\n<p>Marianne James : pourquoi a-t-elle<br \/>\n\u00e9t\u00e9 \u00ab\u00a0vex\u00e9e comme un pou\u00a0\u00bb ?<\/p>\n<p class=\"p1\">Le costume de b\u00e9b\u00e9 derri\u00e8re laquelle Marianne James<br \/>\ndissimulait sa silhouette n&rsquo;a malheureusement pas fait illusion sur<br \/>\nles enqu\u00eateurs de Mask Singer. \u00ab\u00a0Je me suis fait virer d\u00e8s la<br \/>\npremi\u00e8re \u00e9mission. J&rsquo;\u00e9tais vex\u00e9e comme un pou\u00a0\u00bb,\u00a0 confie<br \/>\naujourd&rsquo;hui la jur\u00e9e de La France a un incroyable talent.<\/p>\n<p class=\"p1\">Sa rancune reste tenace quatre ans plus tard.<br \/>\n\u00ab\u00a0Les jur\u00e9s :\u00a0Chantal Ladesou, la prochaine fois que je la<br \/>\nvois, je l&rsquo;\u00e9trangle !\u00a0Elle n&rsquo;a pas vot\u00e9 pour moi. Ils ont<br \/>\npens\u00e9 que j&rsquo;\u00e9tais tellement ronde, ils ont pens\u00e9 que j&rsquo;\u00e9tais deux.<br \/>\nQu&rsquo;on \u00e9tait deux gar\u00e7ons\u00a0\u00bb, s&#8217;emporte-telle face \u00e0 Thomas Isle,<br \/>\nfaisant ici allusion \u00e0 son interpr\u00e9tation de Mon papa \u00e0 moi est<br \/>\nun gangster\u00a0de\u00a0Stomy Bugsy, chant\u00e9 \u00e0 la mani\u00e8re d&rsquo;un<br \/>\nduo. \u00ab\u00a0Ils se sont dit :\u00a0&lsquo;Ce sont deux mecs&rsquo;. Ils<br \/>\nont pens\u00e9 aux deux de NTM. Ils ont pens\u00e9 \u00e0 Chevallier et Laspal\u00e8s.<br \/>\n[&#8230;] En fin de compte, le costume \u00e9tait tellement gros, ils se<br \/>\nsont dit : &lsquo;Ils sont deux.'\u00a0\u00bb Une virtuosit\u00e9 qui l&rsquo;a<br \/>\nexceptionnellement desservie.<\/p>\n","protected":false},"excerpt":{"rendered":"EN BREF Ce vendredi 9 janvier 2026, Thomas Isle recevait dans l\u00a0\u00bb\u00e9mission Culture M\u00e9dias deux personnes c\u00e9l\u00e9brit\u00e9s au&hellip;\n","protected":false},"author":2,"featured_media":654370,"comment_status":"","ping_status":"","sticky":false,"template":"","format":"standard","meta":{"footnotes":""},"categories":[1356],"tags":[548,58,59,1011,27,13172,5983,252,1364],"class_list":{"0":"post-654369","1":"post","2":"type-post","3":"status-publish","4":"format-standard","5":"has-post-thumbnail","7":"category-television","8":"tag-article-simple","9":"tag-divertissement","10":"tag-entertainment","11":"tag-fr","12":"tag-france","13":"tag-marianne-james","14":"tag-mask-singer","15":"tag-television","16":"tag-tv"},"share_on_mastodon":{"url":"https:\/\/pubeurope.com\/@fr\/115871849158850267","error":""},"_links":{"self":[{"href":"https:\/\/www.europesays.com\/fr\/wp-json\/wp\/v2\/posts\/654369","targetHints":{"allow":["GET"]}}],"collection":[{"href":"https:\/\/www.europesays.com\/fr\/wp-json\/wp\/v2\/posts"}],"about":[{"href":"https:\/\/www.europesays.com\/fr\/wp-json\/wp\/v2\/types\/post"}],"author":[{"embeddable":true,"href":"https:\/\/www.europesays.com\/fr\/wp-json\/wp\/v2\/users\/2"}],"replies":[{"embeddable":true,"href":"https:\/\/www.europesays.com\/fr\/wp-json\/wp\/v2\/comments?post=654369"}],"version-history":[{"count":0,"href":"https:\/\/www.europesays.com\/fr\/wp-json\/wp\/v2\/posts\/654369\/revisions"}],"wp:featuredmedia":[{"embeddable":true,"href":"https:\/\/www.europesays.com\/fr\/wp-json\/wp\/v2\/media\/654370"}],"wp:attachment":[{"href":"https:\/\/www.europesays.com\/fr\/wp-json\/wp\/v2\/media?parent=654369"}],"wp:term":[{"taxonomy":"category","embeddable":true,"href":"https:\/\/www.europesays.com\/fr\/wp-json\/wp\/v2\/categories?post=654369"},{"taxonomy":"post_tag","embeddable":true,"href":"https:\/\/www.europesays.com\/fr\/wp-json\/wp\/v2\/tags?post=654369"}],"curies":[{"name":"wp","href":"https:\/\/api.w.org\/{rel}","templated":true}]}}