{"id":654373,"date":"2026-01-10T16:55:14","date_gmt":"2026-01-10T16:55:14","guid":{"rendered":"https:\/\/www.europesays.com\/fr\/654373\/"},"modified":"2026-01-10T16:55:14","modified_gmt":"2026-01-10T16:55:14","slug":"un-nouvel-avenger-de-retour-pour-secret-wars-toujours-en-quete-dune-suite-solo-tant-attendue","status":"publish","type":"post","link":"https:\/\/www.europesays.com\/fr\/654373\/","title":{"rendered":"Un nouvel Avenger de retour pour Secret Wars, toujours en qu\u00eate d\u2019une suite solo tant attendue"},"content":{"rendered":"<p class=\"chapo\">Un membre r\u00e9cent des Avengers fera son grand retour dans Secret Wars, suscitant l\u2019enthousiasme des fans. Pourtant, beaucoup attendent encore qu\u2019il b\u00e9n\u00e9ficie d\u2019une suite en solo pour approfondir son histoire et son d\u00e9veloppement.<\/p>\n<p>Tl;dr<\/p>\n<ul>\n<li>MCU Phase Four : succ\u00e8s mitig\u00e9s et sursaturation.<\/li>\n<li><strong>Shang-Chi<\/strong>, sommet inattendu, mais suite absente.<\/li>\n<li>Simu Liu confirme le retour du h\u00e9ros bient\u00f4t.<\/li>\n<\/ul>\n<p>Le paradoxe de la Phase Quatre<\/p>\n<p>Lorsque l\u2019on \u00e9voque la <strong>Phase Quatre du Marvel Cinematic Universe (MCU)<\/strong>, difficile de ne pas relever une forme d\u2019essoufflement. Non seulement la franchise peine \u00e0 s\u00e9duire de nouveaux spectateurs, mais elle voit aussi une partie de ses fid\u00e8les se d\u00e9tourner apr\u00e8s certains volets jug\u00e9s faibles. Il faut dire que la cadence impressionnante \u2014 huit s\u00e9ries diffus\u00e9es sur Disney+ et sept longs-m\u00e9trages en moins de deux ans \u2014 a dilu\u00e9 l\u2019attrait des nouveaut\u00e9s. Except\u00e9 le raz-de-mar\u00e9e de <a href=\"https:\/\/www.begeek.fr\/premiere-photo-du-tournage-de-spider-man-4-un-element-cle-tease-par-no-way-home-confirme-421224\" target=\"_blank\" rel=\"noopener\">Spider-Man : No Way Home<\/a>, rares furent les projets \u00e0 susciter un engouement comparable \u00e0 celui des grandes heures du MCU.<\/p>\n<p>Shang-Chi : une r\u00e9ussite singuli\u00e8re<\/p>\n<p>Pourtant, au milieu de cette profusion, un film parvient \u00e0 s\u2019imposer comme une r\u00e9f\u00e9rence inattendue : <strong>Shang-Chi and the Legend of the Ten Rings<\/strong>. Port\u00e9 par un <strong>Simu Liu<\/strong> charismatique, ce long-m\u00e9trage se distingue non seulement par son casting \u2014 mention sp\u00e9ciale \u00e0 Awkwafina dans un r\u00f4le d\u2019alli\u00e9e inspir\u00e9e, et \u00e0 la prestation m\u00e9morable du m\u00e9chant principal \u2014 mais aussi par sa mise en sc\u00e8ne dynamique sign\u00e9e Destin Daniel Cretton. Les s\u00e9quences d\u2019action virtuoses et l\u2019\u00e9criture soign\u00e9e des personnages permettent au film de d\u00e9passer les standards habituels du MCU.<\/p>\n<p>L\u2019attente interminable d\u2019une suite<\/p>\n<p>Mais alors, pourquoi n\u2019a-t-on toujours pas vu pointer une suite ? Malgr\u00e9 le succ\u00e8s critique et commercial du premier opus en ao\u00fbt 2021, aucun projet concret n\u2019a encore abouti. \u00c0 titre de comparaison, il n\u2019a fallu que deux ou trois ans pour revoir des h\u00e9ros tels qu\u2019Iron Man, Thor, ou encore les Gardiens de la Galaxie. Le cas de <a href=\"https:\/\/www.begeek.fr\/shang-chi-la-derniere-annonce-en-date-prepare-discretement-larrivee-dune-equipe-mcu-redoutable-422629\" target=\"_blank\" rel=\"noopener\"><strong>Shang-Chi<\/strong><\/a> interroge : voil\u00e0 d\u00e9sormais cinq ans depuis sa premi\u00e8re apparition (ou quatre si l\u2019on compte bri\u00e8vement sa voix dans Marvel Zombies). Un d\u00e9lai inhabituellement long pour un personnage qui a pourtant conquis le public.<\/p>\n<p>Voici ce qui rend cette situation encore plus surprenante :<\/p>\n<ul>\n<li><strong>Destin Daniel Cretton<\/strong>, initialement pressenti pour r\u00e9aliser \u00ab Avengers: The Kang Dynasty \u00bb, s\u2019est vu confier d\u2019autres franchises majeures.<\/li>\n<li>L\u2019accent mis sur le ph\u00e9nom\u00e8ne \u00ab No Way Home \u00bb a pu repousser les priorit\u00e9s internes.<\/li>\n<li><strong>Simu Liu<\/strong>, tout juste occup\u00e9 par sa s\u00e9rie \u00ab The Copenhagen Test \u00bb, confirme qu\u2019un second film est bien en pr\u00e9paration.<\/li>\n<\/ul>\n<p>Avenir incertain, mais espoirs persistants<\/p>\n<p>Malgr\u00e9 ces contretemps, l\u2019espoir demeure chez les fans que Marvel Studios accorde enfin toute son attention \u00e0 cette franchise prometteuse. D\u2019autant que le retour annonc\u00e9 du h\u00e9ros dans les prochains films \u00ab Avengers \u00bb laisse entrevoir un regain d\u2019int\u00e9r\u00eat pour cet univers. Reste \u00e0 savoir si l\u2019attente prolong\u00e9e n\u2019entamera pas l\u2019enthousiasme autour de ce personnage devenu embl\u00e9matique du renouveau du MCU.<\/p>\n","protected":false},"excerpt":{"rendered":"Un membre r\u00e9cent des Avengers fera son grand retour dans Secret Wars, suscitant l\u2019enthousiasme des fans. Pourtant, beaucoup&hellip;\n","protected":false},"author":2,"featured_media":654374,"comment_status":"","ping_status":"","sticky":false,"template":"","format":"standard","meta":{"footnotes":""},"categories":[1354],"tags":[58,59,1346,1011,27,1360],"class_list":{"0":"post-654373","1":"post","2":"type-post","3":"status-publish","4":"format-standard","5":"has-post-thumbnail","7":"category-films","8":"tag-divertissement","9":"tag-entertainment","10":"tag-films","11":"tag-fr","12":"tag-france","13":"tag-movies"},"share_on_mastodon":{"url":"https:\/\/pubeurope.com\/@fr\/115871856947173601","error":""},"_links":{"self":[{"href":"https:\/\/www.europesays.com\/fr\/wp-json\/wp\/v2\/posts\/654373","targetHints":{"allow":["GET"]}}],"collection":[{"href":"https:\/\/www.europesays.com\/fr\/wp-json\/wp\/v2\/posts"}],"about":[{"href":"https:\/\/www.europesays.com\/fr\/wp-json\/wp\/v2\/types\/post"}],"author":[{"embeddable":true,"href":"https:\/\/www.europesays.com\/fr\/wp-json\/wp\/v2\/users\/2"}],"replies":[{"embeddable":true,"href":"https:\/\/www.europesays.com\/fr\/wp-json\/wp\/v2\/comments?post=654373"}],"version-history":[{"count":0,"href":"https:\/\/www.europesays.com\/fr\/wp-json\/wp\/v2\/posts\/654373\/revisions"}],"wp:featuredmedia":[{"embeddable":true,"href":"https:\/\/www.europesays.com\/fr\/wp-json\/wp\/v2\/media\/654374"}],"wp:attachment":[{"href":"https:\/\/www.europesays.com\/fr\/wp-json\/wp\/v2\/media?parent=654373"}],"wp:term":[{"taxonomy":"category","embeddable":true,"href":"https:\/\/www.europesays.com\/fr\/wp-json\/wp\/v2\/categories?post=654373"},{"taxonomy":"post_tag","embeddable":true,"href":"https:\/\/www.europesays.com\/fr\/wp-json\/wp\/v2\/tags?post=654373"}],"curies":[{"name":"wp","href":"https:\/\/api.w.org\/{rel}","templated":true}]}}