{"id":654385,"date":"2026-01-10T17:01:13","date_gmt":"2026-01-10T17:01:13","guid":{"rendered":"https:\/\/www.europesays.com\/fr\/654385\/"},"modified":"2026-01-10T17:01:13","modified_gmt":"2026-01-10T17:01:13","slug":"letat-de-catastrophe-declare-face-a-lampleur-des-feux","status":"publish","type":"post","link":"https:\/\/www.europesays.com\/fr\/654385\/","title":{"rendered":"l\u2019\u00e9tat de catastrophe d\u00e9clar\u00e9 face \u00e0 l\u2019ampleur des feux"},"content":{"rendered":"<p>En pleine vague de chaleur, les temp\u00e9ratures ont d\u00e9pass\u00e9 les 40\u00a0\u00b0C dans l\u2019\u00c9tat de Victoria, dont Melbourne est la capitale, et des vents chauds ont cr\u00e9\u00e9 des conditions propices \u00e0 la multiplication des feux de brousse, comme cela avait d\u00e9j\u00e0 \u00e9t\u00e9 le cas lors de l&rsquo;\u00ab\u00a0\u00e9t\u00e9 noir\u00a0\u00bb de la fin 2019 et du d\u00e9but 2020, dans la m\u00eame r\u00e9gion. L\u2019un des feux de brousse les plus destructeurs a parcouru pr\u00e8s de 150\u00a0000 hectares pr\u00e8s de Longwood, \u00e0 150\u00a0km au nord de Melbourne, une r\u00e9gion couverte de for\u00eats primaires.<\/p>\n<p>Dix grands incendies toujours en cours<\/p>\n<p>L\u2019\u00e9tat de catastrophe, d\u00e9clar\u00e9 samedi par la Premi\u00e8re ministre du Victoria, Jacinta Allan, donne notamment aux pompiers des pouvoirs pour contraindre \u00e0 des \u00e9vacuations d\u2019urgence. \u00ab\u00a0Tout tourne autour d\u2019une seule chose\u00a0: prot\u00e9ger la vie des habitants du Victoria\u00a0\u00bb, a-t-elle d\u00e9clar\u00e9. \u00ab\u00a0Et cela envoie un message clair\u00a0: si l\u2019on vous a dit de partir, partez\u00a0!\u00a0\u00bb Trois personnes dont un enfant, qui \u00e9taient port\u00e9es disparues dans l\u2019un des incendies les plus actifs de l\u2019\u00c9tat, ont finalement \u00e9t\u00e9 retrouv\u00e9es, a annonc\u00e9 Jacinta Allan.<\/p>\n<p>Au total, au moins 130 structures (maisons, cabanons et autres b\u00e2timents) ont \u00e9t\u00e9 d\u00e9truites \u00e0 l\u2019\u00e9chelle de l\u2019\u00c9tat de Victoria, a annonc\u00e9 le responsable local des situations d\u2019urgence, Tim Wiebusch.<\/p>\n<p>Dix grands incendies sont toujours en cours, a-t-il d\u00e9clar\u00e9, et, pour beaucoup, pourraient persister \u00ab\u00a0pendant des jours, si ce n\u2019est des semaines\u00a0\u00bb. Les plus grands feux concernent toutefois des zones rurales tr\u00e8s peu peupl\u00e9es. Des centaines de pompiers venus de tout le pays ont \u00e9t\u00e9 mobilis\u00e9s pour combattre les brasiers.<\/p>\n<p>Le climat, facteur aggravant<\/p>\n<p>Des photos prises en d\u00e9but de semaine montrent le ciel nocturne teint\u00e9 d\u2019une lueur orange, au moment o\u00f9 les flammes ravageaient la brousse. Un autre incendie a d\u00e9gag\u00e9 tant de chaleur qu\u2019il a provoqu\u00e9 un orage localis\u00e9, ont indiqu\u00e9 les pompiers.<\/p>\n","protected":false},"excerpt":{"rendered":"En pleine vague de chaleur, les temp\u00e9ratures ont d\u00e9pass\u00e9 les 40\u00a0\u00b0C dans l\u2019\u00c9tat de Victoria, dont Melbourne est&hellip;\n","protected":false},"author":2,"featured_media":654386,"comment_status":"","ping_status":"","sticky":false,"template":"","format":"standard","meta":{"footnotes":""},"categories":[5],"tags":[11,1011,27,14,12,28],"class_list":{"0":"post-654385","1":"post","2":"type-post","3":"status-publish","4":"format-standard","5":"has-post-thumbnail","7":"category-international","8":"tag-actualites","9":"tag-fr","10":"tag-france","11":"tag-international","12":"tag-news","13":"tag-world"},"share_on_mastodon":{"url":"https:\/\/pubeurope.com\/@fr\/115871880596453823","error":""},"_links":{"self":[{"href":"https:\/\/www.europesays.com\/fr\/wp-json\/wp\/v2\/posts\/654385","targetHints":{"allow":["GET"]}}],"collection":[{"href":"https:\/\/www.europesays.com\/fr\/wp-json\/wp\/v2\/posts"}],"about":[{"href":"https:\/\/www.europesays.com\/fr\/wp-json\/wp\/v2\/types\/post"}],"author":[{"embeddable":true,"href":"https:\/\/www.europesays.com\/fr\/wp-json\/wp\/v2\/users\/2"}],"replies":[{"embeddable":true,"href":"https:\/\/www.europesays.com\/fr\/wp-json\/wp\/v2\/comments?post=654385"}],"version-history":[{"count":0,"href":"https:\/\/www.europesays.com\/fr\/wp-json\/wp\/v2\/posts\/654385\/revisions"}],"wp:featuredmedia":[{"embeddable":true,"href":"https:\/\/www.europesays.com\/fr\/wp-json\/wp\/v2\/media\/654386"}],"wp:attachment":[{"href":"https:\/\/www.europesays.com\/fr\/wp-json\/wp\/v2\/media?parent=654385"}],"wp:term":[{"taxonomy":"category","embeddable":true,"href":"https:\/\/www.europesays.com\/fr\/wp-json\/wp\/v2\/categories?post=654385"},{"taxonomy":"post_tag","embeddable":true,"href":"https:\/\/www.europesays.com\/fr\/wp-json\/wp\/v2\/tags?post=654385"}],"curies":[{"name":"wp","href":"https:\/\/api.w.org\/{rel}","templated":true}]}}