{"id":654387,"date":"2026-01-10T17:02:16","date_gmt":"2026-01-10T17:02:16","guid":{"rendered":"https:\/\/www.europesays.com\/fr\/654387\/"},"modified":"2026-01-10T17:02:16","modified_gmt":"2026-01-10T17:02:16","slug":"la-ministre-sassoit-totalement-sur-le-droit-fustige-france-nature-environnement","status":"publish","type":"post","link":"https:\/\/www.europesays.com\/fr\/654387\/","title":{"rendered":"la ministre \u00ab\u00a0s&rsquo;assoit totalement sur le droit\u00a0\u00bb, fustige France Nature Environnement"},"content":{"rendered":"\n<p class=\"c-chapo \">\n  Dans son \u00ab\u00a0paquet de mesures agricoles\u00a0\u00bb, le gouvernement a notamment annonc\u00e9 que le nombre de loups pouvant \u00eatre \u00e9limin\u00e9s dans l&rsquo;ann\u00e9e allait \u00ab\u00a0augmenter de 10%\u00a0\u00bb, r\u00e9pondant ainsi \u00e0 une demande forte des \u00e9leveurs face aux attaques de troupeaux.\n<\/p>\n<p>      lire plus tard<\/p>\n<p id=\"dialog__title\" class=\"dialog__title\">Pour sauvegarder cet article, connectez-vous ou cr\u00e9ez un compte franceinfo<\/p>\n<p class=\"dialog__description\">Sans paiement. Sans abonnement.<\/p>\n<p>        Fermer la fen\u00eatre d\u2019activation des notifications France Info<\/p>\n<p>      cr\u00e9er votre compte<\/p>\n<p>      se connecter<\/p>\n<p>      :<\/p>\n<p>        Fermer la fen\u00eatre de pr\u00e9sentation<\/p>\n<p>    <img loading=\"lazy\" decoding=\"async\" class=\"signature__image lazyload\" width=\"100\" height=\"100\" data- alt=\"\" src=\"https:\/\/www.europesays.com\/fr\/wp-content\/uploads\/2025\/05\/64a7df4c5fe71_placeholder-36b69ec8.png\"\/><\/p>\n<p>    Publi\u00e9 le 10\/01\/2026 12:32<\/p>\n<p>        Temps de lecture : 2min<\/p>\n<p>    <img decoding=\"async\"  alt=\"Jean-David Abel, vice-pr\u00e9sident de l'association France Nature Environnement. (?FRANCOIS LAFITE\/WOSTOK PRESS \/ MAXPPP)\" width=\"432\" height=\"243\" src=\"https:\/\/www.europesays.com\/fr\/wp-content\/uploads\/2026\/01\/phpjgHoWL_1.jpg\" fetchpriority=\"high\"\/><\/p>\n<p>      Jean-David Abel, vice-pr\u00e9sident de l&rsquo;association France Nature Environnement. (?FRANCOIS LAFITE\/WOSTOK PRESS \/ MAXPPP)<\/p>\n<p>\u00ab\u00a0La ministre s&rsquo;assoit totalement sur le droit\u00a0\u00bb, fustige Jean-David Abel, responsable du r\u00e9seau biodiversit\u00e9 chez France Nature Environnement, invit\u00e9 samedi 10 janvier sur franceinfo. Il a r\u00e9agi <a href=\"https:\/\/www.franceinfo.fr\/economie\/crise\/blocus-des-agriculteurs\/dermatose-nodulaire\/dermatose-nodulaire-aides-financieres-tirs-sur-les-loups-la-ministre-annie-genevard-fait-plusieurs-annonces-pour-calmer-la-colere-des-agriculteurs_7731193.html\" target=\"_self\" rel=\"noopener noreferrer nofollow\" data-tooltip-url=\"https:\/\/www.franceinfo.fr\/economie\/crise\/blocus-des-agriculteurs\/dermatose-nodulaire\/dermatose-nodulaire-aides-financieres-tirs-sur-les-loups-la-ministre-annie-genevard-fait-plusieurs-annonces-pour-calmer-la-colere-des-agriculteurs_7731193.html\">aux annonces de la ministre de l&rsquo;Agriculture, Annie Genevard<\/a>, qui a autoris\u00e9 une augmentation de 10% du nombre de loups pouvant \u00eatre tu\u00e9s, pour r\u00e9pondre \u00e0 des revendications de certains \u00e9leveurs.<\/p>\n<p>\u00ab\u00a0On peut comprendre que les \u00e9leveurs consid\u00e8rent qu&rsquo;ils se font balader par l&rsquo;\u00c9tat, parce que l&rsquo;\u00c9tat g\u00e8re les choses de fa\u00e7on politicienne au lieu de se baser sur des \u00e9l\u00e9ments scientifiques, des \u00e9l\u00e9ments techniques et sur le droit\u00a0\u00bb, tacle Jean-David Amiel.<\/p>\n<p>\u00ab\u00a0L\u00e0, en l&rsquo;occurrence, la ministre s&rsquo;assoit totalement sur le droit parce que le cadre juridique dit bien, malgr\u00e9 le changement de statut du loup, que tout ce que font les \u00c9tats en mati\u00e8re de destruction, \u00e7a doit \u00eatre compatible avec le maintien de la population dans un bon \u00e9tat de viabilit\u00e9\u00a0\u00bb, explique le responsable du r\u00e9seau biodiversit\u00e9.<\/p>\n<p>Avec cette d\u00e9cision, la France va donc sortir des contraintes impos\u00e9es par l&rsquo;Europe, estime-t-il. \u00ab\u00a0C&rsquo;est absolument clair d&rsquo;un point de vue juridique et scientifique\u00a0\u00bb, car d\u00e9j\u00e0, dans les quotas actuels, \u00ab\u00a0la population avait plus de 50% de chances de r\u00e9gresser\u00a0\u00bb, affirme Jean-David Amiel, rappelant les conclusions d&rsquo;une \u00e9tude r\u00e9cente du CNRS \u00ab\u00a0rendue il y a quatre mois \u00e0 la demande de l&rsquo;\u00c9tat\u00a0\u00bb.<\/p>\n<p>Jean-David Abel conteste \u00e9galement l\u2019efficacit\u00e9 des tirs de loups pour prot\u00e9ger les troupeaux. \u00ab\u00a0Sur les dix derni\u00e8res ann\u00e9es, vous pouvez voir que sur les d\u00e9partements historiques justement, c&rsquo;est pratiquement stabilis\u00e9, sauf quelques foyers de-ci de-l\u00e0 et que l&rsquo;essentiel de l&rsquo;augmentation [des attaques], elle a eu lieu sur les nouveaux territoires de pr\u00e9sence\u00a0\u00bb, a-t-il expliqu\u00e9. \u00ab\u00a0Donc en fait, ce que fait l&rsquo;\u00c9tat en faisant \u00e7a, c&rsquo;est qu&rsquo;il fait semblant de dire que c&rsquo;est en tirant des loups qu&rsquo;on va pouvoir prot\u00e9ger les troupeaux de fa\u00e7on prioritaire.\u00a0\u00bb<\/p>\n<p>\u00ab\u00a0Trois d\u00e9cennies de pr\u00e9sence du loup nous ont montr\u00e9 que ce qui est le plus efficace, c&rsquo;est la mise en \u0153uvre efficace des moyens de protection et notamment des chiens\u00a0\u00bb, a-t-il ajout\u00e9, tout en reconnaissant qu'\u00a0\u00bbil peut y avoir bien s\u00fbr des tirs de loups quand les moyens de protection \u00e9chouent\u00a0\u00bb. \u00ab\u00a0Mais ce n&rsquo;est pas par le tir qu&rsquo;on va pouvoir pr\u00e9venir les attaques\u00a0\u00bb, a-t-il insist\u00e9.<\/p>\n","protected":false},"excerpt":{"rendered":"Dans son \u00ab\u00a0paquet de mesures agricoles\u00a0\u00bb, le gouvernement a notamment annonc\u00e9 que le nombre de loups pouvant \u00eatre&hellip;\n","protected":false},"author":2,"featured_media":654388,"comment_status":"","ping_status":"","sticky":false,"template":"","format":"standard","meta":{"footnotes":""},"categories":[4],"tags":[11,1011,27,12,25],"class_list":{"0":"post-654387","1":"post","2":"type-post","3":"status-publish","4":"format-standard","5":"has-post-thumbnail","7":"category-france","8":"tag-actualites","9":"tag-fr","10":"tag-france","11":"tag-news","12":"tag-republique-francaise"},"share_on_mastodon":{"url":"https:\/\/pubeurope.com\/@fr\/115871884599750443","error":""},"_links":{"self":[{"href":"https:\/\/www.europesays.com\/fr\/wp-json\/wp\/v2\/posts\/654387","targetHints":{"allow":["GET"]}}],"collection":[{"href":"https:\/\/www.europesays.com\/fr\/wp-json\/wp\/v2\/posts"}],"about":[{"href":"https:\/\/www.europesays.com\/fr\/wp-json\/wp\/v2\/types\/post"}],"author":[{"embeddable":true,"href":"https:\/\/www.europesays.com\/fr\/wp-json\/wp\/v2\/users\/2"}],"replies":[{"embeddable":true,"href":"https:\/\/www.europesays.com\/fr\/wp-json\/wp\/v2\/comments?post=654387"}],"version-history":[{"count":0,"href":"https:\/\/www.europesays.com\/fr\/wp-json\/wp\/v2\/posts\/654387\/revisions"}],"wp:featuredmedia":[{"embeddable":true,"href":"https:\/\/www.europesays.com\/fr\/wp-json\/wp\/v2\/media\/654388"}],"wp:attachment":[{"href":"https:\/\/www.europesays.com\/fr\/wp-json\/wp\/v2\/media?parent=654387"}],"wp:term":[{"taxonomy":"category","embeddable":true,"href":"https:\/\/www.europesays.com\/fr\/wp-json\/wp\/v2\/categories?post=654387"},{"taxonomy":"post_tag","embeddable":true,"href":"https:\/\/www.europesays.com\/fr\/wp-json\/wp\/v2\/tags?post=654387"}],"curies":[{"name":"wp","href":"https:\/\/api.w.org\/{rel}","templated":true}]}}