{"id":654391,"date":"2026-01-10T17:05:21","date_gmt":"2026-01-10T17:05:21","guid":{"rendered":"https:\/\/www.europesays.com\/fr\/654391\/"},"modified":"2026-01-10T17:05:21","modified_gmt":"2026-01-10T17:05:21","slug":"ol-coupe-de-france-feminine-le-coup-denvoi-du-derby-repousse-en-raison-de-la-neige","status":"publish","type":"post","link":"https:\/\/www.europesays.com\/fr\/654391\/","title":{"rendered":"OL. Coupe de France f\u00e9minine\u00a0: le coup d\u2019envoi du derby repouss\u00e9 en raison de la neige"},"content":{"rendered":"<p>Alors que la neige recouvrait l\u2019int\u00e9gralit\u00e9 de la pelouse du stade des Olli\u00e8res, les pr\u00e9cipitations se sont arr\u00eat\u00e9es et le staff st\u00e9phanois ainsi que les b\u00e9n\u00e9voles du club du l\u2019\u00c9trat la Tour FC sont parvenus \u00e0 faire ressortir le rectangle vert. Les joueuses <a href=\"https:\/\/www.leprogres.fr\/sport\/2026\/01\/10\/etre-a-la-hauteur-de-cette-rencontre-un-nouveau-derby-au-menu-pour-des-vertes-en-quete-d-exploit\" target=\"_blank\" rel=\"noopener\">de l\u2019ASSE et de l\u2019OL<\/a> sont de retour \u00e0 l\u2019\u00e9chauffement et le match, initialement pr\u00e9vu \u00e0 14h30, devrait d\u00e9buter d\u2019ici 15h30.<\/p>\n","protected":false},"excerpt":{"rendered":"Alors que la neige recouvrait l\u2019int\u00e9gralit\u00e9 de la pelouse du stade des Olli\u00e8res, les pr\u00e9cipitations se sont arr\u00eat\u00e9es&hellip;\n","protected":false},"author":2,"featured_media":654392,"comment_status":"","ping_status":"","sticky":false,"template":"","format":"standard","meta":{"footnotes":""},"categories":[9653],"tags":[1111,11,26756,2430,7539,1777,674,107,63,1011,27,10229,12,25,4001,9664,517],"class_list":{"0":"post-654391","1":"post","2":"type-post","3":"status-publish","4":"format-standard","5":"has-post-thumbnail","7":"category-saint-etienne","8":"tag-actu","9":"tag-actualites","10":"tag-asse-feminine-as-saint-etienne-football","11":"tag-auvergne-rhone-alpes","12":"tag-edition-loire-sud","13":"tag-eu","14":"tag-europe","15":"tag-fil-info","16":"tag-football","17":"tag-fr","18":"tag-france","19":"tag-letrat","20":"tag-news","21":"tag-republique-francaise","22":"tag-saint-etienne","23":"tag-saint-etienne-bassin","24":"tag-sport"},"share_on_mastodon":{"url":"https:\/\/pubeurope.com\/@fr\/115871896239989081","error":""},"_links":{"self":[{"href":"https:\/\/www.europesays.com\/fr\/wp-json\/wp\/v2\/posts\/654391","targetHints":{"allow":["GET"]}}],"collection":[{"href":"https:\/\/www.europesays.com\/fr\/wp-json\/wp\/v2\/posts"}],"about":[{"href":"https:\/\/www.europesays.com\/fr\/wp-json\/wp\/v2\/types\/post"}],"author":[{"embeddable":true,"href":"https:\/\/www.europesays.com\/fr\/wp-json\/wp\/v2\/users\/2"}],"replies":[{"embeddable":true,"href":"https:\/\/www.europesays.com\/fr\/wp-json\/wp\/v2\/comments?post=654391"}],"version-history":[{"count":0,"href":"https:\/\/www.europesays.com\/fr\/wp-json\/wp\/v2\/posts\/654391\/revisions"}],"wp:featuredmedia":[{"embeddable":true,"href":"https:\/\/www.europesays.com\/fr\/wp-json\/wp\/v2\/media\/654392"}],"wp:attachment":[{"href":"https:\/\/www.europesays.com\/fr\/wp-json\/wp\/v2\/media?parent=654391"}],"wp:term":[{"taxonomy":"category","embeddable":true,"href":"https:\/\/www.europesays.com\/fr\/wp-json\/wp\/v2\/categories?post=654391"},{"taxonomy":"post_tag","embeddable":true,"href":"https:\/\/www.europesays.com\/fr\/wp-json\/wp\/v2\/tags?post=654391"}],"curies":[{"name":"wp","href":"https:\/\/api.w.org\/{rel}","templated":true}]}}