{"id":654399,"date":"2026-01-10T17:12:09","date_gmt":"2026-01-10T17:12:09","guid":{"rendered":"https:\/\/www.europesays.com\/fr\/654399\/"},"modified":"2026-01-10T17:12:09","modified_gmt":"2026-01-10T17:12:09","slug":"a-montpellier-le-centre-nautique-neptune-rouvre-ses-portes-et-ses-bassins","status":"publish","type":"post","link":"https:\/\/www.europesays.com\/fr\/654399\/","title":{"rendered":"\u00c0 Montpellier, le centre nautique Neptune rouvre ses portes et ses bassins"},"content":{"rendered":"<p>                    Par<br \/>\n        <strong><br \/>\n            <a href=\"https:\/\/actu.fr\/auteur\/metropoop\" title=\"Consulter tous les articles de R\u00e9daction M\u00e9tropolitain\" target=\"_blank\" rel=\"noopener\">R\u00e9daction M\u00e9tropolitain<\/a><br \/>\n                    <\/strong><\/p>\n<p>        Publi\u00e9 le<\/p>\n<p>            10 janv. 2026 \u00e0 16h28        <\/p>\n<p>Apr\u00e8s deux ans de travaux, <strong>le centre nautique Neptune<\/strong> a \u00e9t\u00e9 inaugur\u00e9 ce samedi 10 janvier. Un \u00e9quipement indispensable au coeur du <strong>quartier Mosson<\/strong> \u00e0 <strong>Montpellier<\/strong> qui rouvre ses portes pour le plus grand plaisir des baigneurs. En attendant, cet \u00e9t\u00e9, de d\u00e9couvrir les espaces ext\u00e9rieurs.<\/p>\n<p>150 000 entre\u0301es par an<\/p>\n<p class=\" wall-content\">Ouverte en d\u00e9cembre 1969, le Centre nautique Neptune, dote\u0301 d\u2019un bassin inte\u0301rieur de 25 me\u0300tres et d\u2019un bassin exte\u0301rieur de 50 me\u0300tres, ne re\u0301pondait plus aux exigences actuelles en matie\u0300re de performance e\u0301nerge\u0301tique, d\u2019accessibilite\u0301 et de confort d\u2019accueil, notamment lors des pics de fre\u0301quentation. Celui-ci a enregistr\u00e9 jusqu\u2019a\u0300 150 000 entre\u0301es par an offrant ainsi un service public essentiel au c\u0153ur du quartier Mosson.\u00a0<\/p>\n<p>    <a href=\"https:\/\/www.google.com\/maps\/embed?pb=!1m18!1m12!1m3!1d2888.328676239522!2d3.812749475676707!3d43.62051765454487!2m3!1f0!2f0!3f0!3m2!1i1024!2i768!4f13.1!3m3!1m2!1s0x12b6adcdc2b847f1%3A0xf1ff2f1d94784abb!2sPiscine%20Neptune%20Montpellier!5e0!3m2!1sfr!2sfr!4v1768058570291!5m2!1sfr!2sfr\" title=\"Ouvrie le lien\" target=\"_blank\" rel=\"noopener\">Cliquez ici pour visualiser le contenu<\/a><\/p>\n<p class=\" wall-content\">La M\u00e9tropole de Montpellier a ainsi engag\u00e9 une importante r\u00e9novation \u00e0 hauteur de 22,5M\u20ac auxquels ont particip\u00e9 diff\u00e9rents partenaires (FEDER : 4 millions \u20ac. \u00c9tat \u2013 DPV : 1,3 million \u20ac. Re\u0301gion Occitanie : 1,1 million \u20ac. Agence Nationale du Sports (ANS) \/ Ministe\u0300re des Sports : 451 000 \u20ac. Me\u0301tropole de Montpellier : 15,6 millions \u20ac). Un projet qui s\u2019inscrit par ailleurs dans le cadre de la transformation du quartier Sud-Mosson.<\/p>\n<p>Des nouveaut\u00e9s<\/p>\n<p class=\" wall-content\">Apr\u00e8s 24 mois de travaux, c\u2019est un centre aquatique moderne et ambitieux qui a \u00e9t\u00e9 inaugur\u00e9 ce samedi 10 janvier. Les surfaces d\u2019accueil et les vestiaires ont \u00e9t\u00e9 significativement agrandies pour am\u00e9liorer le confort des usagers et le flux d\u2019usagers. 900 personnes peuvent \u00eatre accueillis en simultan\u00e9e sur le site. L\u2019espace int\u00e9rieur compte d\u00e9sormais un bassin suppl\u00e9mentaire polyvalent de 15mx15m d\u00e9di\u00e9 \u00e0 l\u2019apprentissage, \u00e0 l\u2019aquafitness et aux activit\u00e9s ban\u00e9o. Par ailleurs, des travaux se poursuivront \u00e0 l\u2019ext\u00e9rieur pour une ouverture compl\u00e8te de l\u2019\u00e9quipement cet \u00e9t\u00e9. Le public pourra alors profiter du bassin exte\u0301rieur re\u0301nove\u0301, de plages ame\u0301nage\u0301es, des espaces de de\u0301tente en plein air, des nouvelles installations ludiques, dont les splash pads.\u00a0<\/p>\n<p>Vid\u00e9os : en ce moment sur Actu<\/p>\n<p class=\" wall-content\">En effet, de janvier a\u0300 juin, l\u2019e\u0301tablissement fonctionnera avec ses espaces inte\u0301rieurs, comprenant donc le bassin de 25 me\u0300tres et le bassin pe\u0301dagogique avec une offre d\u2019aquafitness. Le Centre Neptune accueillera \u00e9galement les scolaires du primaire et du secondaire. L\u2019apprentissage de la natation et le savoir-nager constituant un axe prioritaire de cette premie\u0300re phase d\u2019ouverture, en lien avec les objectifs e\u0301ducatifs et de pre\u0301vention porte\u0301s par la Me\u0301tropole de Montpellier. Dans le m\u00eame sens des stages pour les enfants visant a\u0300 favoriser l\u2019apprentissage progressif, l\u2019autonomie dans l\u2019eau et la pre\u0301vention des risques lie\u0301s a\u0300 la pratique aquatique, sont propose\u0301s de janvier a\u0300 juin, sous forme de cycles de cinq semaines, a\u0300 raison d\u2019une se\u0301ance par semaine.<\/p>\n<p class=\" wall-content\">Enfin, le centre aquatique Neptune vise a\u0300 devenir un po\u0302le d\u2019excellence sportive, accueillant des compe\u0301titions et des athle\u0300tes de renom. Les gradins du bassin ext\u00e9rieur pourront accueillir jusqu\u2019\u00e0 500 spectateurs. Les clubs et associations de haut niveau y seront ainsi pleinement accueillis a\u0300 partir de septembre 2026.<\/p>\n<p>Votre r\u00e9gion, votre actu !<\/p>\n<p>Recevez chaque jour les infos qui comptent pour vous.<\/p>\n<p>\t<a href=\"https:\/\/actu.fr\/newsletter\" class=\"ac-btn ac-btn--corner ac-btn--medium ac-btn--blue800\" target=\"_blank\" rel=\"noopener\">S&rsquo;incrire<\/a><br \/>\nCentre aquatique Neptune, 315 avenue de Heidelberg, Montpellier. Horaires des bassins int\u00e9rieurs : Lundi de 9h \u00e0 14h. Mardi de 12h \u00e0 14h et de 17h \u00e0 20h. Mercredi de 11h30 \u00e0 16h. Jeudi de 12h \u00e0 14h. Vendredi de 12h \u00e0 14h et de 17h \u00e0 20h. Samedi de 9h \u00e0 13h. Dimanche de 14h \u00e0 18h. Renseignements et programme des activit\u00e9s sur <a href=\"https:\/\/www.montpellier.fr\/territoire\/lieux-equipements\/centre-aquatique-neptune\" target=\"_blank\" rel=\"noopener\">montpellier.fr<\/a>.<\/p>\n<p class=\" wall-content\">Personnalisez votre actualit\u00e9 en ajoutant vos villes et m\u00e9dias en favori avec <a href=\"https:\/\/moncompte.actu.fr\" title=\"D\u00e9couvez Mon Actu\" rel=\"nofollow noopener\" data-trk=\"{&quot;cta&quot;:{&quot;action&quot;:&quot;https:\\\/\\\/moncompte.actu.fr&quot;,&quot;category&quot;:&quot;mon compte&quot;,&quot;from&quot;:&quot;article footer&quot;,&quot;name&quot;:&quot;Mon actu&quot;,&quot;type&quot;:&quot;cta&quot;}}\" target=\"_blank\">Mon Actu<\/a>.<\/p>\n","protected":false},"excerpt":{"rendered":"Par R\u00e9daction M\u00e9tropolitain Publi\u00e9 le 10 janv. 2026 \u00e0 16h28 Apr\u00e8s deux ans de travaux, le centre nautique&hellip;\n","protected":false},"author":2,"featured_media":654400,"comment_status":"","ping_status":"","sticky":false,"template":"","format":"standard","meta":{"footnotes":""},"categories":[9599],"tags":[1111,11,1777,674,1011,27,2208,12,2680,25,104],"class_list":{"0":"post-654399","1":"post","2":"type-post","3":"status-publish","4":"format-standard","5":"has-post-thumbnail","7":"category-montpellier","8":"tag-actu","9":"tag-actualites","10":"tag-eu","11":"tag-europe","12":"tag-fr","13":"tag-france","14":"tag-montpellier","15":"tag-news","16":"tag-occitanie","17":"tag-republique-francaise","18":"tag-societe"},"share_on_mastodon":{"url":"https:\/\/pubeurope.com\/@fr\/115871923868723125","error":""},"_links":{"self":[{"href":"https:\/\/www.europesays.com\/fr\/wp-json\/wp\/v2\/posts\/654399","targetHints":{"allow":["GET"]}}],"collection":[{"href":"https:\/\/www.europesays.com\/fr\/wp-json\/wp\/v2\/posts"}],"about":[{"href":"https:\/\/www.europesays.com\/fr\/wp-json\/wp\/v2\/types\/post"}],"author":[{"embeddable":true,"href":"https:\/\/www.europesays.com\/fr\/wp-json\/wp\/v2\/users\/2"}],"replies":[{"embeddable":true,"href":"https:\/\/www.europesays.com\/fr\/wp-json\/wp\/v2\/comments?post=654399"}],"version-history":[{"count":0,"href":"https:\/\/www.europesays.com\/fr\/wp-json\/wp\/v2\/posts\/654399\/revisions"}],"wp:featuredmedia":[{"embeddable":true,"href":"https:\/\/www.europesays.com\/fr\/wp-json\/wp\/v2\/media\/654400"}],"wp:attachment":[{"href":"https:\/\/www.europesays.com\/fr\/wp-json\/wp\/v2\/media?parent=654399"}],"wp:term":[{"taxonomy":"category","embeddable":true,"href":"https:\/\/www.europesays.com\/fr\/wp-json\/wp\/v2\/categories?post=654399"},{"taxonomy":"post_tag","embeddable":true,"href":"https:\/\/www.europesays.com\/fr\/wp-json\/wp\/v2\/tags?post=654399"}],"curies":[{"name":"wp","href":"https:\/\/api.w.org\/{rel}","templated":true}]}}