{"id":654422,"date":"2026-01-10T17:27:14","date_gmt":"2026-01-10T17:27:14","guid":{"rendered":"https:\/\/www.europesays.com\/fr\/654422\/"},"modified":"2026-01-10T17:27:14","modified_gmt":"2026-01-10T17:27:14","slug":"bordeaux-bayonne-la-composition-dequipe-des-girondins-pour-la-14e-journee-de-national-2","status":"publish","type":"post","link":"https:\/\/www.europesays.com\/fr\/654422\/","title":{"rendered":"Bordeaux-Bayonne : la composition d&rsquo;\u00e9quipe des Girondins pour la 14e journ\u00e9e de National 2"},"content":{"rendered":"<p><img decoding=\"async\" src=\"https:\/\/www.europesays.com\/fr\/wp-content\/uploads\/2025\/07\/671_863837160a59bd9ed8da66ea9f54a1da.png\" alt=\"Bordeaux-Bayonne : la composition d'\u00e9quipe des Girondins pour la 14e journ\u00e9e de National 2\" class=\"img-responsive mt-3\"\/><\/p>\n<p class=\"text-center mb-3\" style=\"font-size: 14px\">\u00a9 Iconsport<\/p>\n<p>      <strong>Bordeaux-Aviron Bayonnais : le 11 de d\u00e9part de la 14e journ\u00e9e de N2<\/strong><\/p>\n<p>Le groupe de <a href=\"https:\/\/www.webgirondins.com\/actualite-girondins-bordeaux-bayonne-un-groupe-de-16-joueurs-avec-des-absences-chez-les-girondins-131738\" target=\"_blank\" rel=\"noopener\">16 joueurs est disponible ici<\/a>. Bruno Irl\u00e8s doit faire face \u00e0 de nombreuses absences en attaque, au milieu et en d\u00e9fense.<\/p>\n<p>La composition d&rsquo;\u00e9quipe officielle au coup d&rsquo;envoi :<\/p>\n<p><img decoding=\"async\" src=\"https:\/\/www.europesays.com\/fr\/wp-content\/uploads\/2026\/01\/4-4-2.jpg\" alt=\"4-4-2.jpg (79 KB)\" style=\"width:800px;max-width:100%;\"\/><\/p>\n<p>\u00a0<\/p>\n<p>Le banc : Diabat\u00e9, Besse, Shamal, Rizaldos, Manna\u00ef.<\/p>\n<p>Suivre l&rsquo;avant-match en direct sur la <strong><a href=\"https:\/\/www.youtube.com\/watch?v=oOCZxxwvwD0\" target=\"_blank\" rel=\"noopener\">cha\u00eene YouTube de WebGirondins<\/a><\/strong> :<\/p>\n<p>Ce navigateur ne supporte pas les iframes<\/p>\n<p>&gt;&gt; Entretien \u00e0 lire. <strong><a href=\"https:\/\/www.webgirondins.com\/actualite-autour-des-girondins-bordeaux-bayonne-santiago-cucci-se-confie-avant-de-retrouver-les-girondins-131727\" target=\"_blank\" rel=\"noopener\">Bordeaux-Bayonne : Santiago Cucci se confie avant de retrouver les Girondins<\/a><\/strong><\/p>\n<p>\u00c9coutez notre podcast court sur l&rsquo;actualit\u00e9 des Girondins :<\/p>\n<p>\u00a0<\/p>\n","protected":false},"excerpt":{"rendered":"\u00a9 Iconsport Bordeaux-Aviron Bayonnais : le 11 de d\u00e9part de la 14e journ\u00e9e de N2 Le groupe de&hellip;\n","protected":false},"author":2,"featured_media":284514,"comment_status":"","ping_status":"","sticky":false,"template":"","format":"standard","meta":{"footnotes":""},"categories":[2817],"tags":[1111,11,3987,2865,3810,43478,9202,1997,3984,3474,2263,1777,674,1011,27,1987,3465,3238,12,2219,3986,471,25,3982,2858],"class_list":{"0":"post-654422","1":"post","2":"type-post","3":"status-publish","4":"format-standard","5":"has-post-thumbnail","7":"category-bordeaux","8":"tag-actu","9":"tag-actualites","10":"tag-affronter","11":"tag-atlantique","12":"tag-aviron","13":"tag-bayonnais","14":"tag-bayonne","15":"tag-bordeaux","16":"tag-composition","17":"tag-decouvrez","18":"tag-equipe","19":"tag-eu","20":"tag-europe","21":"tag-fr","22":"tag-france","23":"tag-girondins","24":"tag-journee","25":"tag-national","26":"tag-news","27":"tag-nouvelle-aquitaine","28":"tag-officielle","29":"tag-pour","30":"tag-republique-francaise","31":"tag-samedi","32":"tag-stade"},"share_on_mastodon":{"url":"https:\/\/pubeurope.com\/@fr\/115871983017523131","error":""},"_links":{"self":[{"href":"https:\/\/www.europesays.com\/fr\/wp-json\/wp\/v2\/posts\/654422","targetHints":{"allow":["GET"]}}],"collection":[{"href":"https:\/\/www.europesays.com\/fr\/wp-json\/wp\/v2\/posts"}],"about":[{"href":"https:\/\/www.europesays.com\/fr\/wp-json\/wp\/v2\/types\/post"}],"author":[{"embeddable":true,"href":"https:\/\/www.europesays.com\/fr\/wp-json\/wp\/v2\/users\/2"}],"replies":[{"embeddable":true,"href":"https:\/\/www.europesays.com\/fr\/wp-json\/wp\/v2\/comments?post=654422"}],"version-history":[{"count":0,"href":"https:\/\/www.europesays.com\/fr\/wp-json\/wp\/v2\/posts\/654422\/revisions"}],"wp:featuredmedia":[{"embeddable":true,"href":"https:\/\/www.europesays.com\/fr\/wp-json\/wp\/v2\/media\/284514"}],"wp:attachment":[{"href":"https:\/\/www.europesays.com\/fr\/wp-json\/wp\/v2\/media?parent=654422"}],"wp:term":[{"taxonomy":"category","embeddable":true,"href":"https:\/\/www.europesays.com\/fr\/wp-json\/wp\/v2\/categories?post=654422"},{"taxonomy":"post_tag","embeddable":true,"href":"https:\/\/www.europesays.com\/fr\/wp-json\/wp\/v2\/tags?post=654422"}],"curies":[{"name":"wp","href":"https:\/\/api.w.org\/{rel}","templated":true}]}}