{"id":654425,"date":"2026-01-10T17:29:13","date_gmt":"2026-01-10T17:29:13","guid":{"rendered":"https:\/\/www.europesays.com\/fr\/654425\/"},"modified":"2026-01-10T17:29:13","modified_gmt":"2026-01-10T17:29:13","slug":"nous-renoncons-a-notre-candidature-de-temoignage-annonce-la-liste-pietonne","status":"publish","type":"post","link":"https:\/\/www.europesays.com\/fr\/654425\/","title":{"rendered":"\u00ab\u00a0Nous renon\u00e7ons \u00e0 notre candidature de t\u00e9moignage\u00a0\u00bb, annonce la liste pi\u00e9tonne"},"content":{"rendered":"<p>                    Par<br \/>\n        <strong><br \/>\n            <a href=\"https:\/\/actu.fr\/auteur\/guillaume-laurens\" title=\"Consulter tous les articles de Guillaume Laurens\" target=\"_blank\" rel=\"noopener\">Guillaume Laurens<\/a><br \/>\n                    <\/strong><\/p>\n<p>        Publi\u00e9 le<\/p>\n<p>            10 janv. 2026 \u00e0 16h20        <\/p>\n<p>\u00ab\u2009Nous renon\u00e7ons \u00e0 notre candidature de t\u00e9moignage lors des <a href=\"https:\/\/actu.fr\/toulouse\/politique\/elections-municipales\" target=\"_blank\" rel=\"noopener\">Municipales 2026\u2009\u00bb,<\/a> annonce <strong>Richard M\u00e9baoudj, <\/strong>pr\u00e9sident de l\u2019association 60\u00a0millions de pi\u00e9tons 31 et chef de file de la liste \u00ab\u2009Toulouse \u00e0 pied et en commun\u2009\u00bb, pour qui les <strong>pi\u00e9tons<\/strong> sont \u00ab\u2009les grands oubli\u00e9s\u2009\u00bb des politiques publiques dans future 3\u1d49 ville de France. Il indique ne pas \u00eatre parvenu \u00e0 <strong>constituer une liste<\/strong> compl\u00e8te.<\/p>\n<p>La liste n\u2019a pas pu r\u00e9unir 69 noms<\/p>\n<p class=\" wall-content\">\u00ab\u2009Nous n\u2019avons pu atteindre le quorum de <strong>69\u00a0personnes<\/strong> avec la parit\u00e9, nous renon\u00e7ons donc \u00e0 pr\u00e9senter notre liste pi\u00e9tonne Toulouse \u00e0 pied et en commun\u2009\u00bb, d\u00e9veloppe Richard M\u00e9baoudj ce vendredi. Ce militant associatif de 71\u00a0ans est engag\u00e9 dans de nombreux combats face \u00e0 la municipalit\u00e9 sortante\u2009: <a href=\"https:\/\/actu.fr\/occitanie\/toulouse_31555\/tour-occitanie-le-dernier-recours-evacue-la-construction-du-premier-gratte-ciel-de-toulouse-peut-debuter_61641209.html\" target=\"_blank\" rel=\"noopener\">contre la <strong>Tour Occitanie<\/strong><\/a>, pour l\u2019extension des horaires de piscine, ou encore au sein \u00ab\u2009d\u2019un collectif de vigilance sur les tunneliers\u2009\u00bb de la ligne C du m\u00e9tro qu\u2019il a fond\u00e9. Dans cette campagne, il avait <a href=\"https:\/\/actu.fr\/occitanie\/toulouse_31555\/municipales-2026-a-toulouse-une-liste-pietonne-se-monte-et-veut-verbaliser-les-cyclistes-sur-les-trottoirs_62214281.html\" target=\"_blank\" rel=\"noopener\">affich\u00e9 sa volont\u00e9 de<strong> \u00ab\u2009verbaliser les cyclistes<\/strong><\/a> sur les trottoirs\u2009\u00bb, mais aussi, dans un autre registre, \u00ab\u2009d\u2019installer des <strong>abris anti-a\u00e9riens\u2009\u00bb<\/strong> dans la Ville rose, qui pourrait selon lui \u00ab\u2009\u00eatre une cible s\u2019il devait y avoir \u00e9changes de missiles\u2009\u00bb.<\/p>\n<p>\u00ab\u2009Des candidatures pi\u00e9tonnes lors des L\u00e9gislatives\u2009\u00bb, promet-il<\/p>\n<p class=\" wall-content\">Mais Richard M\u00e9baoudj l\u2019assure\u2009: il n\u2019en a pas fini pour autant avec le combat politique pour davantage de consid\u00e9ration des pi\u00e9tons dans l\u2019espace public\u2009: \u00ab\u2009Nous pr\u00e9parons <strong>plusieurs candidatures pi\u00e9tonnes<\/strong> lors des <strong>prochaines L\u00e9gislatives<\/strong>, qui devraient vraisemblablement avoir lieu soit en 2026, soit en 2027 selon les p\u00e9rip\u00e9ties politiques que traversera notre pays\u2009\u00bb.<\/p>\n<blockquote class=\"ac-article-quote wall-content\">\n<p>Nous constatons que, malheureusement, aucun parti de quelque tendance qu&rsquo;il soit ne prendra les d\u00e9cisions courageuses et n\u00e9cessaires pour am\u00e9liorer vraiment la situation de plus en plus d\u00e9grad\u00e9e des pi\u00e9tons, que ce soit au niveau des municipalit\u00e9s ou de l&rsquo;Assembl\u00e9e nationale.<\/p>\n<p>    <strong>Richard M\u00e9baoudj<\/strong>\n            <\/p><\/blockquote>\n<p class=\" wall-content\">\u00ab\u2009C\u2019est pour cette raison\u2009\u00bb, poursuit-il, \u00ab\u2009que nous maintiendrons la pression comme nous l\u2019avons fait ces derniers mois en mettant en avant des sujets et des pr\u00e9occupations ignor\u00e9s par les formations politiques\u2009\u00bb.<\/p>\n<p>Vid\u00e9os : en ce moment sur Actu\u00ab\u2009Cette fois-ci pas des candidatures de t\u00e9moignage\u2009\u00bb<\/p>\n<p class=\" wall-content\">\u00ab\u2009Ce ne seront cette fois-ci pas des candidatures de t\u00e9moignage\u2009\u00bb, soutient Richard M\u00e9baoudj. \u00ab\u2009Nous nous pr\u00e9senterons dans des circonscriptions o\u00f9 nous aurons de <strong>s\u00e9rieuses chances de l\u2019emporter<\/strong> ou <strong>d\u2019influer<\/strong> sur des accords de programmes l\u00e9gislatifs\u2009\u00bb. L\u2019enjeu\u2009? Peser \u00ab\u2009sur l\u2019am\u00e9lioration de la situation de plus en plus d\u00e9grad\u00e9e des pi\u00e9tons, sur les choix en mati\u00e8re de transport en commun et d\u2019infrastructures, sur tous les \u00e9l\u00e9ments qui peuvent am\u00e9liorer la marche et le bien-\u00eatre dans la vie quotidienne\u2009\u00bb.<\/p>\n<p>Votre r\u00e9gion, votre actu !<\/p>\n<p>Recevez chaque jour les infos qui comptent pour vous.<\/p>\n<p>\t<a href=\"https:\/\/actu.fr\/newsletter\" class=\"ac-btn ac-btn--corner ac-btn--medium ac-btn--blue800\" target=\"_blank\" rel=\"noopener\">S&rsquo;incrire<\/a><\/p>\n<p class=\" wall-content\">Il assure enfin que son collectif se mobilisera pour \u00ab\u2009susciter <strong>d\u2019autres candidatures<\/strong> le d\u00e9partement, dans la r\u00e9gion, mais aussi dans toute la France\u2009\u00bb. Vaste programme.<\/p>\n<p class=\" wall-content\">Personnalisez votre actualit\u00e9 en ajoutant vos villes et m\u00e9dias en favori avec <a href=\"https:\/\/moncompte.actu.fr\" title=\"D\u00e9couvez Mon Actu\" rel=\"nofollow noopener\" data-trk=\"{&quot;cta&quot;:{&quot;action&quot;:&quot;https:\\\/\\\/moncompte.actu.fr&quot;,&quot;category&quot;:&quot;mon compte&quot;,&quot;from&quot;:&quot;article footer&quot;,&quot;name&quot;:&quot;Mon actu&quot;,&quot;type&quot;:&quot;cta&quot;}}\" target=\"_blank\">Mon Actu<\/a>.<\/p>\n","protected":false},"excerpt":{"rendered":"Par Guillaume Laurens Publi\u00e9 le 10 janv. 2026 \u00e0 16h20 \u00ab\u2009Nous renon\u00e7ons \u00e0 notre candidature de t\u00e9moignage lors&hellip;\n","protected":false},"author":2,"featured_media":654426,"comment_status":"","ping_status":"","sticky":false,"template":"","format":"standard","meta":{"footnotes":""},"categories":[2816],"tags":[1111,11,4188,1777,674,1011,27,3434,12,2680,316,25,2312],"class_list":{"0":"post-654425","1":"post","2":"type-post","3":"status-publish","4":"format-standard","5":"has-post-thumbnail","7":"category-toulouse","8":"tag-actu","9":"tag-actualites","10":"tag-elections-municipales","11":"tag-eu","12":"tag-europe","13":"tag-fr","14":"tag-france","15":"tag-municipales-2026","16":"tag-news","17":"tag-occitanie","18":"tag-politique","19":"tag-republique-francaise","20":"tag-toulouse"},"share_on_mastodon":{"url":"https:\/\/pubeurope.com\/@fr\/115871990829161511","error":""},"_links":{"self":[{"href":"https:\/\/www.europesays.com\/fr\/wp-json\/wp\/v2\/posts\/654425","targetHints":{"allow":["GET"]}}],"collection":[{"href":"https:\/\/www.europesays.com\/fr\/wp-json\/wp\/v2\/posts"}],"about":[{"href":"https:\/\/www.europesays.com\/fr\/wp-json\/wp\/v2\/types\/post"}],"author":[{"embeddable":true,"href":"https:\/\/www.europesays.com\/fr\/wp-json\/wp\/v2\/users\/2"}],"replies":[{"embeddable":true,"href":"https:\/\/www.europesays.com\/fr\/wp-json\/wp\/v2\/comments?post=654425"}],"version-history":[{"count":0,"href":"https:\/\/www.europesays.com\/fr\/wp-json\/wp\/v2\/posts\/654425\/revisions"}],"wp:featuredmedia":[{"embeddable":true,"href":"https:\/\/www.europesays.com\/fr\/wp-json\/wp\/v2\/media\/654426"}],"wp:attachment":[{"href":"https:\/\/www.europesays.com\/fr\/wp-json\/wp\/v2\/media?parent=654425"}],"wp:term":[{"taxonomy":"category","embeddable":true,"href":"https:\/\/www.europesays.com\/fr\/wp-json\/wp\/v2\/categories?post=654425"},{"taxonomy":"post_tag","embeddable":true,"href":"https:\/\/www.europesays.com\/fr\/wp-json\/wp\/v2\/tags?post=654425"}],"curies":[{"name":"wp","href":"https:\/\/api.w.org\/{rel}","templated":true}]}}