{"id":654429,"date":"2026-01-10T17:31:12","date_gmt":"2026-01-10T17:31:12","guid":{"rendered":"https:\/\/www.europesays.com\/fr\/654429\/"},"modified":"2026-01-10T17:31:12","modified_gmt":"2026-01-10T17:31:12","slug":"football-1-000-supporters-de-lol-a-lille","status":"publish","type":"post","link":"https:\/\/www.europesays.com\/fr\/654429\/","title":{"rendered":"Football. 1\u00a0000 supporters de l\u2019OL \u00e0 Lille\u00a0!"},"content":{"rendered":"<p>C\u2019est du rarement vu pour un seizi\u00e8me de finale de Coupe de France. Le chiffre est imposant puisque mille supporters de l\u2019OL font le d\u00e9placement jusqu\u2019au stade Pierre Mauroy. Le chiffre incarne parfaitement la cote de popularit\u00e9 des joueurs lyonnais, auteurs d\u2019un parcours tr\u00e8s honorable jusque-l\u00e0. Il faut y ajouter que la Coupe de France est une \u00e9preuve qui a totalement int\u00e9gr\u00e9 le c\u0153ur des Lyonnais, l\u2019OL ayant jou\u00e9 neuf finales pour en gagner cinq (1964, 1967, 1971, 1973, 1976, 2008, 2012, 2024).<\/p>\n","protected":false},"excerpt":{"rendered":"C\u2019est du rarement vu pour un seizi\u00e8me de finale de Coupe de France. Le chiffre est imposant puisque&hellip;\n","protected":false},"author":2,"featured_media":654430,"comment_status":"","ping_status":"","sticky":false,"template":"","format":"standard","meta":{"footnotes":""},"categories":[2815],"tags":[1111,11,2757,1777,674,63,1011,27,811,1307,2428,2756,12,2755,25,517],"class_list":{"0":"post-654429","1":"post","2":"type-post","3":"status-publish","4":"format-standard","5":"has-post-thumbnail","7":"category-lille","8":"tag-actu","9":"tag-actualites","10":"tag-edition-lyon-villeurbanne","11":"tag-eu","12":"tag-europe","13":"tag-football","14":"tag-fr","15":"tag-france","16":"tag-hauts-de-france","17":"tag-lille","18":"tag-lyon","19":"tag-lyon-bassin","20":"tag-news","21":"tag-ol-olympique-lyonnais-football","22":"tag-republique-francaise","23":"tag-sport"},"share_on_mastodon":{"url":"https:\/\/pubeurope.com\/@fr\/115871998594223533","error":""},"_links":{"self":[{"href":"https:\/\/www.europesays.com\/fr\/wp-json\/wp\/v2\/posts\/654429","targetHints":{"allow":["GET"]}}],"collection":[{"href":"https:\/\/www.europesays.com\/fr\/wp-json\/wp\/v2\/posts"}],"about":[{"href":"https:\/\/www.europesays.com\/fr\/wp-json\/wp\/v2\/types\/post"}],"author":[{"embeddable":true,"href":"https:\/\/www.europesays.com\/fr\/wp-json\/wp\/v2\/users\/2"}],"replies":[{"embeddable":true,"href":"https:\/\/www.europesays.com\/fr\/wp-json\/wp\/v2\/comments?post=654429"}],"version-history":[{"count":0,"href":"https:\/\/www.europesays.com\/fr\/wp-json\/wp\/v2\/posts\/654429\/revisions"}],"wp:featuredmedia":[{"embeddable":true,"href":"https:\/\/www.europesays.com\/fr\/wp-json\/wp\/v2\/media\/654430"}],"wp:attachment":[{"href":"https:\/\/www.europesays.com\/fr\/wp-json\/wp\/v2\/media?parent=654429"}],"wp:term":[{"taxonomy":"category","embeddable":true,"href":"https:\/\/www.europesays.com\/fr\/wp-json\/wp\/v2\/categories?post=654429"},{"taxonomy":"post_tag","embeddable":true,"href":"https:\/\/www.europesays.com\/fr\/wp-json\/wp\/v2\/tags?post=654429"}],"curies":[{"name":"wp","href":"https:\/\/api.w.org\/{rel}","templated":true}]}}