{"id":654431,"date":"2026-01-10T17:32:11","date_gmt":"2026-01-10T17:32:11","guid":{"rendered":"https:\/\/www.europesays.com\/fr\/654431\/"},"modified":"2026-01-10T17:32:11","modified_gmt":"2026-01-10T17:32:11","slug":"environ-5-kilometres-de-bouchon-sur-lautoroute-a50-dans-le-sens-marseille-aubagne-apres-un-accident","status":"publish","type":"post","link":"https:\/\/www.europesays.com\/fr\/654431\/","title":{"rendered":"Environ 5 kilom\u00e8tres de bouchon sur l&rsquo;autoroute A50 dans le sens Marseille Aubagne apr\u00e8s un accident"},"content":{"rendered":"<p>Si vous deviez emprunter l&rsquo;A50 en cet apr\u00e8s-midi du samedi 10 janvier, vous allez probablement devoir prendre votre mal en patience. Le trafic est actuellement <strong>tr\u00e8s perturb\u00e9<\/strong> avec environ <strong>5 kilom\u00e8tres de bouchon<\/strong> dans le sens <a href=\"https:\/\/www.laprovence.com\/bouches-du-rhone\/marseille-13055\" target=\"_blank\" rel=\"noopener\">Marseille<\/a> &#8211; <a href=\"https:\/\/www.laprovence.com\/bouches-du-rhone\/aubagne-13005\" target=\"_blank\" rel=\"noopener\">Aubagne<\/a>.<\/p>\n<p>Un accident s&rsquo;est produit <strong>peu avant 16h<\/strong> au niveau de l&rsquo;aire de la Pomme (PR4).<\/p>\n<p><img alt=\"Le trafic routier est perturb\u00e9 ce samedi 10 janvier sur l'autoroute A50 dans le sens Marseille - Aubagne en raison d'un accident survenu au niveau de l'aire de la Pomme.\" loading=\"lazy\" decoding=\"async\" data-nimg=\"fill\" class=\" TwicCore_img__i9TC1 undefined  undefined\" style=\"position:absolute;height:100%;width:100%;left:0;top:0;right:0;bottom:0;color:transparent;background-size:cover;background-position:50% 50%;background-repeat:no-repeat;background-image:url(&quot;data:image\/svg+xml;charset=utf-8,%3Csvg xmlns='http:\/\/www.w3.org\/2000\/svg' %3E%3Cfilter id='b' color-interpolation-filters='sRGB'%3E%3CfeGaussianBlur stdDeviation='20'\/%3E%3CfeColorMatrix values='1 0 0 0 0 0 1 0 0 0 0 0 1 0 0 0 0 0 100 -1' result='s'\/%3E%3CfeFlood x='0' y='0' width='100%25' height='100%25'\/%3E%3CfeComposite operator='out' in='s'\/%3E%3CfeComposite in2='SourceGraphic'\/%3E%3CfeGaussianBlur stdDeviation='20'\/%3E%3C\/filter%3E%3Cimage width='100%25' height='100%25' x='0' y='0' preserveAspectRatio='none' style='filter: url(%23b);' href='https:\/\/pictures.laprovence.com\/cdn-cgi\/image\/blur=250\/media\/melody\/2026\/01\/10\/le-trafic-routier-est-perturbe-ce-samedi-10-janvier-sur-l-autoroute-a50-dans-le-sens-marseille-aubag-1768061084_6f561e7772696eea61e7772695bb61v_.jpg'\/%3E%3C\/svg%3E&quot;)\"   src=\"https:\/\/www.europesays.com\/fr\/wp-content\/uploads\/2026\/01\/le-trafic-routier-est-perturbe-ce-samedi-10-janvier-sur-l-autoroute-a50-dans-le-sens-marseille-aubag.jpeg\"\/>Le trafic routier est perturb\u00e9 ce samedi 10 janvier sur l&rsquo;autoroute A50 dans le sens Marseille &#8211; Aubagne en raison d&rsquo;un accident survenu au niveau de l&rsquo;aire de la Pomme. \/ Capture d&rsquo;\u00e9cran<\/p>\n<p>Les pompiers et la police sont sur place. Un d\u00e9panneur \u00e9tait <strong>toujours attendu<\/strong> sur les lieux \u00e0 16h50.<\/p>\n","protected":false},"excerpt":{"rendered":"Si vous deviez emprunter l&rsquo;A50 en cet apr\u00e8s-midi du samedi 10 janvier, vous allez probablement devoir prendre votre&hellip;\n","protected":false},"author":2,"featured_media":654432,"comment_status":"","ping_status":"","sticky":false,"template":"","format":"standard","meta":{"footnotes":""},"categories":[2814],"tags":[5734,13344,1111,11,4899,1446,15321,1777,674,1011,27,29006,5403,884,12,882,25,104,3356],"class_list":{"0":"post-654431","1":"post","2":"type-post","3":"status-publish","4":"format-standard","5":"has-post-thumbnail","7":"category-marseille","8":"tag-5734","9":"tag-a50","10":"tag-actu","11":"tag-actualites","12":"tag-bouchon","13":"tag-dans","14":"tag-environ","15":"tag-eu","16":"tag-europe","17":"tag-fr","18":"tag-france","19":"tag-kilometres","20":"tag-lautoroute","21":"tag-marseille","22":"tag-news","23":"tag-provence-alpes-cote-dazur","24":"tag-republique-francaise","25":"tag-societe","26":"tag-sur"},"share_on_mastodon":{"url":"https:\/\/pubeurope.com\/@fr\/115872002630368525","error":""},"_links":{"self":[{"href":"https:\/\/www.europesays.com\/fr\/wp-json\/wp\/v2\/posts\/654431","targetHints":{"allow":["GET"]}}],"collection":[{"href":"https:\/\/www.europesays.com\/fr\/wp-json\/wp\/v2\/posts"}],"about":[{"href":"https:\/\/www.europesays.com\/fr\/wp-json\/wp\/v2\/types\/post"}],"author":[{"embeddable":true,"href":"https:\/\/www.europesays.com\/fr\/wp-json\/wp\/v2\/users\/2"}],"replies":[{"embeddable":true,"href":"https:\/\/www.europesays.com\/fr\/wp-json\/wp\/v2\/comments?post=654431"}],"version-history":[{"count":0,"href":"https:\/\/www.europesays.com\/fr\/wp-json\/wp\/v2\/posts\/654431\/revisions"}],"wp:featuredmedia":[{"embeddable":true,"href":"https:\/\/www.europesays.com\/fr\/wp-json\/wp\/v2\/media\/654432"}],"wp:attachment":[{"href":"https:\/\/www.europesays.com\/fr\/wp-json\/wp\/v2\/media?parent=654431"}],"wp:term":[{"taxonomy":"category","embeddable":true,"href":"https:\/\/www.europesays.com\/fr\/wp-json\/wp\/v2\/categories?post=654431"},{"taxonomy":"post_tag","embeddable":true,"href":"https:\/\/www.europesays.com\/fr\/wp-json\/wp\/v2\/tags?post=654431"}],"curies":[{"name":"wp","href":"https:\/\/api.w.org\/{rel}","templated":true}]}}