{"id":654437,"date":"2026-01-10T17:35:09","date_gmt":"2026-01-10T17:35:09","guid":{"rendered":"https:\/\/www.europesays.com\/fr\/654437\/"},"modified":"2026-01-10T17:35:09","modified_gmt":"2026-01-10T17:35:09","slug":"lyon-jean-michel-aulas-invite-de-lea-salame-une-emission-qui-fait-deja-grincer-des-dents","status":"publish","type":"post","link":"https:\/\/www.europesays.com\/fr\/654437\/","title":{"rendered":"Lyon. Jean-Michel Aulas invit\u00e9 de L\u00e9a Salam\u00e9, une \u00e9mission qui fait d\u00e9j\u00e0 grincer des dents"},"content":{"rendered":"<p>                    Par<br \/>\n        <strong><br \/>\n            <a href=\"https:\/\/actu.fr\/auteur\/nicolas-zaugra\" title=\"Consulter tous les articles de Nicolas Zaugra\" target=\"_blank\" rel=\"noopener\">Nicolas Zaugra<\/a><br \/>\n                    <\/strong><\/p>\n<p>        Publi\u00e9 le<\/p>\n<p>            10 janv. 2026 \u00e0 17h17        <\/p>\n<p>Une vingtaine de minutes d\u2019interview enregistr\u00e9e ce vendredi sur son parcours, son engagement politique, sa candidature \u00e0 la mairie de <a href=\"https:\/\/actu.fr\/auvergne-rhone-alpes\/lyon_69123\" target=\"_blank\" rel=\"noopener\">Lyon<\/a> et ses premi\u00e8res propositions de campagne. <a href=\"https:\/\/actu.fr\/auvergne-rhone-alpes\/lyon_69123\/lyon-aulas-sort-son-projet-de-vegetalisation-de-la-place-bellecour-voici-ce-qu-il-propose_63681335.html\" target=\"_blank\" rel=\"noopener\">Jean-Michel Aulas<\/a> va b\u00e9n\u00e9ficier d\u2019un s\u00e9rieux coup de projecteur ce samedi 10 janvier. L\u2019ex-patron de l\u2019OL candidat aux municipales 2026 est l\u2019invit\u00e9 de <strong>l\u2019\u00e9mission de France 2 \u00ab\u00a0Quelle \u00e9poque !\u00a0\u00bb<\/strong> pr\u00e9sent\u00e9e par <a href=\"https:\/\/actu.fr\/loisirs-culture\/france-2-lea-salame-obligee-de-presenter-des-excuses-apres-un-enieme-couac-au-jt-de-20h_63521503.html\" target=\"_blank\" rel=\"noopener\">L\u00e9a Salam\u00e9<\/a>.<\/p>\n<p class=\" wall-content\">Le candidat a fait cette annonce ce samedi, comme le compte X de l\u2019\u00e9mission, qui annonce aussi Pierre Arditi, Francis Huster, Julie Bourges ou encore Isabelle Morizet. Une visibilit\u00e9 m\u00e9diatique devant plus d\u2019un million de t\u00e9l\u00e9spectateurs qui \u00e9nerve et agace certains adversaires avant m\u00eame la diffusion du programme.<\/p>\n<p class=\" wall-content\">\n<p>\u00ab\u00a0Rupture d\u2019\u00e9galit\u00e9\u00a0\u00bb, \u00ab\u00a0le service public a son candidat\u00a0\u00bb<\/p>\n<p class=\" wall-content\">Dans l\u2019entourage de <a href=\"https:\/\/actu.fr\/auvergne-rhone-alpes\/lyon_69123\/municipales-2026-a-lyon-gregory-doucet-promet-la-gratuite-des-fournitures-scolaires_63670187.html\" target=\"_blank\" rel=\"noopener\">Gr\u00e9gory Doucet<\/a>, on attend de voir l\u2019\u00e9mission pour r\u00e9agir mais Sandrine Runel, d\u00e9put\u00e9e PS et soutien affirme \u00e0 actu Lyon : \u00ab\u00a0C\u2019est anormal, c\u2019est une rupture d\u2019\u00e9galit\u00e9 entre candidats. Le maire doit aussi \u00eatre invit\u00e9 dans ce type d\u2019\u00e9mission. Aulas joue avec sa notori\u00e9t\u00e9, sa proximit\u00e9 avec les m\u00e9dias pour b\u00e9n\u00e9ficier d\u2019une visibilit\u00e9 nationale comme Rachida Dati. Quand on voit qu\u2019il refuse le d\u00e9bat avec Gr\u00e9gory Doucet, \u00e7a me fait sourire\u2026 Il ferait mieux de venir d\u00e9battre ! Il va parler de son <a href=\"https:\/\/actu.fr\/auvergne-rhone-alpes\/lyon_69123\/municipales-2026-a-lyon-doucet-allume-aulas-sur-son-mega-tunnel-et-ses-annonces-grande-supercherie_63666178.html\" target=\"_blank\" rel=\"noopener\">tunnel \u00e0 8 milliards<\/a> ?\u00a0\u00bb.<\/p>\n<p class=\" wall-content\">Pour <a href=\"https:\/\/actu.fr\/auvergne-rhone-alpes\/lyon_69123\/municipales-2026-a-lyon-anai-s-belouassa-cherifi-lfi-defend-une-gratuite-totale-des-tcl_63440717.html\" target=\"_blank\" rel=\"noopener\">Ana\u00efs Belouassa Cherifi<\/a>, candidate LFI, on estime que \u00ab\u00a0le service public m\u00e9diatique a choisi son candidat ! Sauf s\u2019il nous fait la m\u00eame invitation\u00a0\u00bb. M\u00eame agacement pour <a href=\"https:\/\/actu.fr\/auvergne-rhone-alpes\/lyon_69123\/lyon-alexandre-dupalais-udr-rn-veut-annuler-la-hausse-de-la-taxe-fonciere-de-gregory-doucet_63670733.html\" target=\"_blank\" rel=\"noopener\">Alexandre Dupalais<\/a> (UDR\/ RN). \u00ab\u00a0Aulas est le candidat du syst\u00e8me et des m\u00e9dias. On conna\u00eet la probl\u00e9matique du respect du pluralisme pour France TV d\u2019autant plus lorsque la pr\u00e9sentatrice est la compagne officielle du candidat socialiste (Rapha\u00ebl Glucksmann, NDLR) putatif \u00e0 la pr\u00e9sidentielle. Cela montre aussi pour moi un certain entre-soi dans lequel Monsieur Aulas semble tr\u00e8s \u00e0 l\u2019aise\u00a0\u00bb, nous glisse le candidat.\u00a0<\/p>\n<p>\u00ab\u00a0Les \u00e9missions font ce qu\u2019elles veulent\u00a0\u00bb<\/p>\n<p class=\" wall-content\">Dans l\u2019\u00e9quipe de Jean-Michel Aulas, on se frotte d\u00e9j\u00e0 les mains autour des r\u00e9actions \u00e0 venir qui seront certainement nombreuses d\u00e8s dimanche matin. \u00ab\u00a0L\u2019encadrement du temps de parole intervient \u00e0 partir du 2 f\u00e9vrier. Les m\u00e9dias et les \u00e9missions font bien ce qu\u2019ils veulent avant. La seule obligation est de mentionner les autres candidats, ce qui est pr\u00e9vu dans l\u2019\u00e9mission\u00a0\u00bb, nous glisse-t-on.<\/p>\n<p class=\" wall-content\">Pour l\u2019\u00e9quipe de \u00ab\u00a0Coeur Lyonnais\u00a0\u00bb, c\u2019est la preuve que le candidat cr\u00e9dit\u00e9 de 45 \u00e0 47% d\u2019intentions de vote, est le \u00ab\u00a0seul \u00e0 faire rayonner Lyon\u00a0\u00bb au niveau national. Et de rappeler le passage en plateau de <a href=\"https:\/\/actu.fr\/auvergne-rhone-alpes\/lyon_69123\/noel-viande-ultra-droite-macron-ce-qu-a-dit-gregory-doucet-dans-quotidien_60450040.html\" target=\"_blank\" rel=\"noopener\">Gr\u00e9gory Doucet chez Quotidien<\/a> en 2023 o\u00f9 \u00ab\u00a0il a fait passer Lyon pour une ville de fachos alors que nous somme la capitale de la R\u00e9sistance.\u00a0\u00bb<\/p>\n<p class=\" wall-content\">Personnalisez votre actualit\u00e9 en ajoutant vos villes et m\u00e9dias en favori avec <a href=\"https:\/\/moncompte.actu.fr\" title=\"D\u00e9couvez Mon Actu\" rel=\"nofollow noopener\" data-trk=\"{&quot;cta&quot;:{&quot;action&quot;:&quot;https:\\\/\\\/moncompte.actu.fr&quot;,&quot;category&quot;:&quot;mon compte&quot;,&quot;from&quot;:&quot;article footer&quot;,&quot;name&quot;:&quot;Mon actu&quot;,&quot;type&quot;:&quot;cta&quot;}}\" target=\"_blank\">Mon Actu<\/a>.<\/p>\n","protected":false},"excerpt":{"rendered":"Par Nicolas Zaugra Publi\u00e9 le 10 janv. 2026 \u00e0 17h17 Une vingtaine de minutes d\u2019interview enregistr\u00e9e ce vendredi&hellip;\n","protected":false},"author":2,"featured_media":654438,"comment_status":"","ping_status":"","sticky":false,"template":"","format":"standard","meta":{"footnotes":""},"categories":[1889],"tags":[1111,11,2430,4188,1777,674,1011,27,5227,2428,500,3434,12,316,25],"class_list":{"0":"post-654437","1":"post","2":"type-post","3":"status-publish","4":"format-standard","5":"has-post-thumbnail","7":"category-lyon","8":"tag-actu","9":"tag-actualites","10":"tag-auvergne-rhone-alpes","11":"tag-elections-municipales","12":"tag-eu","13":"tag-europe","14":"tag-fr","15":"tag-france","16":"tag-jean-michel-aulas","17":"tag-lyon","18":"tag-medias","19":"tag-municipales-2026","20":"tag-news","21":"tag-politique","22":"tag-republique-francaise"},"share_on_mastodon":{"url":"https:\/\/pubeurope.com\/@fr\/115872014162341175","error":""},"_links":{"self":[{"href":"https:\/\/www.europesays.com\/fr\/wp-json\/wp\/v2\/posts\/654437","targetHints":{"allow":["GET"]}}],"collection":[{"href":"https:\/\/www.europesays.com\/fr\/wp-json\/wp\/v2\/posts"}],"about":[{"href":"https:\/\/www.europesays.com\/fr\/wp-json\/wp\/v2\/types\/post"}],"author":[{"embeddable":true,"href":"https:\/\/www.europesays.com\/fr\/wp-json\/wp\/v2\/users\/2"}],"replies":[{"embeddable":true,"href":"https:\/\/www.europesays.com\/fr\/wp-json\/wp\/v2\/comments?post=654437"}],"version-history":[{"count":0,"href":"https:\/\/www.europesays.com\/fr\/wp-json\/wp\/v2\/posts\/654437\/revisions"}],"wp:featuredmedia":[{"embeddable":true,"href":"https:\/\/www.europesays.com\/fr\/wp-json\/wp\/v2\/media\/654438"}],"wp:attachment":[{"href":"https:\/\/www.europesays.com\/fr\/wp-json\/wp\/v2\/media?parent=654437"}],"wp:term":[{"taxonomy":"category","embeddable":true,"href":"https:\/\/www.europesays.com\/fr\/wp-json\/wp\/v2\/categories?post=654437"},{"taxonomy":"post_tag","embeddable":true,"href":"https:\/\/www.europesays.com\/fr\/wp-json\/wp\/v2\/tags?post=654437"}],"curies":[{"name":"wp","href":"https:\/\/api.w.org\/{rel}","templated":true}]}}