{"id":654443,"date":"2026-01-10T17:42:15","date_gmt":"2026-01-10T17:42:15","guid":{"rendered":"https:\/\/www.europesays.com\/fr\/654443\/"},"modified":"2026-01-10T17:42:15","modified_gmt":"2026-01-10T17:42:15","slug":"manifestation-a-paris-en-soutien-aux-libertes-en-tunisie","status":"publish","type":"post","link":"https:\/\/www.europesays.com\/fr\/654443\/","title":{"rendered":"Manifestation \u00e0 Paris en soutien aux libert\u00e9s en Tunisie"},"content":{"rendered":"<p>Une manifestation s\u2019est tenue \u00e0 Paris, samedi 10 janvier 2026, rassemblant des membres de la diaspora tunisienne venus exprimer leur rejet de ce qu\u2019ils qualifient d\u2019injustice et leur attachement aux libert\u00e9s fondamentales, tout en r\u00e9clamant la lib\u00e9ration des d\u00e9tenus politiques en Tunisie.<\/p>\n<p>Lire aussi :<a href=\"https:\/\/businessnews.com.tn\/2026\/01\/10\/la-mobilisation-contre-linjustice-et-pour-les-libertes-reprend-a-tunis\/1382180\/\" target=\"_blank\" rel=\"noopener noreferrer\">La mobilisation contre l\u2019injustice et pour les libert\u00e9s reprend \u00e0 Tunis\u00a0<\/a><\/p>\n<p>Le rassemblement a vu d\u00e9filer des manifestants brandissant des pancartes et scandant des slogans appelant au respect de l\u2019\u00c9tat de droit, \u00e0 la fin des poursuites \u00e0 caract\u00e8re politique et \u00e0 la protection des droits civils et politiques.<\/p>\n<p><img fetchpriority=\"high\" data-dominant-color=\"675960\" data-has-transparency=\"false\" style=\"--dominant-color: #675960;\" decoding=\"async\" width=\"840\" height=\"503\" alt=\"\" class=\"wp-image-1382174 not-transparent cmsmasters_img cmsmasters-lazyload lazyload\" data- src=\"https:\/\/www.europesays.com\/fr\/wp-content\/uploads\/2026\/01\/Capture-decran-2026-01-10-a-15.17.55-png.webp.webp\" \/><\/p>\n<p>Cette manifestation parisienne s\u2019inscrit dans un contexte marqu\u00e9 par de vives inqui\u00e9tudes concernant la situation politique et les libert\u00e9s publiques en Tunisie. Les manifestants ont d\u00e9nonc\u00e9 ce qu\u2019ils consid\u00e8rent comme un recul des droits, appelant \u00e0 une justice ind\u00e9pendante et au respect des garanties constitutionnelles.<\/p>\n<p>La mobilisation \u00e0 Paris se veut un signal de solidarit\u00e9 et un soutien explicite aux mobilisations pr\u00e9vues en Tunisie, dans l\u2019espoir de voir \u00e9merger un dialogue respectueux des droits et des aspirations d\u00e9mocratiques.<\/p>\n<p>Lire aussi :<a href=\"https:\/\/businessnews.com.tn\/2026\/01\/09\/manifestation-du-10-janvier-le-pdl-confirme-sa-participation-malgre-des-reticences-internes\/1382106\/\" target=\"_blank\" rel=\"noopener noreferrer\">Manifestation du 10 janvier : le PDL confirme sa participation malgr\u00e9 des r\u00e9ticences internes<\/a><\/p>\n<p><img loading=\"lazy\" data-dominant-color=\"7e7578\" data-has-transparency=\"false\" style=\"--dominant-color: #7e7578;\" decoding=\"async\" width=\"840\" height=\"557\" alt=\"\" class=\"wp-image-1382175 not-transparent cmsmasters_img cmsmasters-lazyload lazyload\" data- src=\"https:\/\/www.europesays.com\/fr\/wp-content\/uploads\/2026\/01\/Capture-decran-2026-01-10-a-15.26.40-png.webp.webp\" \/><\/p>\n<p>Parall\u00e8lement, un large front regroupant des composantes de la soci\u00e9t\u00e9 civile, des organisations nationales, des associations et des partis politiques organise, ce samedi, un rassemblement dans la continuit\u00e9 des mobilisations tenues en 2025 en faveur des libert\u00e9s et contre les poursuites judiciaires \u00e0 caract\u00e8re politique.<\/p>\n<p class=\"has-text-align-right\"><strong>N.J <\/strong><\/p>\n","protected":false},"excerpt":{"rendered":"Une manifestation s\u2019est tenue \u00e0 Paris, samedi 10 janvier 2026, rassemblant des membres de la diaspora tunisienne venus&hellip;\n","protected":false},"author":2,"featured_media":654444,"comment_status":"","ping_status":"","sticky":false,"template":"","format":"standard","meta":{"footnotes":""},"categories":[1888],"tags":[1111,1928,11,1927,1777,674,1011,27,303,46168,2088,12,1926,626,1925,25,2028],"class_list":{"0":"post-654443","1":"post","2":"type-post","3":"status-publish","4":"format-standard","5":"has-post-thumbnail","7":"category-paris","8":"tag-actu","9":"tag-actu-paris","10":"tag-actualites","11":"tag-actualites-paris","12":"tag-eu","13":"tag-europe","14":"tag-fr","15":"tag-france","16":"tag-justice","17":"tag-libertes","18":"tag-manifestation","19":"tag-news","20":"tag-news-paris","21":"tag-paris","22":"tag-paris-news","23":"tag-republique-francaise","24":"tag-tunisie"},"share_on_mastodon":{"url":"https:\/\/pubeurope.com\/@fr\/115872041879976135","error":""},"_links":{"self":[{"href":"https:\/\/www.europesays.com\/fr\/wp-json\/wp\/v2\/posts\/654443","targetHints":{"allow":["GET"]}}],"collection":[{"href":"https:\/\/www.europesays.com\/fr\/wp-json\/wp\/v2\/posts"}],"about":[{"href":"https:\/\/www.europesays.com\/fr\/wp-json\/wp\/v2\/types\/post"}],"author":[{"embeddable":true,"href":"https:\/\/www.europesays.com\/fr\/wp-json\/wp\/v2\/users\/2"}],"replies":[{"embeddable":true,"href":"https:\/\/www.europesays.com\/fr\/wp-json\/wp\/v2\/comments?post=654443"}],"version-history":[{"count":0,"href":"https:\/\/www.europesays.com\/fr\/wp-json\/wp\/v2\/posts\/654443\/revisions"}],"wp:featuredmedia":[{"embeddable":true,"href":"https:\/\/www.europesays.com\/fr\/wp-json\/wp\/v2\/media\/654444"}],"wp:attachment":[{"href":"https:\/\/www.europesays.com\/fr\/wp-json\/wp\/v2\/media?parent=654443"}],"wp:term":[{"taxonomy":"category","embeddable":true,"href":"https:\/\/www.europesays.com\/fr\/wp-json\/wp\/v2\/categories?post=654443"},{"taxonomy":"post_tag","embeddable":true,"href":"https:\/\/www.europesays.com\/fr\/wp-json\/wp\/v2\/tags?post=654443"}],"curies":[{"name":"wp","href":"https:\/\/api.w.org\/{rel}","templated":true}]}}