{"id":654448,"date":"2026-01-10T17:45:11","date_gmt":"2026-01-10T17:45:11","guid":{"rendered":"https:\/\/www.europesays.com\/fr\/654448\/"},"modified":"2026-01-10T17:45:11","modified_gmt":"2026-01-10T17:45:11","slug":"ukraine-au-moins-deux-morts-et-15-blesses-dans-les-dernieres-attaques-russes","status":"publish","type":"post","link":"https:\/\/www.europesays.com\/fr\/654448\/","title":{"rendered":"Ukraine : au moins deux morts et 15 bless\u00e9s dans les derni\u00e8res attaques russes"},"content":{"rendered":"<p>\n         Publi\u00e9 le<br \/>\n            10\/01\/2026 &#8211; 16:50 UTC+1\n            <\/p>\n<p>L&rsquo;arm\u00e9e de l&rsquo;air ukrainienne affirme que la Russie a lanc\u00e9 une importante attaque de drones et de missiles dans la nuit de samedi \u00e0 dimanche, visant au moins 15 sites en Ukraine.<\/p>\n<p>Selon les autorit\u00e9s, cela comprend plus de 100 drones et missiles, dont la variante balistique Iskander, tr\u00e8s meurtri\u00e8re.<\/p>\n<p>Kyiv affirme que ses d\u00e9fenses a\u00e9riennes ont r\u00e9ussi \u00e0 intercepter ou \u00e0 brouiller 94 drones, mais note que les 27 autres ont atteint leurs cibles. Les autorit\u00e9s ont \u00e9galement indiqu\u00e9 qu&rsquo;un missile balistique avait lui aussi atteint sa cible, sans toutefois fournir plus de d\u00e9tails.<\/p>\n<p>Selon les autorit\u00e9s ukrainiennes, au moins deux personnes ont \u00e9t\u00e9 tu\u00e9es et 15 autres ont \u00e9t\u00e9 bless\u00e9es au cours des derni\u00e8res 24 heures lors de diverses attaques russes.<\/p>\n<p>Le gouverneur de Donetsk, Vadym Filashkin, a d\u00e9clar\u00e9 qu&rsquo;un civil avait \u00e9t\u00e9 tu\u00e9 et qu&rsquo;au moins deux autres avaient \u00e9t\u00e9 bless\u00e9s lors d&rsquo;attaques men\u00e9es au cours de la nuit dans sa r\u00e9gion.<\/p>\n<p>Au moins trois personnes ont \u00e9t\u00e9 bless\u00e9es \u00e0 Dnipropetrovsk lors de ces attaques nocturnes qui, selon les autorit\u00e9s locales, visaient des b\u00e2timents r\u00e9sidentiels et des infrastructures \u00e9nerg\u00e9tiques.<\/p>\n<p>Le gouverneur de la r\u00e9gion, Oleksandr Hanzha, explique que cette attaque survient apr\u00e8s qu&rsquo;un homme de 43 ans a \u00e9t\u00e9 tu\u00e9 quelques heures auparavant lors d&rsquo;une autre attaque. Il a \u00e9galement indiqu\u00e9 que les frappes russes ont provoqu\u00e9 des coupures de gaz et d&rsquo;\u00e9lectricit\u00e9 pour un grand nombre de personnes, alors que l&rsquo;on s&rsquo;attend \u00e0 ce que le temps se refroidisse de mani\u00e8re significative.<\/p>\n<p>DTEK, la plus grande entreprise priv\u00e9e d&rsquo;\u00e9nergie en Ukraine, indique que quelque 100 000 familles subissent des coupures d&rsquo;\u00e9lectricit\u00e9 et de gaz \u00e0 la suite des frappes dans la r\u00e9gion, alors que les pr\u00e9visions m\u00e9t\u00e9orologiques annoncent des temp\u00e9ratures de -10 degr\u00e9s Celsius dimanche.<\/p>\n<p>La r\u00e9gion m\u00e9ridionale de Zaporijjia a \u00e9galement \u00e9t\u00e9 victime des attaques nocturnes de Moscou. Le gouverneur Ivan Fedorov a d\u00e9clar\u00e9 qu&rsquo;au moins trois personnes avaient \u00e9t\u00e9 bless\u00e9es et qu&rsquo;elles \u00e9taient soign\u00e9es dans des \u00e9tablissements m\u00e9dicaux.<\/p>\n<p>Zaporijjia a \u00e9t\u00e9 l&rsquo;une des principales cibles des attaques russes au cours des derni\u00e8res semaines. Selon les autorit\u00e9s locales, la r\u00e9gion a subi plus de 740 attaques contre des zones habit\u00e9es au cours de la seule journ\u00e9e de vendredi.<\/p>\n<p>Une femme de 56 ans a \u00e9galement \u00e9t\u00e9 bless\u00e9e lors des frappes men\u00e9es par Moscou \u00e0 Kharkiv, mais les autorit\u00e9s affirment que les blessures sont mineures. Selon le gouverneur Oleh Syniehubov, les attaques ont vis\u00e9 pr\u00e8s d&rsquo;une douzaine de b\u00e2timents r\u00e9sidentiels \u00e0 plusieurs \u00e9tages, ainsi que des infrastructures civiles, des entrep\u00f4ts, des v\u00e9hicules et des entreprises locales.<\/p>\n<p>\u00c0 Kherson, six personnes ont \u00e9t\u00e9 bless\u00e9es apr\u00e8s que des tirs d&rsquo;artillerie russes ont endommag\u00e9 des immeubles r\u00e9sidentiels, un parking avec des v\u00e9hicules civils et un gazoduc r\u00e9pondant aux besoins de la r\u00e9gion, selon le gouverneur Oleksandr Prokudin.<\/p>\n<p>Dans le m\u00eame temps, les frappes ukrainiennes sur la r\u00e9gion de Belgorod, dans l&rsquo;ouest de la Russie et \u00e0 la fronti\u00e8re avec l&rsquo;Ukraine, ont \u00e9galement eu lieu aux premi\u00e8res heures de samedi, selon le gouverneur Vyacheslav Gladkov.<\/p>\n<p>Il indique que 600 000 habitants de la r\u00e9gion ont \u00e9t\u00e9 priv\u00e9s d&rsquo;\u00e9lectricit\u00e9, d&rsquo;eau et de gaz \u00e0 la suite d&rsquo;un tir de missile ukrainien. Dans un communiqu\u00e9 publi\u00e9 samedi, il a indiqu\u00e9 que des r\u00e9parations \u00e9taient en cours afin de r\u00e9tablir le service pour les habitants concern\u00e9s.<\/p>\n<p>Sources additionnelles<strong> \u2022 AP<\/strong><\/p>\n","protected":false},"excerpt":{"rendered":"Publi\u00e9 le 10\/01\/2026 &#8211; 16:50 UTC+1 L&rsquo;arm\u00e9e de l&rsquo;air ukrainienne affirme que la Russie a lanc\u00e9 une importante&hellip;\n","protected":false},"author":2,"featured_media":654449,"comment_status":"","ping_status":"","sticky":false,"template":"","format":"standard","meta":{"footnotes":""},"categories":[1591],"tags":[11,1887,131,2025,12,1885,1886,132,220],"class_list":{"0":"post-654448","1":"post","2":"type-post","3":"status-publish","4":"format-standard","5":"has-post-thumbnail","7":"category-russie","8":"tag-actualites","9":"tag-federation-de-russie","10":"tag-guerre-en-ukraine","11":"tag-invasion-de-la-russie-en-ukraine","12":"tag-news","13":"tag-russia","14":"tag-russian-federation","15":"tag-russie","16":"tag-ukraine"},"share_on_mastodon":{"url":"https:\/\/pubeurope.com\/@fr\/115872053589073173","error":""},"_links":{"self":[{"href":"https:\/\/www.europesays.com\/fr\/wp-json\/wp\/v2\/posts\/654448","targetHints":{"allow":["GET"]}}],"collection":[{"href":"https:\/\/www.europesays.com\/fr\/wp-json\/wp\/v2\/posts"}],"about":[{"href":"https:\/\/www.europesays.com\/fr\/wp-json\/wp\/v2\/types\/post"}],"author":[{"embeddable":true,"href":"https:\/\/www.europesays.com\/fr\/wp-json\/wp\/v2\/users\/2"}],"replies":[{"embeddable":true,"href":"https:\/\/www.europesays.com\/fr\/wp-json\/wp\/v2\/comments?post=654448"}],"version-history":[{"count":0,"href":"https:\/\/www.europesays.com\/fr\/wp-json\/wp\/v2\/posts\/654448\/revisions"}],"wp:featuredmedia":[{"embeddable":true,"href":"https:\/\/www.europesays.com\/fr\/wp-json\/wp\/v2\/media\/654449"}],"wp:attachment":[{"href":"https:\/\/www.europesays.com\/fr\/wp-json\/wp\/v2\/media?parent=654448"}],"wp:term":[{"taxonomy":"category","embeddable":true,"href":"https:\/\/www.europesays.com\/fr\/wp-json\/wp\/v2\/categories?post=654448"},{"taxonomy":"post_tag","embeddable":true,"href":"https:\/\/www.europesays.com\/fr\/wp-json\/wp\/v2\/tags?post=654448"}],"curies":[{"name":"wp","href":"https:\/\/api.w.org\/{rel}","templated":true}]}}