{"id":654454,"date":"2026-01-10T17:48:28","date_gmt":"2026-01-10T17:48:28","guid":{"rendered":"https:\/\/www.europesays.com\/fr\/654454\/"},"modified":"2026-01-10T17:48:28","modified_gmt":"2026-01-10T17:48:28","slug":"tempete-goretti-un-mort-au-royaume-uni-dans-la-chute-dun-arbre","status":"publish","type":"post","link":"https:\/\/www.europesays.com\/fr\/654454\/","title":{"rendered":"Temp\u00eate Goretti\u00a0: un mort au Royaume-Uni dans la chute d&rsquo;un arbre"},"content":{"rendered":"<p class=\"ap-StoryElement ap-StoryElement--mb ap-StoryText\">La police de la r\u00e9gion des Cornouailles et du Devon, dans le sud-ouest de l&rsquo;Angleterre, a annonc\u00e9 samedi le d\u00e9c\u00e8s d&rsquo;un homme dans la ville de Helston, retrouv\u00e9 par les services d&rsquo;urgence dans sa caravane sur laquelle un arbre \u00e9tait tomb\u00e9 jeudi.<\/p>\n<p class=\"ap-StoryElement ap-StoryElement--mb ap-StoryText\">\u00ab\u00a0Des op\u00e9rations ont \u00e9t\u00e9 men\u00e9es sur place (vendredi) pour retirer l&rsquo;arbre en toute s\u00e9curit\u00e9 et [\u2026] tragiquement, un homme d&rsquo;une cinquantaine d&rsquo;ann\u00e9es a \u00e9t\u00e9 retrouv\u00e9 mort \u00e0 l&rsquo;int\u00e9rieur de la caravane\u00a0\u00bb, a indiqu\u00e9 la police locale dans un communiqu\u00e9.<\/p>\n<p class=\"ap-StoryElement ap-StoryElement--mb ap-StoryText\">La plupart du Royaume-Uni est toujours plac\u00e9 en vigilance jaune \u00e0 la neige et au gel samedi par l&rsquo;agence nationale de m\u00e9t\u00e9orologie, le Met Office, jusqu&rsquo;\u00e0 au moins la fin de la matin\u00e9e, et 15h00 GMT en \u00c9cosse et au nord de l&rsquo;Angleterre, o\u00f9 le verglas pourrait entra\u00eener des \u00ab\u00a0perturbations\u00a0\u00bb.<\/p>\n<p class=\"ap-StoryElement ap-StoryElement--mb ap-StoryText\">Environ 28.000 foyers \u00e9taient encore sans \u00e9lectricit\u00e9 samedi matin dans le sud-ouest de l&rsquo;Angleterre et les Midlands, selon le dernier comptage de l&rsquo;op\u00e9rateur du r\u00e9seau National Grid.<\/p>\n","protected":false},"excerpt":{"rendered":"La police de la r\u00e9gion des Cornouailles et du Devon, dans le sud-ouest de l&rsquo;Angleterre, a annonc\u00e9 samedi&hellip;\n","protected":false},"author":2,"featured_media":654455,"comment_status":"","ping_status":"","sticky":false,"template":"","format":"standard","meta":{"footnotes":""},"categories":[1588],"tags":[11,1777,674,12,473,1853,1851,1850,1852],"class_list":{"0":"post-654454","1":"post","2":"type-post","3":"status-publish","4":"format-standard","5":"has-post-thumbnail","7":"category-royaume-uni","8":"tag-actualites","9":"tag-eu","10":"tag-europe","11":"tag-news","12":"tag-royaume-uni","13":"tag-royaume-uni-de-grande-bretagne-et-dirlande-du-nord","14":"tag-uk","15":"tag-united-kingdom","16":"tag-united-kingdom-of-great-britain-and-northern-ireland"},"share_on_mastodon":{"url":"https:\/\/pubeurope.com\/@fr\/115872065407372534","error":""},"_links":{"self":[{"href":"https:\/\/www.europesays.com\/fr\/wp-json\/wp\/v2\/posts\/654454","targetHints":{"allow":["GET"]}}],"collection":[{"href":"https:\/\/www.europesays.com\/fr\/wp-json\/wp\/v2\/posts"}],"about":[{"href":"https:\/\/www.europesays.com\/fr\/wp-json\/wp\/v2\/types\/post"}],"author":[{"embeddable":true,"href":"https:\/\/www.europesays.com\/fr\/wp-json\/wp\/v2\/users\/2"}],"replies":[{"embeddable":true,"href":"https:\/\/www.europesays.com\/fr\/wp-json\/wp\/v2\/comments?post=654454"}],"version-history":[{"count":0,"href":"https:\/\/www.europesays.com\/fr\/wp-json\/wp\/v2\/posts\/654454\/revisions"}],"wp:featuredmedia":[{"embeddable":true,"href":"https:\/\/www.europesays.com\/fr\/wp-json\/wp\/v2\/media\/654455"}],"wp:attachment":[{"href":"https:\/\/www.europesays.com\/fr\/wp-json\/wp\/v2\/media?parent=654454"}],"wp:term":[{"taxonomy":"category","embeddable":true,"href":"https:\/\/www.europesays.com\/fr\/wp-json\/wp\/v2\/categories?post=654454"},{"taxonomy":"post_tag","embeddable":true,"href":"https:\/\/www.europesays.com\/fr\/wp-json\/wp\/v2\/tags?post=654454"}],"curies":[{"name":"wp","href":"https:\/\/api.w.org\/{rel}","templated":true}]}}