{"id":654460,"date":"2026-01-10T17:51:10","date_gmt":"2026-01-10T17:51:10","guid":{"rendered":"https:\/\/www.europesays.com\/fr\/654460\/"},"modified":"2026-01-10T17:51:10","modified_gmt":"2026-01-10T17:51:10","slug":"iran-ursula-von-der-leyen-affirme-que-leurope-soutient-pleinement-les-manifestants","status":"publish","type":"post","link":"https:\/\/www.europesays.com\/fr\/654460\/","title":{"rendered":"Iran\u00a0: Ursula von der Leyen affirme que l\u2019Europe \u00ab\u00a0soutient pleinement\u00a0\u00bb les manifestants"},"content":{"rendered":"<p>\n                                                                La pr\u00e9sidente de la Commission europ\u00e9enne a \u00e9galement fermement condamn\u00e9 la \u00ab\u00a0r\u00e9pression violente\u00a0\u00bb des manifestations par la R\u00e9publique islamique.\n                            <\/p>\n<p data-path-to-node=\"0\">La pr\u00e9sidente de la Commission europ\u00e9enne a fermement condamn\u00e9, ce samedi 10\u00a0janvier, la r\u00e9pression sanglante des manifestations en Iran. Au nom de l\u2019Union europ\u00e9enne, Ursula von der Leyen a \u00e9galement salu\u00e9 le courage des citoyens iraniens qui r\u00e9clament leurs libert\u00e9s fondamentales face \u00e0 un r\u00e9gime de plus en plus contest\u00e9.<\/p>\n<p data-path-to-node=\"5\">Dans une d\u00e9claration\u00a0en ligne, Ursula von der Leyen a exprim\u00e9 une solidarit\u00e9 sans faille envers le mouvement de contestation qui secoue la R\u00e9publique islamique. \u00ab\u00a0Les rues de T\u00e9h\u00e9ran, et des villes du monde entier, r\u00e9sonnent des pas des femmes et des hommes iraniens qui r\u00e9clament la libert\u00e9\u00a0\u00bb, a-t-elle dit.<\/p>\n<p data-path-to-node=\"6\">La cheffe de l\u2019ex\u00e9cutif europ\u00e9en a \u00e9num\u00e9r\u00e9 les droits pour lesquels la jeunesse iranienne s\u2019engage au p\u00e9ril de sa vie\u00a0: la libert\u00e9 d\u2019expression, de rassemblement, de mouvement, et plus globalement, le droit de vivre dans une soci\u00e9t\u00e9 libre. \u00ab\u00a0L\u2019Europe se tient pleinement \u00e0 leurs c\u00f4t\u00e9s\u00a0\u00bb, a-t-elle martel\u00e9.<\/p>\n<p data-path-to-node=\"8\">Au-del\u00e0 de l\u2019expression de son soutien, la pr\u00e9sidente de la Commission a durci le ton \u00e0 l\u2019\u00e9gard de la r\u00e9ponse s\u00e9curitaire du pouvoir iranien. Condamnant \u00ab\u00a0sans \u00e9quivoque la r\u00e9pression violente de ces manifestations l\u00e9gitimes\u00a0\u00bb, elle a adress\u00e9 une mise en garde aux responsables du r\u00e9gime, assurant qu\u2019ils \u00ab\u00a0resteront dans les m\u00e9moires du mauvais c\u00f4t\u00e9 de l\u2019histoire\u00a0\u00bb.<\/p>\n","protected":false},"excerpt":{"rendered":"La pr\u00e9sidente de la Commission europ\u00e9enne a \u00e9galement fermement condamn\u00e9 la \u00ab\u00a0r\u00e9pression violente\u00a0\u00bb des manifestations par la R\u00e9publique&hellip;\n","protected":false},"author":2,"featured_media":654461,"comment_status":"","ping_status":"","sticky":false,"template":"","format":"standard","meta":{"footnotes":""},"categories":[1586],"tags":[1111,11,1777,674,1779,1011,27,14,12,25,1778,364],"class_list":{"0":"post-654460","1":"post","2":"type-post","3":"status-publish","4":"format-standard","5":"has-post-thumbnail","7":"category-europe","8":"tag-actu","9":"tag-actualites","10":"tag-eu","11":"tag-europe","12":"tag-european-union","13":"tag-fr","14":"tag-france","15":"tag-international","16":"tag-news","17":"tag-republique-francaise","18":"tag-ue","19":"tag-union-europeenne"},"share_on_mastodon":{"url":"https:\/\/pubeurope.com\/@fr\/115872077148375173","error":""},"_links":{"self":[{"href":"https:\/\/www.europesays.com\/fr\/wp-json\/wp\/v2\/posts\/654460","targetHints":{"allow":["GET"]}}],"collection":[{"href":"https:\/\/www.europesays.com\/fr\/wp-json\/wp\/v2\/posts"}],"about":[{"href":"https:\/\/www.europesays.com\/fr\/wp-json\/wp\/v2\/types\/post"}],"author":[{"embeddable":true,"href":"https:\/\/www.europesays.com\/fr\/wp-json\/wp\/v2\/users\/2"}],"replies":[{"embeddable":true,"href":"https:\/\/www.europesays.com\/fr\/wp-json\/wp\/v2\/comments?post=654460"}],"version-history":[{"count":0,"href":"https:\/\/www.europesays.com\/fr\/wp-json\/wp\/v2\/posts\/654460\/revisions"}],"wp:featuredmedia":[{"embeddable":true,"href":"https:\/\/www.europesays.com\/fr\/wp-json\/wp\/v2\/media\/654461"}],"wp:attachment":[{"href":"https:\/\/www.europesays.com\/fr\/wp-json\/wp\/v2\/media?parent=654460"}],"wp:term":[{"taxonomy":"category","embeddable":true,"href":"https:\/\/www.europesays.com\/fr\/wp-json\/wp\/v2\/categories?post=654460"},{"taxonomy":"post_tag","embeddable":true,"href":"https:\/\/www.europesays.com\/fr\/wp-json\/wp\/v2\/tags?post=654460"}],"curies":[{"name":"wp","href":"https:\/\/api.w.org\/{rel}","templated":true}]}}