{"id":654466,"date":"2026-01-10T17:54:27","date_gmt":"2026-01-10T17:54:27","guid":{"rendered":"https:\/\/www.europesays.com\/fr\/654466\/"},"modified":"2026-01-10T17:54:27","modified_gmt":"2026-01-10T17:54:27","slug":"en-direct-neige-verglas-six-departements-en-vigilance-orange-du-mieux-sur-la36","status":"publish","type":"post","link":"https:\/\/www.europesays.com\/fr\/654466\/","title":{"rendered":"EN DIRECT &#8211; Neige-verglas : six d\u00e9partements en vigilance orange, du mieux sur l&rsquo;A36"},"content":{"rendered":"<p>Six d\u00e9partements du nord-est de la France sont plac\u00e9s en vigilance orange neige-verglas ce samedi en raison d&rsquo;un \u00e9pisode neigeux jusqu&rsquo;\u00e0 tr\u00e8s basse altitude, rapporte M\u00e9t\u00e9o-France.<\/p>\n<p>Le Jura, le Doubs, le Territoire de Belfort, la Haute-Sa\u00f4ne, la Haute-Marne et les Vosges seront en alerte au moins jusqu&rsquo;\u00e0 minuit, avec des \u00ab\u00a0difficult\u00e9s de circulation\u00a0\u00bb attendues dans les d\u00e9partements concern\u00e9s. Dimanche, seuls le Jura et le Doubs devraient rester \u00e0 ce niveau de vigilance.<\/p>\n<p>M\u00e9t\u00e9o-France \u00e9voque un \u00e9pisode neigeux \u00ab\u00a0parfois jusqu&rsquo;en plaine\u00a0\u00bb, avec 5 \u00e0 10 centim\u00e8tres possibles \u00ab\u00a0d\u00e8s 300 m\u00e8tres d&rsquo;altitude\u00a0\u00bb, dans le sillage de l&rsquo;ex-temp\u00eate Goretti en provenance de l&rsquo;Allemagne et du Benelux. Les chutes pourront d\u00e9passer 10 centim\u00e8tres, jusqu&rsquo;\u00e0 20, entre 400 et 500 m\u00e8tres, et monter jusqu&rsquo;\u00e0 40 centim\u00e8tres au-del\u00e0 de 500 m\u00e8tres sur les plus hauts reliefs. La neige devrait m\u00eame tomber d\u00e8s 200-300 m\u00e8tres, anticipe l&rsquo;\u00e9tablissement public.<\/p>\n","protected":false},"excerpt":{"rendered":"Six d\u00e9partements du nord-est de la France sont plac\u00e9s en vigilance orange neige-verglas ce samedi en raison d&rsquo;un&hellip;\n","protected":false},"author":2,"featured_media":654467,"comment_status":"","ping_status":"","sticky":false,"template":"","format":"standard","meta":{"footnotes":""},"categories":[4],"tags":[1111,11,75421,1921,1011,27,1922,11007,12,11008,2119,25,133,11009],"class_list":{"0":"post-654466","1":"post","2":"type-post","3":"status-publish","4":"format-standard","5":"has-post-thumbnail","7":"category-france","8":"tag-actu","9":"tag-actualites","10":"tag-apres-la-neige-et-le-verglas-la-tempete-goretti","11":"tag-article-video","12":"tag-fr","13":"tag-france","14":"tag-info","15":"tag-meteo-quotidienne","16":"tag-news","17":"tag-phenomenes-meteo","18":"tag-previsions-meteo","19":"tag-republique-francaise","20":"tag-video","21":"tag-video-meteo-et-intemperies"},"share_on_mastodon":{"url":"https:\/\/pubeurope.com\/@fr\/115872089316756638","error":""},"_links":{"self":[{"href":"https:\/\/www.europesays.com\/fr\/wp-json\/wp\/v2\/posts\/654466","targetHints":{"allow":["GET"]}}],"collection":[{"href":"https:\/\/www.europesays.com\/fr\/wp-json\/wp\/v2\/posts"}],"about":[{"href":"https:\/\/www.europesays.com\/fr\/wp-json\/wp\/v2\/types\/post"}],"author":[{"embeddable":true,"href":"https:\/\/www.europesays.com\/fr\/wp-json\/wp\/v2\/users\/2"}],"replies":[{"embeddable":true,"href":"https:\/\/www.europesays.com\/fr\/wp-json\/wp\/v2\/comments?post=654466"}],"version-history":[{"count":0,"href":"https:\/\/www.europesays.com\/fr\/wp-json\/wp\/v2\/posts\/654466\/revisions"}],"wp:featuredmedia":[{"embeddable":true,"href":"https:\/\/www.europesays.com\/fr\/wp-json\/wp\/v2\/media\/654467"}],"wp:attachment":[{"href":"https:\/\/www.europesays.com\/fr\/wp-json\/wp\/v2\/media?parent=654466"}],"wp:term":[{"taxonomy":"category","embeddable":true,"href":"https:\/\/www.europesays.com\/fr\/wp-json\/wp\/v2\/categories?post=654466"},{"taxonomy":"post_tag","embeddable":true,"href":"https:\/\/www.europesays.com\/fr\/wp-json\/wp\/v2\/tags?post=654466"}],"curies":[{"name":"wp","href":"https:\/\/api.w.org\/{rel}","templated":true}]}}