{"id":65450,"date":"2025-04-30T22:33:10","date_gmt":"2025-04-30T22:33:10","guid":{"rendered":"https:\/\/www.europesays.com\/fr\/65450\/"},"modified":"2025-04-30T22:33:10","modified_gmt":"2025-04-30T22:33:10","slug":"apres-la-panne-geante-les-energies-renouvelables-sur-le-banc-des-accuses-en-espagne-30-04-2025-a-2135","status":"publish","type":"post","link":"https:\/\/www.europesays.com\/fr\/65450\/","title":{"rendered":"Apr\u00e8s la panne g\u00e9ante, les \u00e9nergies renouvelables sur le banc des accus\u00e9s en Espagne &#8211; 30\/04\/2025 \u00e0 21:35"},"content":{"rendered":"<p>        <img fetchpriority=\"high\" decoding=\"async\" src=\"https:\/\/www.europesays.com\/fr\/wp-content\/uploads\/2025\/04\/15d1afeea8ff5b17a3fc52ff2730651b-760x507.jpg\" alt=\"Deux jours apr\u00e8s la panne g\u00e9ante ayant touch\u00e9 la p\u00e9ninsule, la nature du mix \u00e9nerg\u00e9tique ib\u00e9rique est au coeur de vifs d\u00e9bats en Espagne ( AFP \/ MIGUEL RIOPA )\" loading=\"eager\" width=\"760\" height=\"507\" style=\"max-width: 100%!important; height: auto;\"\/><\/p>\n<p class=\"c-image-news__legend\">Deux jours apr\u00e8s la panne g\u00e9ante ayant touch\u00e9 la p\u00e9ninsule, la nature du mix \u00e9nerg\u00e9tique ib\u00e9rique est au coeur de vifs d\u00e9bats en Espagne ( AFP \/ MIGUEL RIOPA )<\/p>\n<p>\n L&rsquo;essor des \u00e9nergies renouvelables a-t-il fragilis\u00e9 le r\u00e9seau \u00e9lectrique espagnol? Deux jours apr\u00e8s la panne g\u00e9ante ayant touch\u00e9 la p\u00e9ninsule, la nature du mix \u00e9nerg\u00e9tique ib\u00e9rique est au coeur de vifs d\u00e9bats en Espagne, malgr\u00e9 les messages rassurants des autorit\u00e9s.\n<\/p>\n<p>\n \u00ab\u00a0Le manque de centrales nucl\u00e9aires et le +boom+ des renouvelables ont mis \u00e0 terre le r\u00e9seau \u00e9lectrique\u00a0\u00bb, assure en Une mercredi le quotidien conservateur ABC. \u00ab\u00a0Les alertes sur les renouvelables depuis cinq ans\u00a0\u00bb ont \u00e9t\u00e9 \u00ab\u00a0ignor\u00e9es\u00a0\u00bb, regrette de son c\u00f4t\u00e9 El Mundo, \u00e9galement class\u00e9 \u00e0 droite.\n<\/p>\n<p>\n Dans le viseur de ces deux quotidiens, mais aussi des partis d&rsquo;opposition: la politique \u00e9nerg\u00e9tique mise en place depuis plusieurs ann\u00e9es par le gouvernement du Premier ministre socialiste Pedro S\u00e1nchez, qui a fait de l&rsquo;Espagne l&rsquo;un des champions europ\u00e9ens de la transition verte.\n<\/p>\n<p>\n Selon le gestionnaire du r\u00e9seau \u00e9lectrique espagnol REE, le solaire et l&rsquo;\u00e9olien ont repr\u00e9sent\u00e9 en 2024 pr\u00e8s de 40% du mix \u00e9lectrique espagnol. C&rsquo;est pr\u00e8s de deux fois plus qu&rsquo;en 2014, et \u00e9galement le double du nucl\u00e9aire, dont la part est tomb\u00e9e l&rsquo;an dernier \u00e0 20%.\n<\/p>\n<p>\n Une \u00e9volution r\u00e9solument d\u00e9fendue par l&rsquo;ex\u00e9cutif, qui s&rsquo;est engag\u00e9 \u00e0 fermer toutes les centrales nucl\u00e9aires d&rsquo;ici 10 ans, mais source de tensions, alors que plusieurs rapports r\u00e9cents ont point\u00e9 de possibles risques en l&rsquo;absence de mesures fortes pour adapter le r\u00e9seau.\n<\/p>\n<p> &#8211; Energie \u00ab\u00a0s\u00fbre\u00a0\u00bb &#8211;<\/p>\n<p>\n Dans son document financier annuel publi\u00e9 fin f\u00e9vrier, la maison-m\u00e8re de REE, Redeia, avait ainsi mis en garde contre \u00ab\u00a0la forte p\u00e9n\u00e9tration de la production renouvelable sans les capacit\u00e9s techniques n\u00e9cessaires \u00e0 un comportement ad\u00e9quat face aux perturbations\u00a0\u00bb.\n<\/p>\n<p>\n Cela pourrait \u00ab\u00a0provoquer des coupures de production\u00a0\u00bb potentiellement \u00ab\u00a0s\u00e9v\u00e8res, allant jusqu&rsquo;\u00e0 entra\u00eener un d\u00e9s\u00e9quilibre entre la production et la demande, ce qui affecterait significativement l&rsquo;approvisionnement en \u00e9lectricit\u00e9\u00a0\u00bb de l&rsquo;Espagne, avait-elle \u00e9crit.\n<\/p>\n<p>\n Un message relay\u00e9 par le gendarme de la concurrence (CNMC). \u00ab\u00a0A certains moments, les tensions du r\u00e9seau de transport (d&rsquo;\u00e9lectricit\u00e9) ont atteint des valeurs maximales proches des seuils autoris\u00e9s, les d\u00e9passant m\u00eame parfois\u00a0\u00bb, a rappel\u00e9 l&rsquo;organisme dans un rapport de janvier.\n<\/p>\n<p>        <img decoding=\"async\" src=\"https:\/\/www.europesays.com\/fr\/wp-content\/uploads\/2025\/04\/8a84bf8c7bf9785e654ad9fc3bc15348-760x506.jpg\" alt=\"Apr\u00e8s la coupure, des experts du secteur se sont interrog\u00e9s sur un \u00e9ventuel d\u00e9s\u00e9quilibre entre production et demande d'\u00e9lectricit\u00e9, plus difficile \u00e0 corriger sans technologies ad\u00e9quates dans un r\u00e9seau o\u00f9 l'\u00e9olien et le solaire p\u00e8sent davantage ( AFP \/ CESAR MANSO )\" loading=\"eager\" width=\"760\" height=\"506\" style=\"max-width: 100%!important; height: auto;\"\/><\/p>\n<p class=\"c-image-news__legend\">Apr\u00e8s la coupure, des experts du secteur se sont interrog\u00e9s sur un \u00e9ventuel d\u00e9s\u00e9quilibre entre production et demande d&rsquo;\u00e9lectricit\u00e9, plus difficile \u00e0 corriger sans technologies ad\u00e9quates dans un r\u00e9seau o\u00f9 l&rsquo;\u00e9olien et le solaire p\u00e8sent davantage ( AFP \/ CESAR MANSO )<\/p>\n<p>\n Apr\u00e8s la coupure, des experts du secteur se sont interrog\u00e9s sur un \u00e9ventuel d\u00e9s\u00e9quilibre entre production et demande d&rsquo;\u00e9lectricit\u00e9, plus difficile \u00e0 corriger sans technologies ad\u00e9quates dans un r\u00e9seau o\u00f9 l&rsquo;\u00e9olien et le solaire p\u00e8sent davantage, qui aurait pu contribuer \u00e0 l&rsquo;effondrement du syst\u00e8me espagnol.\n<\/p>\n<p>\n Dans un entretien accord\u00e9 mercredi matin \u00e0 la radio Cadena Ser, la pr\u00e9sidente de REE, l&rsquo;ex-d\u00e9put\u00e9e socialiste Beatriz Corredor, a cependant assur\u00e9 que la production d&rsquo;\u00e9nergie renouvelable \u00e9tait \u00ab\u00a0s\u00fbre\u00a0\u00bb et fonctionnait \u00ab\u00a0de mani\u00e8re stable\u00a0\u00bb.\n<\/p>\n<p>\n \u00ab\u00a0Relier l&rsquo;incident si grave de lundi \u00e0 une p\u00e9n\u00e9tration des renouvelables n&rsquo;est pas vrai, ce n&rsquo;est pas correct\u00a0\u00bb, a-t-elle insist\u00e9, ajoutant que le rapport de f\u00e9vrier ne faisait que dresser la liste de risques potentiels, comme l&rsquo;y oblige la l\u00e9gislation.\n<\/p>\n<p> &#8211; \u00ab\u00a0Ignorance\u00a0\u00bb &#8211;<\/p>\n<p>\n Interrog\u00e9e sur cette pol\u00e9mique, la ministre de la Transition \u00e9cologique Sara Aagesen a jug\u00e9 mercredi \u00ab\u00a0imprudent de faire des sp\u00e9culations\u00a0\u00bb, assurant que la cause de la panne qui a provoqu\u00e9 le chaos au Portugal et en Espagne n&rsquo;\u00e9tait toujours pas connue.\n<\/p>\n<p>\n Par le pass\u00e9, \u00ab\u00a0le syst\u00e8me a parfaitement fonctionn\u00e9 avec une demande similaire et un mix \u00e9nerg\u00e9tique comparable. Par cons\u00e9quent, pointer les renouvelables (&#8230;) ne semble pas \u00eatre appropri\u00e9\u00a0\u00bb, a-t-elle insist\u00e9, en qualifiant le r\u00e9seau espagnol de \u00ab\u00a0robuste\u00a0\u00bb.\n<\/p>\n<p>\n Mardi, Pedro S\u00e1nchez avait lui aussi rejet\u00e9 ces critiques. \u00ab\u00a0Ceux qui lient cet incident au manque de nucl\u00e9aire mentent franchement ou d\u00e9montrent leur ignorance\u00a0\u00bb, avait assur\u00e9 le dirigeant socialiste.\n<\/p>\n<p>        <img decoding=\"async\" src=\"https:\/\/www.europesays.com\/fr\/wp-content\/uploads\/2025\/04\/e1034a878994961fb0cccba9e12ddc50-760x507.jpg\" alt=\"Des voyageurs se pr\u00e9parant \u00e0 passer la nuit \u00e0 la gare d'Atocha, \u00e0 Madrid, \u00e0 cause de la panne d'\u00e9lectrict\u00e9 g\u00e9ante, le 28 avril 2025 ( AFP \/ \u00d3scar del Pozo )\" loading=\"eager\" width=\"760\" height=\"507\" style=\"max-width: 100%!important; height: auto;\"\/><\/p>\n<p class=\"c-image-news__legend\">Des voyageurs se pr\u00e9parant \u00e0 passer la nuit \u00e0 la gare d&rsquo;Atocha, \u00e0 Madrid, \u00e0 cause de la panne d&rsquo;\u00e9lectrict\u00e9 g\u00e9ante, le 28 avril 2025 ( AFP \/ \u00d3scar del Pozo )<\/p>\n<p>\n Plusieurs hypoth\u00e8ses ont \u00e9t\u00e9 avanc\u00e9es pour expliquer la panne, dont celle d&rsquo;une cyberattaque, sur laquelle la justice espagnole a ouvert une enqu\u00eate. Cette piste est cependant jug\u00e9e peu cr\u00e9dible par REE, qui a assur\u00e9 mardi n&rsquo;avoir rep\u00e9r\u00e9 \u00ab\u00a0aucune intrusion\u00a0\u00bb dans ses syst\u00e8mes de contr\u00f4le.\n<\/p>\n<p>\n Selon les autorit\u00e9s, l&rsquo;\u00e9quivalent de 60% de la consommation \u00e9lectrique de l&rsquo;Espagne, soit 15 gigawatts, a disparu en l&rsquo;espace de cinq secondes lors de la panne, survenue lundi \u00e0 12H33 (10H33 GMT) &#8211; un ph\u00e9nom\u00e8ne qualifi\u00e9 d'\u00a0\u00bbin\u00e9dit\u00a0\u00bb par l&rsquo;ex\u00e9cutif.\n<\/p>\n<p>\n Dans son compte-rendu des \u00e9v\u00e9nements, REE a indiqu\u00e9 avoir identifi\u00e9 comme possible origine de cet effondrement deux incidents distincts \u00e0 une seconde et demi d&rsquo;intervalle, dont l&rsquo;un ayant pu affecter un site de production solaire dans le sud-ouest de l&rsquo;Espagne.\n<\/p>\n<p>\n A ce stade, il n&rsquo;est \u00ab\u00a0pas possible d&rsquo;en tirer des conclusions\u00a0\u00bb, a toutefois pr\u00e9venu l&rsquo;organisme.<\/p>\n","protected":false},"excerpt":{"rendered":"Deux jours apr\u00e8s la panne g\u00e9ante ayant touch\u00e9 la p\u00e9ninsule, la nature du mix \u00e9nerg\u00e9tique ib\u00e9rique est au&hellip;\n","protected":false},"author":2,"featured_media":65451,"comment_status":"","ping_status":"","sticky":false,"template":"","format":"standard","meta":{"footnotes":""},"categories":[2],"tags":[400,11,398,408,405,1011,27,403,402,399,404,12,25,401,406,407],"class_list":{"0":"post-65450","1":"post","2":"type-post","3":"status-publish","4":"format-standard","5":"has-post-thumbnail","7":"category-actualites","8":"tag-action-cac-40","9":"tag-actualites","10":"tag-bourse-de-paris","11":"tag-boursorama","12":"tag-cotations","13":"tag-fr","14":"tag-france","15":"tag-indices-devises","16":"tag-investir","17":"tag-investissement","18":"tag-marche-boursier","19":"tag-news","20":"tag-republique-francaise","21":"tag-sicav","22":"tag-trackers","23":"tag-warrants"},"share_on_mastodon":{"url":"https:\/\/pubeurope.com\/@fr\/114429297257263167","error":""},"_links":{"self":[{"href":"https:\/\/www.europesays.com\/fr\/wp-json\/wp\/v2\/posts\/65450","targetHints":{"allow":["GET"]}}],"collection":[{"href":"https:\/\/www.europesays.com\/fr\/wp-json\/wp\/v2\/posts"}],"about":[{"href":"https:\/\/www.europesays.com\/fr\/wp-json\/wp\/v2\/types\/post"}],"author":[{"embeddable":true,"href":"https:\/\/www.europesays.com\/fr\/wp-json\/wp\/v2\/users\/2"}],"replies":[{"embeddable":true,"href":"https:\/\/www.europesays.com\/fr\/wp-json\/wp\/v2\/comments?post=65450"}],"version-history":[{"count":0,"href":"https:\/\/www.europesays.com\/fr\/wp-json\/wp\/v2\/posts\/65450\/revisions"}],"wp:featuredmedia":[{"embeddable":true,"href":"https:\/\/www.europesays.com\/fr\/wp-json\/wp\/v2\/media\/65451"}],"wp:attachment":[{"href":"https:\/\/www.europesays.com\/fr\/wp-json\/wp\/v2\/media?parent=65450"}],"wp:term":[{"taxonomy":"category","embeddable":true,"href":"https:\/\/www.europesays.com\/fr\/wp-json\/wp\/v2\/categories?post=65450"},{"taxonomy":"post_tag","embeddable":true,"href":"https:\/\/www.europesays.com\/fr\/wp-json\/wp\/v2\/tags?post=65450"}],"curies":[{"name":"wp","href":"https:\/\/api.w.org\/{rel}","templated":true}]}}