{"id":654511,"date":"2026-01-10T18:22:10","date_gmt":"2026-01-10T18:22:10","guid":{"rendered":"https:\/\/www.europesays.com\/fr\/654511\/"},"modified":"2026-01-10T18:22:10","modified_gmt":"2026-01-10T18:22:10","slug":"municipales-2026-un-ancien-coach-de-lasbh-rejoint-une-liste-soutenue-par-le-rassemblement-national-a-toulon","status":"publish","type":"post","link":"https:\/\/www.europesays.com\/fr\/654511\/","title":{"rendered":"Municipales 2026\u00a0: un ancien coach de l\u2019ASBH rejoint une liste soutenue par le Rassemblement national \u00e0 Toulon"},"content":{"rendered":"<p>\n                                                                Ancien joueur de Toulouse et actuellement entra\u00eeneur de la Roumanie, David G\u00e9rard sera pr\u00e9sent sur la liste men\u00e9e par la d\u00e9put\u00e9e RN du Var Laure Lavalette a-t-elle annonc\u00e9 vendredi 9\u00a0janvier.\n                            <\/p>\n<p>L\u2019ancien entra\u00eeneur des avants de B\u00e9ziers (2017-2019), David G\u00e9rard est pressenti pour devenir adjoint aux sports en cas de victoire de la liste Un avenir pour Toulon.<\/p>\n<p>Ancien deuxi\u00e8me ligne de Toulouse ou de Northampton, G\u00e9rard (48 ans) compte \u00e9galement une s\u00e9lection en \u00e9quipe de France de rugby.\u00a0\u00ab\u00a0J\u2019ai le plaisir d\u2019annoncer que David G\u00e9rard sera en deuxi\u00e8me position sur la liste\u00a0que je pr\u00e9sente aux Toulonnais pour l\u2019\u00e9lection municipale\u00a0\u00bb, a d\u00e9clar\u00e9 Laure Lavalette, lors de la pr\u00e9sentation de sa liste, vendredi 9\u00a0janvier. Elle explique \u00e9galement que ce choix n\u2019est\u00a0\u00ab\u00a0pas anodin\u00a0\u00bb\u00a0et qu\u2019elle souhaite\u00a0faire de Toulon \u00ab\u00a0une grande ville sportive\u00a0\u00bb.<\/p>\n<p>Originaire de Toulon<\/p>\n<p>Originaire de Toulon et form\u00e9 au RC Toulon, David G\u00e9rard n\u2019a jamais port\u00e9 les couleurs du club phare\u00a0de la ville durant sa carri\u00e8re de joueur qu\u2019il a d\u00e9but\u00e9e du c\u00f4t\u00e9 de B\u00e8gles Bordeaux, puis du Stade Toulousain, Northampton, le Racing et Marseille pour terminer. Champion d\u2019Europe en\u00a02003 et\u00a02005 et vainqueur du Bouclier de Brennus en 2001 avec le Stade Toulousain, David G\u00e9rard a ensuite commenc\u00e9 une carri\u00e8re d\u2019entra\u00eeneur qui l\u2019a men\u00e9 jusqu\u2019\u00e0 B\u00e9ziers pour s\u2019occuper des avants (2017-2019), Lyon (2019-2021) ou plus r\u00e9cemment Montauban (2022). Il a \u00e9galement \u00e9t\u00e9 en poste avec la s\u00e9lection du Portugal, r\u00e9v\u00e9lation de la Coupe du monde 2023 et dirige d\u00e9sormais la s\u00e9lection roumaine.<\/p>\n<p>La liste men\u00e9e par Laure Lavalette, qui se pr\u00e9sente comme \u00ab\u00a0sans \u00e9tiquette\u00a0\u00bb mais soutenue par le Rassemblement national, propose un \u00ab\u00a0projet r\u00e9solument tourn\u00e9 vers l\u2019activit\u00e9 sportive, en milieu associatif et professionnel\u00a0\u00bb. Dans un d\u00e9partement du Var o\u00f9 le RN est fortement ancr\u00e9, Laure Lavalette entend reprendre la municipalit\u00e9 de Toulon que le FN avait d\u00e9j\u00e0 dirig\u00e9 entre\u00a01995 et\u00a02001. Elle compte sur la pr\u00e9sence d\u2019un rugbyman connu pour l\u2019aider dans son projet.<\/p>\n","protected":false},"excerpt":{"rendered":"Ancien joueur de Toulouse et actuellement entra\u00eeneur de la Roumanie, David G\u00e9rard sera pr\u00e9sent sur la liste men\u00e9e&hellip;\n","protected":false},"author":2,"featured_media":654512,"comment_status":"","ping_status":"","sticky":false,"template":"","format":"standard","meta":{"footnotes":""},"categories":[9619],"tags":[1111,11,37552,1777,674,1011,27,7089,12,882,25,65087,517,2310],"class_list":{"0":"post-654511","1":"post","2":"type-post","3":"status-publish","4":"format-standard","5":"has-post-thumbnail","7":"category-toulon","8":"tag-actu","9":"tag-actualites","10":"tag-beziers","11":"tag-eu","12":"tag-europe","13":"tag-fr","14":"tag-france","15":"tag-herault","16":"tag-news","17":"tag-provence-alpes-cote-dazur","18":"tag-republique-francaise","19":"tag-rugby-xv","20":"tag-sport","21":"tag-toulon"},"share_on_mastodon":{"url":"https:\/\/pubeurope.com\/@fr\/115872199024363246","error":""},"_links":{"self":[{"href":"https:\/\/www.europesays.com\/fr\/wp-json\/wp\/v2\/posts\/654511","targetHints":{"allow":["GET"]}}],"collection":[{"href":"https:\/\/www.europesays.com\/fr\/wp-json\/wp\/v2\/posts"}],"about":[{"href":"https:\/\/www.europesays.com\/fr\/wp-json\/wp\/v2\/types\/post"}],"author":[{"embeddable":true,"href":"https:\/\/www.europesays.com\/fr\/wp-json\/wp\/v2\/users\/2"}],"replies":[{"embeddable":true,"href":"https:\/\/www.europesays.com\/fr\/wp-json\/wp\/v2\/comments?post=654511"}],"version-history":[{"count":0,"href":"https:\/\/www.europesays.com\/fr\/wp-json\/wp\/v2\/posts\/654511\/revisions"}],"wp:featuredmedia":[{"embeddable":true,"href":"https:\/\/www.europesays.com\/fr\/wp-json\/wp\/v2\/media\/654512"}],"wp:attachment":[{"href":"https:\/\/www.europesays.com\/fr\/wp-json\/wp\/v2\/media?parent=654511"}],"wp:term":[{"taxonomy":"category","embeddable":true,"href":"https:\/\/www.europesays.com\/fr\/wp-json\/wp\/v2\/categories?post=654511"},{"taxonomy":"post_tag","embeddable":true,"href":"https:\/\/www.europesays.com\/fr\/wp-json\/wp\/v2\/tags?post=654511"}],"curies":[{"name":"wp","href":"https:\/\/api.w.org\/{rel}","templated":true}]}}