{"id":654514,"date":"2026-01-10T18:24:09","date_gmt":"2026-01-10T18:24:09","guid":{"rendered":"https:\/\/www.europesays.com\/fr\/654514\/"},"modified":"2026-01-10T18:24:09","modified_gmt":"2026-01-10T18:24:09","slug":"municipales-2026-a-montpellier-un-general-de-gendarmerie-aux-cotes-disabelle-perrein-il-sera-mon-adjoint-aux-ressources-humaines","status":"publish","type":"post","link":"https:\/\/www.europesays.com\/fr\/654514\/","title":{"rendered":"Municipales 2026 \u00e0 Montpellier\u00a0: un g\u00e9n\u00e9ral de gendarmerie aux c\u00f4t\u00e9s d\u2019Isabelle Perrein, \u00ab\u00a0Il sera mon adjoint aux ressources humaines\u00a0\u00bb"},"content":{"rendered":"<p>\n                                                                La candidate aux \u00e9lections municipales de Montpellier a d\u00e9voil\u00e9 un nouveau nom de sa future liste. Apr\u00e8s le policier et syndicaliste\u00a0Vincent Hergott, c\u2019est le g\u00e9n\u00e9ral de brigade de gendarmerie\u00a0Bernard Thibaud qui la rejoint.\n                            <\/p>\n<p>Si la campagne municipale peine \u00e0 se lancer \u00e0 Montpellier, <a href=\"https:\/\/www.midilibre.fr\/2025\/11\/23\/municipales-2026-a-montpellier-je-ne-suis-pas-la-bourgeoise-de-service-isabelle-perrein-se-pose-en-candidate-credible-13066136.php\" target=\"_blank\" rel=\"noopener\">celle d\u2019Isabelle Perrein ne ralentit pas<\/a>. Au contraire. La premi\u00e8re candidate \u00e0 s\u2019\u00eatre d\u00e9clar\u00e9e dans la course au fauteuil de maire, d\u00e8s septembre\u00a02023, \u00ab\u00a0reste dans son couloir et d\u00e9roule, fid\u00e8le \u00e0 son projet et son programme.\u00a0\u00bb <a href=\"https:\/\/www.midilibre.fr\/2025\/10\/13\/municipales-a-montpellier-isabelle-perrein-presente-ses-soutiens-pour-combattre-le-diable-la-france-insoumise-12989838.php\" target=\"_blank\" rel=\"noopener\">Apr\u00e8s avoir annonc\u00e9 plusieurs ralliements et soutiens<\/a>, dont ceux des anciens compagnons de route de Philippe Saurel, Brigitte Galiana-Roussel et\u00a0Luc Albernhe, ou de l\u2019ex-eurod\u00e9put\u00e9e\u00a0Ir\u00e8ne Tolleret, Isabelle Perrein a d\u00e9voil\u00e9 un nouveau membre de sa future liste.<\/p>\n<p>Un futur adjoint aux ressources humaines\u00a0?<\/p>\n<p>Si la th\u00e9matique de la s\u00e9curit\u00e9 a \u00e9t\u00e9 confi\u00e9e au policier\u00a0Vincent Hergott, celle de la gestion des RH reviendra \u00e0 un gendarme, en cas d\u2019\u00e9lection, le 22\u00a0mars prochain. \u00ab\u00a0Le g\u00e9n\u00e9ral Bernard Thibaud sera mon adjoint aux ressources humaines, a indiqu\u00e9 la candidate. Ses comp\u00e9tences en n\u00e9gociation et son sens de l\u2019apaisement seront pr\u00e9cieux. C\u2019est un gage de respect et de rupture avec le fonctionnement actuel\u00a0que j\u2019envoie aux 6\u00a0500 agents de la Ville et de la M\u00e9tropole, colonne vert\u00e9brale de notre service public.\u00a0\u00bb<\/p>\n<p>G\u00e9n\u00e9ral de brigade de la gendarmerie<\/p>\n<p>G\u00e9n\u00e9ral de brigade de deuxi\u00e8me section (plus en service actif), Bernard Thibaud a occup\u00e9 diff\u00e9rent postes \u00e0 responsabilit\u00e9 au sein de la gendarmerie nationale. S\u2019il a \u00ab\u00a0r\u00e9guli\u00e8rement c\u00f4toy\u00e9 les politiques dans le cadre de (ses) missions\u00a0\u00bb, le militaire ne s\u2019est jamais engag\u00e9 dans une \u00e9lection. Jusqu\u2019\u00e0 aujourd\u2019hui. \u00ab\u00a0Je rejoins un projet, avec la volont\u00e9 de mettre en place un plan d\u2019action sur cinq ans pour \u00e9couter, former et faire \u00e9voluer les agents. J\u2019ai toujours mis\u00e9 sur l\u2019intelligence collective\u00a0\u00bb, explique celui qui a termin\u00e9 sa carri\u00e8re en Haute-Vienne et s\u2019est install\u00e9 \u00e0 Montpellier depuis un an.<\/p>\n<p>Sa t\u00eate de liste, elle, vise \u00ab\u00a0le management vertical et le manque de perspectives offertes aux agents\u00a0\u00bb de l\u2019\u00e9quipe en place. Et r\u00e9p\u00e8te que le double audit \u2013 des finances et des ressources humaines \u2013 qu\u2019elle souhaite lancer au lendemain d\u2019une \u00e9ventuelle \u00e9lection lui permettra \u00ab\u00a0d\u2019agir sur l\u2019absent\u00e9isme\u00a0\u00bb, et g\u00e9n\u00e9rer suffisamment d\u2019\u00e9conomies pour \u00ab\u00a0faire \u00e9voluer les salaires lorsque c\u2019est n\u00e9cessaire\u00a0\u00bb.<\/p>\n","protected":false},"excerpt":{"rendered":"La candidate aux \u00e9lections municipales de Montpellier a d\u00e9voil\u00e9 un nouveau nom de sa future liste. Apr\u00e8s le&hellip;\n","protected":false},"author":2,"featured_media":654515,"comment_status":"","ping_status":"","sticky":false,"template":"","format":"standard","meta":{"footnotes":""},"categories":[9599],"tags":[1111,11,5949,1777,674,1011,27,7089,2208,3434,12,2680,316,25],"class_list":{"0":"post-654514","1":"post","2":"type-post","3":"status-publish","4":"format-standard","5":"has-post-thumbnail","7":"category-montpellier","8":"tag-actu","9":"tag-actualites","10":"tag-elections","11":"tag-eu","12":"tag-europe","13":"tag-fr","14":"tag-france","15":"tag-herault","16":"tag-montpellier","17":"tag-municipales-2026","18":"tag-news","19":"tag-occitanie","20":"tag-politique","21":"tag-republique-francaise"},"share_on_mastodon":{"url":"https:\/\/pubeurope.com\/@fr\/115872206944346615","error":""},"_links":{"self":[{"href":"https:\/\/www.europesays.com\/fr\/wp-json\/wp\/v2\/posts\/654514","targetHints":{"allow":["GET"]}}],"collection":[{"href":"https:\/\/www.europesays.com\/fr\/wp-json\/wp\/v2\/posts"}],"about":[{"href":"https:\/\/www.europesays.com\/fr\/wp-json\/wp\/v2\/types\/post"}],"author":[{"embeddable":true,"href":"https:\/\/www.europesays.com\/fr\/wp-json\/wp\/v2\/users\/2"}],"replies":[{"embeddable":true,"href":"https:\/\/www.europesays.com\/fr\/wp-json\/wp\/v2\/comments?post=654514"}],"version-history":[{"count":0,"href":"https:\/\/www.europesays.com\/fr\/wp-json\/wp\/v2\/posts\/654514\/revisions"}],"wp:featuredmedia":[{"embeddable":true,"href":"https:\/\/www.europesays.com\/fr\/wp-json\/wp\/v2\/media\/654515"}],"wp:attachment":[{"href":"https:\/\/www.europesays.com\/fr\/wp-json\/wp\/v2\/media?parent=654514"}],"wp:term":[{"taxonomy":"category","embeddable":true,"href":"https:\/\/www.europesays.com\/fr\/wp-json\/wp\/v2\/categories?post=654514"},{"taxonomy":"post_tag","embeddable":true,"href":"https:\/\/www.europesays.com\/fr\/wp-json\/wp\/v2\/tags?post=654514"}],"curies":[{"name":"wp","href":"https:\/\/api.w.org\/{rel}","templated":true}]}}