{"id":654518,"date":"2026-01-10T18:26:09","date_gmt":"2026-01-10T18:26:09","guid":{"rendered":"https:\/\/www.europesays.com\/fr\/654518\/"},"modified":"2026-01-10T18:26:09","modified_gmt":"2026-01-10T18:26:09","slug":"on-en-compte-plus-de-60-y-a-t-il-trop-de-restaurants-italiens-a-rouen","status":"publish","type":"post","link":"https:\/\/www.europesays.com\/fr\/654518\/","title":{"rendered":"On en compte plus de 60 ! Y a-t-il trop de restaurants italiens \u00e0 Rouen\u00a0?"},"content":{"rendered":"<p>                    Par<br \/>\n        <strong><br \/>\n            <a href=\"https:\/\/actu.fr\/auteur\/laredaction\" title=\"Consulter tous les articles de R\u00e9daction Normandie\" target=\"_blank\" rel=\"noopener\">R\u00e9daction Normandie<\/a><br \/>\n                    <\/strong><\/p>\n<p>        Publi\u00e9 le<\/p>\n<p>            10 janv. 2026 \u00e0 17h34        <\/p>\n<p>\u00c0 <a href=\"https:\/\/actu.fr\/normandie\/rouen_76540\" target=\"_blank\" rel=\"noopener\">Rouen<\/a>, la tendance italienne gagne du terrain. C\u2019est en bord de Seine que se trouve le restaurant <strong>La Fabrik<\/strong>, une adresse proposant une cuisine de type street food inspir\u00e9e du style new-yorkais. Vendu d\u00e9but 2026, l\u2019\u00e9tablissement s\u2019appr\u00eate \u00e0 laisser place <strong>\u00e0 un nouveau restaurant italien<\/strong>, venant s\u2019ajouter \u00e0 la longue liste des adresses italiennes rouennaises.<\/p>\n<p>Plus de 60 restos italiens \u00e0 Rouen !<\/p>\n<p class=\" wall-content\">C\u2019est en ce d\u00e9but d\u2019ann\u00e9e que l\u2019on apprend, dans\u00a0<a href=\"https:\/\/www.paris-normandie.fr\/id686130\/article\/2026-01-01\/rouen-bientot-une-trattoria-italienne-la-place-de-la-fabrik-sur-les-quais-de?utm_medium=post_organique&amp;utm_source=Facebook\" target=\"_blank\" rel=\"noopener\">Paris Normandie<\/a>, que le restaurant La Fabrik va fermer ses portes et donner la clef \u00e0 la nouvelle trattoria italienne.<\/p>\n<p class=\" wall-content\">Une tendance italienne qui se fait ressentir dans les rues de Rouen, o\u00f9 l\u2019on peut d\u00e9nombrer, selon un recensement r\u00e9alis\u00e9 \u00e0 partir de plusieurs sites internet, <strong>plus d\u2019une soixantaine de restaurants italiens<\/strong> dans la capitale de Normandie. Notamment par le m\u00e9dia <a href=\"https:\/\/rouen-bouge.fr\/rouen-devient-elle-la-capitale-normande-des-restos-italiens\/\" target=\"_blank\" rel=\"noopener\">Rouen Bouge<\/a> qui estime qu\u2019il y a pr\u00e8s de 63 restaurants italiens en ville.<\/p>\n<p class=\" wall-content\">D\u2019apr\u00e8s certains restaurateurs, c\u2019est parce qu\u2019une g\u00e9n\u00e9ration de clients recherche <strong>une gastronomie abordable et pas ch\u00e8re<\/strong>. \u00ab La cuisine italienne rassure et \u00e7a reste copieux, on n\u2019a plus faim apr\u00e8s \u00bb, confirme le patron du restaurant Bambini.<\/p>\n<p>Une cuisine italienne tr\u00e8s demand\u00e9e ?<\/p>\n<p class=\" wall-content\"><strong>\u00ab L\u2019offre s\u2019est \u00e9norm\u00e9ment \u00e9largie \u00bb<\/strong>, affirme de son c\u00f4t\u00e9 Julien Marchal-Gu\u00e9ret, pr\u00e9sident de l\u2019Umih (Union des M\u00e9tiers et des Industries de l\u2019H\u00f4tellerie en Seine Maritime). D\u00e9sormais, des services dits de \u00ab\u00a0fooding\u00a0\u00bb ou encore de \u00ab\u00a0snacking\u00a0\u00bb se d\u00e9veloppent, permettant la vente de produits plus petits et plus simples. Des services qui peuvent parfois occuper davantage d\u2019espace, mais qui savent surtout se distinguer d\u2019une gastronomie plus classique comme le sugg\u00e8re le g\u00e9rant du restaurant Amore Mio : \u00ab L\u2019arriv\u00e9 des fast food est devenu trop importantes, les gens appr\u00e9cient la nourriture italienne, <strong>ce n\u2019est pas de la gastronomie, mais \u00e7a reste de la bonne nourriture<\/strong> \u00bb.<\/p>\n<p class=\" wall-content\">Pour autant, la restauration traditionnelle r\u00e9siste malgr\u00e9 tout. \u00ab Une restauration qui rassure \u00bb, insiste Julien Marchal-Gu\u00e9ret. \u00ab Il y a <strong>une certaine singularit\u00e9<\/strong> dans ce qu\u2019on propose \u00bb, opine-t-on du c\u00f4t\u00e9 de l\u2019Oritano. \u00ab C\u2019est un m\u00e9lange de culture qui alimente la ville, c\u2019est \u00e7a qui la rend plus attractive. \u00bb<\/p>\n<p>Votre r\u00e9gion, votre actu !<\/p>\n<p>Recevez chaque jour les infos qui comptent pour vous.<\/p>\n<p>\t<a href=\"https:\/\/actu.fr\/newsletter\" class=\"ac-btn ac-btn--corner ac-btn--medium ac-btn--blue800\" target=\"_blank\" rel=\"noopener\">S&rsquo;incrire<\/a><\/p>\n<p class=\" wall-content\">Preuve que la gastronomie italienne reste tr\u00e8s demand\u00e9e, tr\u00e8s appr\u00e9ci\u00e9e, mais surtout et toujours tr\u00e8s accessible. Jusqu\u2019\u00e0 quand ?<\/p>\n<p class=\" wall-content\"><strong>Rachel Quenot<\/strong><\/p>\n<p>Suivez l\u2019actualit\u00e9 de Rouen <a href=\"https:\/\/www.whatsapp.com\/channel\/0029VaKfnf99hXF2ddApFB1D\" target=\"_blank\" rel=\"noopener\">sur notre cha\u00eene WhatsApp<\/a> et <a href=\"https:\/\/www.tiktok.com\/@76actu.fr?lang=fr\" target=\"_blank\" rel=\"noopener\">sur notre compte TikTok<\/a><\/p>\n<p class=\" wall-content\">Personnalisez votre actualit\u00e9 en ajoutant vos villes et m\u00e9dias en favori avec <a href=\"https:\/\/moncompte.actu.fr\" title=\"D\u00e9couvez Mon Actu\" rel=\"nofollow noopener\" data-trk=\"{&quot;cta&quot;:{&quot;action&quot;:&quot;https:\\\/\\\/moncompte.actu.fr&quot;,&quot;category&quot;:&quot;mon compte&quot;,&quot;from&quot;:&quot;article footer&quot;,&quot;name&quot;:&quot;Mon actu&quot;,&quot;type&quot;:&quot;cta&quot;}}\" target=\"_blank\">Mon Actu<\/a>.<\/p>\n<p>                    <script async src=\"\/\/www.tiktok.com\/embed.js\"><\/script><\/p>\n","protected":false},"excerpt":{"rendered":"Par R\u00e9daction Normandie Publi\u00e9 le 10 janv. 2026 \u00e0 17h34 \u00c0 Rouen, la tendance italienne gagne du terrain.&hellip;\n","protected":false},"author":2,"featured_media":654519,"comment_status":"","ping_status":"","sticky":false,"template":"","format":"standard","meta":{"footnotes":""},"categories":[9587],"tags":[1111,11,9086,1777,674,1011,27,1661,1652,12,5161,25,1340,9590],"class_list":{"0":"post-654518","1":"post","2":"type-post","3":"status-publish","4":"format-standard","5":"has-post-thumbnail","7":"category-rouen","8":"tag-actu","9":"tag-actualites","10":"tag-bon-plan-a-rouen","11":"tag-eu","12":"tag-europe","13":"tag-fr","14":"tag-france","15":"tag-gastronomie","16":"tag-loisirs-culture","17":"tag-news","18":"tag-normandie","19":"tag-republique-francaise","20":"tag-restaurant","21":"tag-rouen"},"share_on_mastodon":{"url":"https:\/\/pubeurope.com\/@fr\/115872214867930705","error":""},"_links":{"self":[{"href":"https:\/\/www.europesays.com\/fr\/wp-json\/wp\/v2\/posts\/654518","targetHints":{"allow":["GET"]}}],"collection":[{"href":"https:\/\/www.europesays.com\/fr\/wp-json\/wp\/v2\/posts"}],"about":[{"href":"https:\/\/www.europesays.com\/fr\/wp-json\/wp\/v2\/types\/post"}],"author":[{"embeddable":true,"href":"https:\/\/www.europesays.com\/fr\/wp-json\/wp\/v2\/users\/2"}],"replies":[{"embeddable":true,"href":"https:\/\/www.europesays.com\/fr\/wp-json\/wp\/v2\/comments?post=654518"}],"version-history":[{"count":0,"href":"https:\/\/www.europesays.com\/fr\/wp-json\/wp\/v2\/posts\/654518\/revisions"}],"wp:featuredmedia":[{"embeddable":true,"href":"https:\/\/www.europesays.com\/fr\/wp-json\/wp\/v2\/media\/654519"}],"wp:attachment":[{"href":"https:\/\/www.europesays.com\/fr\/wp-json\/wp\/v2\/media?parent=654518"}],"wp:term":[{"taxonomy":"category","embeddable":true,"href":"https:\/\/www.europesays.com\/fr\/wp-json\/wp\/v2\/categories?post=654518"},{"taxonomy":"post_tag","embeddable":true,"href":"https:\/\/www.europesays.com\/fr\/wp-json\/wp\/v2\/tags?post=654518"}],"curies":[{"name":"wp","href":"https:\/\/api.w.org\/{rel}","templated":true}]}}