{"id":654524,"date":"2026-01-10T18:34:16","date_gmt":"2026-01-10T18:34:16","guid":{"rendered":"https:\/\/www.europesays.com\/fr\/654524\/"},"modified":"2026-01-10T18:34:16","modified_gmt":"2026-01-10T18:34:16","slug":"a-rennes-le-nouveau-restaurant-breizhliner-veut-changer-limage-des-kebabs-tout-est-fait-maison","status":"publish","type":"post","link":"https:\/\/www.europesays.com\/fr\/654524\/","title":{"rendered":"\u00c0 Rennes, le nouveau restaurant Breizhliner veut changer l&rsquo;image des kebabs : \u00ab\u00a0Tout est fait maison\u00a0\u00bb"},"content":{"rendered":"<p>                    Par<br \/>\n        <strong><br \/>\n            <a href=\"https:\/\/actu.fr\/auteur\/clemence-pays02-actu-fr\" title=\"Consulter tous les articles de Cl\u00e9mence Pays\" target=\"_blank\" rel=\"noopener\">Cl\u00e9mence Pays<\/a><br \/>\n                    <\/strong><\/p>\n<p>        Publi\u00e9 le<\/p>\n<p>            10 janv. 2026 \u00e0 18h05        <\/p>\n<p><strong>Changement de d\u00e9cor<\/strong> complet au 5, rue Saint-Malo \u00e0 <a href=\"https:\/\/actu.fr\/rennes\/\" target=\"_blank\" rel=\"noopener\">Rennes<\/a>. Les banquettes rouges, les tables en formica et le carrelage noir et blanc du <a href=\"https:\/\/actu.fr\/bretagne\/rennes_35238\/nouveau-a-rennes-on-sait-ce-qui-va-remplacer-le-restaurant-back-to-the-60-s_62562362.html\" target=\"_blank\" rel=\"noopener\">restaurant Back to the 60\u2019s<\/a> ont laiss\u00e9 place \u00e0 des murs en t\u00f4le ondul\u00e9e et des fauteuils bordeaux. La carte, elle aussi, n\u2019a plus rien \u00e0 voir. Le burger, autrefois star des lieux, n\u2019est plus et a c\u00e9d\u00e9 sa place au <strong>kebab.<\/strong> Mais pas \u00e0 n\u2019importe lequel. Avec <strong>Breizhliner,<\/strong> ouvert le 30\u00a0d\u00e9cembre 2025, Yilmaz Sulak veut<strong> \u00ab\u2009se diff\u00e9rencier\u2009\u00bb<\/strong> des autres kebabs de la capitale bretonne. Pour cela, le g\u00e9rant s\u2019inspire des berliners, \u00e0 la sauce bretonne.<\/p>\n<p>\u00ab\u2009On monte les broches \u00e0 la main\u2009\u00bb<\/p>\n<p class=\" wall-content\">Ici, <strong>\u00ab\u2009tout est fait maison\u2009\u00bb,<\/strong> assure Yilmaz Sulak. Le propri\u00e9taire des lieux mise \u00e9galement sur <strong>\u00ab\u2009les produits frais\u2009\u00bb<\/strong> et des recettes qui changent du classique salade-tomate-oignon.<\/p>\n<p class=\" wall-content\">Commer\u00e7ant dans la restauration rapide \u00e0 Rennes depuis 26\u00a0ans, Yilmaz Sulak a senti une attente forte des consommateurs. \u00ab\u2009Il y avait un souhait de <strong>voir \u00e9voluer le kebab.<\/strong>\u2009\u00bb Le g\u00e9rant est donc all\u00e9 voir ce qui se fait ailleurs, en Allemagne notamment, o\u00f9 les sandwichs propos\u00e9s ont \u00ab\u2009beaucoup de l\u00e9gumes et de produits frais\u2009\u00bb.<\/p>\n<p class=\" wall-content\">Pour se fournir, le restaurateur s\u2019est donc tourn\u00e9 \u00ab\u2009au maximum vers des<strong> produits locaux,<\/strong> avec de la viande de <a href=\"https:\/\/actu.fr\/bretagne\/montauban-de-bretagne_35184\" target=\"_blank\" rel=\"noopener\">Montauban-de-Bretagne<\/a> et des pommes de terre cultiv\u00e9es \u00e0 10\u00a0km de Rennes\u2009\u00bb.<\/p>\n<p>    <img   decoding=\"async\" loading=\"lazy\" src=\"https:\/\/www.europesays.com\/fr\/wp-content\/uploads\/2026\/01\/breizhliner-rennes-rue-saint-malo-kebab-restaurant-960x640.jpeg\" alt=\"Les broches de la viande utilis\u00e9e pour les kebab sont pr\u00e9par\u00e9es sur place.\" width=\"960\" height=\"640\"\/><br \/>\n    Les broches de la viande utilis\u00e9e pour les kebabs sont pr\u00e9par\u00e9es sur place. (\u00a9Cl\u00e9mence Pays\/actu Rennes)<\/p>\n<p class=\" wall-content\">Pour les broches de viande kebab, pas question d\u2019acheter du surgel\u00e9.<\/p>\n<blockquote class=\"ac-article-quote wall-content\">\n<p>\u00ab\u00a0On d\u00e9sosse la viande et on la fait mariner ici. Ensuite, on monte les broches \u00e0 la main.\u00a0\u00bb<\/p>\n<p>    <strong>Yilmaz Sulak<\/strong><br \/>\n        Propri\u00e9taire de Breizhliner    <\/p><\/blockquote>\n<p>Votre r\u00e9gion, votre actu !<\/p>\n<p>Recevez chaque jour les infos qui comptent pour vous.<\/p>\n<p>\t<a href=\"https:\/\/actu.fr\/newsletter\" class=\"ac-btn ac-btn--corner ac-btn--medium ac-btn--blue800\" target=\"_blank\" rel=\"noopener\">S&rsquo;incrire<\/a><\/p>\n<p class=\" wall-content\">Le <strong>pain pita<\/strong> est lui aussi fa\u00e7onn\u00e9 sur place. \u00ab\u2009On travaille aussi sur les <strong>sauces maison.<\/strong>\u2009\u00bb<\/p>\n<p>Des options v\u00e9g\u00e9tariennes<\/p>\n<p class=\" wall-content\">\u00c0 la carte donc, les clients peuvent par exemple commander \u00ab\u2009le Breizhliner\u2009\u00bb, \u00e0 base de <strong>l\u00e9gumes grill\u00e9s, de feta, de grenade,<\/strong> de mesclun et de viande, le tout agr\u00e9ment\u00e9 d\u2019une sauce cocktail maison. Pour les personnes en qu\u00eate d\u2019originalit\u00e9, il est possible de d\u00e9guster un kebab \u00e0 \u00ab\u2009la fra\u00eecheur \u00e0 la bretonne\u2009\u00bb, avec de <strong>l\u2019achards de chou-fleur<\/strong> et de l\u2019houmous citronn\u00e9 ou encore un sandwich inspir\u00e9 de l\u2019Italie avec de la <strong>burrata cr\u00e9meuse<\/strong> et un pesto de pistaches.<\/p>\n<p class=\" wall-content\">Pour les v\u00e9g\u00e9tariens, Yilmaz Sulak a imagin\u00e9 deux recettes. La premi\u00e8re \u00e0 base d\u2019<strong>halloumi grill\u00e9<\/strong> au miel et de caviar d\u2019aubergine\u2009; la seconde avec un <strong>falafel maison<\/strong> et des l\u00e9gumes grill\u00e9s.<\/p>\n<p class=\" wall-content\">\u00ab\u2009\u00c0 cela, j\u2019ai ajout\u00e9 des <strong>frites belges,<\/strong> faites devant les clients\u2009\u00bb, souligne Yilmaz Sulak en montrant les kilos de pommes de terre pr\u00eats \u00e0 \u00eatre \u00e9pluch\u00e9s et d\u00e9coup\u00e9s. \u00ab\u2009L\u2019id\u00e9e c\u2019est de mettre les gens en confiance.\u2009\u00bb<\/p>\n<p class=\" wall-content\"><a href=\"https:\/\/www.instagram.com\/p\/DK95lAkNUO4\/embed\" title=\"Ouvrir le lien sur Instagram\" target=\"_blank\" rel=\"noopener\">Visualiser le contenu sur Instagram<\/a><\/p>\n<p class=\" wall-content\">Des assiettes mezze, des grillades, des salades et des desserts compl\u00e8tent l\u2019offre.<\/p>\n<p>Des retours positifs<\/p>\n<p class=\" wall-content\">\u00c0 l\u2019avenir, le g\u00e9rant souhaite proposer \u00ab\u2009une recette du mois\u2009\u00bb et des kebabs avec une base <strong>galette<\/strong> en alternative au pain pita. \u00ab\u2009Elle sera faite sur place aussi.\u2009\u00bb Mais fort de son exp\u00e9rience dans la restauration, Yilmaz Sulak ne veut pas se pr\u00e9cipiter.<strong> \u00ab\u2009On veut faire une bonne ouverture.<\/strong> Il faut y aller tout doux.\u2009\u00bb<\/p>\n<p>    <img   decoding=\"async\" loading=\"lazy\" src=\"https:\/\/www.europesays.com\/fr\/wp-content\/uploads\/2026\/01\/breizhliner-rennes-rue-saint-malo-kebab-restaurant-salle-960x640.jpeg\" alt=\"La salle du Breizhliner peut accueillir 70 personnes.\" width=\"960\" height=\"640\"\/><br \/>\n    La salle du Breizhliner peut accueillir 70\u00a0personnes. (\u00a9Cl\u00e9mence Pays\/actu Rennes)<\/p>\n<p class=\" wall-content\">Le g\u00e9rant souhaite <strong>d\u00e9velopper son effectif<\/strong> et cherche un ma\u00eetre k\u00e9babier et un plongeur. Yilmaz Sulak attend \u00e9galement l\u2019arriv\u00e9e d\u2019un serveur ou une serveuse pour proposer le service \u00e0 table. \u00ab\u2009On peut commander \u00e0 emporter. Mais le but, c\u2019est aussi de pouvoir <strong>manger sur place.<\/strong> C\u2019est pour \u00e7a qu\u2019on a fait un effort sur la d\u00e9coration de la salle qui peut accueillir <strong>70 places.<\/strong>\u2009\u00bb Une demande de terrasse permanente a aussi \u00e9t\u00e9 d\u00e9pos\u00e9e en mairie. \u00ab\u2009Si on ne l\u2019obtient pas, on mettra en place une terrasse provisoire de mai \u00e0 septembre.\u2009\u00bb<\/p>\n<p class=\" wall-content\">En attendant la r\u00e9ponse, Yilmaz Sulak peut se satisfaire de son ouverture. \u00ab\u2009Les clients sont contents.<strong> Il y en a qui sont d\u00e9j\u00e0 revenus plusieurs fois<\/strong>\u2009\u00bb, sourit-il.<\/p>\n<p><strong>Infos pratiques :<\/strong><br \/>Breizhliner, 5, rue Saint-Malo \u00e0 Rennes. Ouvert, les dimanche, lundi, mardi, mercredi, de 11h45 \u00e0 23h et les jeudi, vendredi, samedi de 11h45 \u00e0 00h. Contact : 02 23 62 44 30.<\/p>\n<p class=\" wall-content\">Personnalisez votre actualit\u00e9 en ajoutant vos villes et m\u00e9dias en favori avec <a href=\"https:\/\/moncompte.actu.fr\" title=\"D\u00e9couvez Mon Actu\" rel=\"nofollow noopener\" data-trk=\"{&quot;cta&quot;:{&quot;action&quot;:&quot;https:\\\/\\\/moncompte.actu.fr&quot;,&quot;category&quot;:&quot;mon compte&quot;,&quot;from&quot;:&quot;article footer&quot;,&quot;name&quot;:&quot;Mon actu&quot;,&quot;type&quot;:&quot;cta&quot;}}\" target=\"_blank\">Mon Actu<\/a>.<\/p>\n<p>                    <script async src=\"\/\/www.instagram.com\/embed.js\"><\/script><\/p>\n","protected":false},"excerpt":{"rendered":"Par Cl\u00e9mence Pays Publi\u00e9 le 10 janv. 2026 \u00e0 18h05 Changement de d\u00e9cor complet au 5, rue Saint-Malo&hellip;\n","protected":false},"author":2,"featured_media":654525,"comment_status":"","ping_status":"","sticky":false,"template":"","format":"standard","meta":{"footnotes":""},"categories":[2821],"tags":[1111,11,829,215,33,1777,674,1011,27,12,584,25,10619],"class_list":{"0":"post-654524","1":"post","2":"type-post","3":"status-publish","4":"format-standard","5":"has-post-thumbnail","7":"category-rennes","8":"tag-actu","9":"tag-actualites","10":"tag-bretagne","11":"tag-commerce","12":"tag-economie","13":"tag-eu","14":"tag-europe","15":"tag-fr","16":"tag-france","17":"tag-news","18":"tag-rennes","19":"tag-republique-francaise","20":"tag-restos-de-rennes"},"share_on_mastodon":{"url":"https:\/\/pubeurope.com\/@fr\/115872246351618901","error":""},"_links":{"self":[{"href":"https:\/\/www.europesays.com\/fr\/wp-json\/wp\/v2\/posts\/654524","targetHints":{"allow":["GET"]}}],"collection":[{"href":"https:\/\/www.europesays.com\/fr\/wp-json\/wp\/v2\/posts"}],"about":[{"href":"https:\/\/www.europesays.com\/fr\/wp-json\/wp\/v2\/types\/post"}],"author":[{"embeddable":true,"href":"https:\/\/www.europesays.com\/fr\/wp-json\/wp\/v2\/users\/2"}],"replies":[{"embeddable":true,"href":"https:\/\/www.europesays.com\/fr\/wp-json\/wp\/v2\/comments?post=654524"}],"version-history":[{"count":0,"href":"https:\/\/www.europesays.com\/fr\/wp-json\/wp\/v2\/posts\/654524\/revisions"}],"wp:featuredmedia":[{"embeddable":true,"href":"https:\/\/www.europesays.com\/fr\/wp-json\/wp\/v2\/media\/654525"}],"wp:attachment":[{"href":"https:\/\/www.europesays.com\/fr\/wp-json\/wp\/v2\/media?parent=654524"}],"wp:term":[{"taxonomy":"category","embeddable":true,"href":"https:\/\/www.europesays.com\/fr\/wp-json\/wp\/v2\/categories?post=654524"},{"taxonomy":"post_tag","embeddable":true,"href":"https:\/\/www.europesays.com\/fr\/wp-json\/wp\/v2\/tags?post=654524"}],"curies":[{"name":"wp","href":"https:\/\/api.w.org\/{rel}","templated":true}]}}