{"id":654526,"date":"2026-01-10T18:35:09","date_gmt":"2026-01-10T18:35:09","guid":{"rendered":"https:\/\/www.europesays.com\/fr\/654526\/"},"modified":"2026-01-10T18:35:09","modified_gmt":"2026-01-10T18:35:09","slug":"la-terrasse-panoramique-du-barrage-vauban-fermee-plusieurs-mois-pour-travaux","status":"publish","type":"post","link":"https:\/\/www.europesays.com\/fr\/654526\/","title":{"rendered":"la terrasse panoramique du barrage Vauban ferm\u00e9e plusieurs mois pour travaux"},"content":{"rendered":"<p>                    Par<br \/>\n        <strong><br \/>\n            <a href=\"https:\/\/actu.fr\/auteur\/ivan-capecchi\" title=\"Consulter tous les articles de Ivan CAPECCHI\" target=\"_blank\" rel=\"noopener\">Ivan CAPECCHI<\/a><br \/>\n                    <\/strong><\/p>\n<p>        Publi\u00e9 le<\/p>\n<p>            10 janv. 2026 \u00e0 18h02        <\/p>\n<p>Un chantier de r\u00e9novation du <strong>barrage Vauban<\/strong> a d\u00e9but\u00e9 cette semaine \u00e0 <strong>Strasbourg<\/strong>. Les <strong>travaux<\/strong>, dont le co\u00fbt est estim\u00e9 \u00e0 <strong>580 000 euros hors taxes<\/strong>, doivent se poursuivre jusqu\u2019\u00e0 la <strong>fin du mois de juin<\/strong>.<\/p>\n<p>La terrasse panoramique du barrage Vauban ferm\u00e9e le temps des travaux<\/p>\n<p class=\" wall-content\">\u00ab\u00a0Les <a href=\"https:\/\/actu.fr\/tag\/travaux\" target=\"_blank\" rel=\"noopener\">travaux<\/a> consistent \u00e0 <strong>remplacer l\u2019ascenseur, refaire l\u2019habillage des deux escaliers et de l\u2019ascenseur au niveau de la toiture terrasse, ainsi que tous les talus et le syst\u00e8me de v\u00e9g\u00e9tation de la terrasse<\/strong>\u00ab\u00a0, indique la Ville de Strasbourg dans un communiqu\u00e9. \u00ab\u00a0Cette r\u00e9novation de la v\u00e9g\u00e9talisation de la toiture permettra d\u2019en augmenter l\u2019\u00e9paisseur\u00a0\u00bb, ajoute la collectivit\u00e9.<\/p>\n<p class=\" wall-content\">Pendant toute la dur\u00e9e du chantier, <strong>la terrasse panoramique du barrage Vauban ne sera pas accessible au public<\/strong>.<\/p>\n<p class=\" wall-content\">Personnalisez votre actualit\u00e9 en ajoutant vos villes et m\u00e9dias en favori avec <a href=\"https:\/\/moncompte.actu.fr\" title=\"D\u00e9couvez Mon Actu\" rel=\"nofollow noopener\" data-trk=\"{&quot;cta&quot;:{&quot;action&quot;:&quot;https:\\\/\\\/moncompte.actu.fr&quot;,&quot;category&quot;:&quot;mon compte&quot;,&quot;from&quot;:&quot;article footer&quot;,&quot;name&quot;:&quot;Mon actu&quot;,&quot;type&quot;:&quot;cta&quot;}}\" target=\"_blank\">Mon Actu<\/a>.<\/p>\n","protected":false},"excerpt":{"rendered":"Par Ivan CAPECCHI Publi\u00e9 le 10 janv. 2026 \u00e0 18h02 Un chantier de r\u00e9novation du barrage Vauban a&hellip;\n","protected":false},"author":2,"featured_media":654527,"comment_status":"","ping_status":"","sticky":false,"template":"","format":"standard","meta":{"footnotes":""},"categories":[2820],"tags":[1111,11,1777,674,1011,27,775,12,25,104,640,2086],"class_list":{"0":"post-654526","1":"post","2":"type-post","3":"status-publish","4":"format-standard","5":"has-post-thumbnail","7":"category-strasbourg","8":"tag-actu","9":"tag-actualites","10":"tag-eu","11":"tag-europe","12":"tag-fr","13":"tag-france","14":"tag-grand-est","15":"tag-news","16":"tag-republique-francaise","17":"tag-societe","18":"tag-strasbourg","19":"tag-travaux"},"share_on_mastodon":{"url":"https:\/\/pubeurope.com\/@fr\/115872250132098690","error":""},"_links":{"self":[{"href":"https:\/\/www.europesays.com\/fr\/wp-json\/wp\/v2\/posts\/654526","targetHints":{"allow":["GET"]}}],"collection":[{"href":"https:\/\/www.europesays.com\/fr\/wp-json\/wp\/v2\/posts"}],"about":[{"href":"https:\/\/www.europesays.com\/fr\/wp-json\/wp\/v2\/types\/post"}],"author":[{"embeddable":true,"href":"https:\/\/www.europesays.com\/fr\/wp-json\/wp\/v2\/users\/2"}],"replies":[{"embeddable":true,"href":"https:\/\/www.europesays.com\/fr\/wp-json\/wp\/v2\/comments?post=654526"}],"version-history":[{"count":0,"href":"https:\/\/www.europesays.com\/fr\/wp-json\/wp\/v2\/posts\/654526\/revisions"}],"wp:featuredmedia":[{"embeddable":true,"href":"https:\/\/www.europesays.com\/fr\/wp-json\/wp\/v2\/media\/654527"}],"wp:attachment":[{"href":"https:\/\/www.europesays.com\/fr\/wp-json\/wp\/v2\/media?parent=654526"}],"wp:term":[{"taxonomy":"category","embeddable":true,"href":"https:\/\/www.europesays.com\/fr\/wp-json\/wp\/v2\/categories?post=654526"},{"taxonomy":"post_tag","embeddable":true,"href":"https:\/\/www.europesays.com\/fr\/wp-json\/wp\/v2\/tags?post=654526"}],"curies":[{"name":"wp","href":"https:\/\/api.w.org\/{rel}","templated":true}]}}