{"id":654532,"date":"2026-01-10T18:39:11","date_gmt":"2026-01-10T18:39:11","guid":{"rendered":"https:\/\/www.europesays.com\/fr\/654532\/"},"modified":"2026-01-10T18:39:11","modified_gmt":"2026-01-10T18:39:11","slug":"dix-nouveaux-logements-ecologiques-en-construction-dans-cette-commune","status":"publish","type":"post","link":"https:\/\/www.europesays.com\/fr\/654532\/","title":{"rendered":"dix nouveaux logements \u00ab\u00a0\u00e9cologiques\u00a0\u00bb en construction dans cette commune"},"content":{"rendered":"<p>                    Par<br \/>\n        <strong><br \/>\n            <a href=\"https:\/\/actu.fr\/auteur\/thomas-bernard\" title=\"Consulter tous les articles de Thomas Bernard\" target=\"_blank\" rel=\"noopener\">Thomas Bernard<\/a><br \/>\n                    <\/strong><\/p>\n<p>        Publi\u00e9 le<\/p>\n<p>            10 janv. 2026 \u00e0 17h54        <\/p>\n<p>\u00c0 l\u2019angle de la rue des F\u00e2neurs et de la rue de l\u2019Islette, dans le quartier de la Chabossi\u00e8re \u00e0 <a href=\"https:\/\/actu.fr\/pays-de-la-loire\/coueron_44047\" target=\"_blank\" rel=\"noopener\">Cou\u00ebron<\/a> (Loire-Atlantique), la parcelle communale va \u00eatre m\u00e9tamorphos\u00e9e avec l\u2019implantation <b>d\u2019un programme immobilier<\/b>, port\u00e9 par la Nantaise d\u2019Habitations, qui pr\u00e9voit la construction <b>de dix nouveaux logements<\/b>. Baptis\u00e9 \u00ab\u00a0Les Faneurs\u00a0\u00bb, le projet se pr\u00e9sente comme in\u00e9dit avec une ambition \u00ab\u00a0\u00e9cologique et responsable\u00a0\u00bb. Explications.\u00a0<\/p>\n<p>Des logements en construction bois et paille<\/p>\n<p class=\" wall-content\">Dans le d\u00e9tail, le programme comprend dix logements : <b>six maisons individuelles<\/b> (3 T3, 2 T4, 1 T5) en construction bois\/paille et <b>quatre logements collectifs<\/b> (T2) en construction traditionnelle. La r\u00e9sidence sera \u00e9galement compos\u00e9e de six places de stationnement couvertes, 12 stationnements a\u00e9riens, dix caves et huit jardins.\u00a0<\/p>\n<p class=\" wall-content\">Les maisons seront construites avec des murs en caissons remplis de paille compress\u00e9e pr\u00e9fabriqu\u00e9s en atelier. Selon la Nantaise d\u2019Habitations, cette solution offre une bonne isolation thermique.\u00a0\u00a0<\/p>\n<p class=\" wall-content\">Une pompe \u00e0 chaleur collective sera install\u00e9e pour les quatre autres logements tandis que les maisons seront \u00e9quip\u00e9es de po\u00eales \u00e0 pellets.<\/p>\n<p class=\" wall-content\">\u00ab\u00a0Ce syst\u00e8me constructif innovant est une premi\u00e8re pour La Nantaise d\u2019Habitations. Nous sommes convaincus que cela constitue<b> une r\u00e9ponse pertinente pour r\u00e9pondre aux enjeux de d\u00e9carbonation et de transition \u00e9nerg\u00e9tique\u00a0\u00bb<\/b>, indique Thomas Caudron, directeur g\u00e9n\u00e9ral de La Nantaise d\u2019Habitations.<\/p>\n<p>Pass\u00e9 de Cou\u00ebron<\/p>\n<p class=\" wall-content\">Le programme immobilier Les Faneurs a \u00e9t\u00e9 pens\u00e9 par l\u2019agence d\u2019architecture Petite \u0152uvre. L\u2019agence souhaite \u00ab\u00a0r\u00e9interpr\u00e9ter plusieurs identit\u00e9s propres \u00e0<\/p>\n<p>Votre r\u00e9gion, votre actu !<\/p>\n<p>Recevez chaque jour les infos qui comptent pour vous.<\/p>\n<p>\t<a href=\"https:\/\/actu.fr\/newsletter\" class=\"ac-btn ac-btn--corner ac-btn--medium ac-btn--blue800\" target=\"_blank\" rel=\"noopener\">S&rsquo;incrire<\/a><\/p>\n<p class=\" wall-content\">la commune de Cou\u00ebron : les long\u00e8res rurales de la rue de l\u2019Islette et les cit\u00e9s ouvri\u00e8res historiques du quartier de la Chabossi\u00e8re, construites \u00e0 la fin du 19\u1d49<\/p>\n<p class=\" wall-content\">si\u00e8cle \u00e0 l\u2019initiative des industriels des forges et de la navale pour garantir le confort de leur main-d\u2019\u0153uvre.\u00a0\u00bb\u00a0<\/p>\n<p class=\" wall-content\">L\u2019op\u00e9ration s\u2019inscrit au sein d\u2019un cadre environnemental travers\u00e9 par les eaux et les paysages humides du secteur de la P\u00e2tissi\u00e8re. Le projet architectural ambitionne de cr\u00e9er un espace de d\u00e9tente \u00e0 l\u2019ombre des fr\u00eanes, des jardins privatifs, un paysage humide central pour la gestion des eaux de pluie et de la v\u00e9g\u00e9tation locale \u00e0 l\u2019instar de pommiers.\u00a0<\/p>\n<p>    <img   decoding=\"async\" loading=\"lazy\" class=\"size-large\" src=\"https:\/\/www.europesays.com\/fr\/wp-content\/uploads\/2026\/01\/7ea6816a7269672b6816a726956b68v-960x640.jpg\" alt=\"Une esquisse de l'ext\u00e9rieur des maisons individuelles.\" width=\"960\" height=\"640\"\/><br \/>\n    Une esquisse de l\u2019ext\u00e9rieur des maisons individuelles. \u00a9Petite \u0153uvre \/ document transmis \u00e0 actu Nantes<\/p>\n<p class=\" wall-content\">\u00ab\u00a0Ces am\u00e9nagements contribueront \u00e0 cr\u00e9er <b>un corridor \u00e9cologique<\/b>, \u00e0 renforcer la biodiversit\u00e9 locale et \u00e0 am\u00e9liorer le confort d\u2019usage des habitants\u00a0\u00bb, explique la Nantaise d\u2019Habitations dans un communiqu\u00e9.\u00a0<\/p>\n<p class=\" wall-content\">Alors que les travaux ont d\u00e9but\u00e9, <b>la livraison de ces dix logements est pr\u00e9vue pour le d\u00e9but de l\u2019ann\u00e9e 2027<\/b>. Le co\u00fbt global de l\u2019op\u00e9ration est estim\u00e9 \u00e0 2,4 millions d\u2019euros (TTC).\u00a0<\/p>\n<p class=\" wall-content\">Personnalisez votre actualit\u00e9 en ajoutant vos villes et m\u00e9dias en favori avec <a href=\"https:\/\/moncompte.actu.fr\" title=\"D\u00e9couvez Mon Actu\" rel=\"nofollow noopener\" data-trk=\"{&quot;cta&quot;:{&quot;action&quot;:&quot;https:\\\/\\\/moncompte.actu.fr&quot;,&quot;category&quot;:&quot;mon compte&quot;,&quot;from&quot;:&quot;article footer&quot;,&quot;name&quot;:&quot;Mon actu&quot;,&quot;type&quot;:&quot;cta&quot;}}\" target=\"_blank\">Mon Actu<\/a>.<\/p>\n","protected":false},"excerpt":{"rendered":"Par Thomas Bernard Publi\u00e9 le 10 janv. 2026 \u00e0 17h54 \u00c0 l\u2019angle de la rue des F\u00e2neurs et&hellip;\n","protected":false},"author":2,"featured_media":654533,"comment_status":"","ping_status":"","sticky":false,"template":"","format":"standard","meta":{"footnotes":""},"categories":[2818],"tags":[1111,11,1777,674,1011,27,1116,766,12,2636,5765,25,104],"class_list":{"0":"post-654532","1":"post","2":"type-post","3":"status-publish","4":"format-standard","5":"has-post-thumbnail","7":"category-nantes","8":"tag-actu","9":"tag-actualites","10":"tag-eu","11":"tag-europe","12":"tag-fr","13":"tag-france","14":"tag-immobilier","15":"tag-nantes","16":"tag-news","17":"tag-pays-de-la-loire","18":"tag-renovation-urbaine","19":"tag-republique-francaise","20":"tag-societe"},"share_on_mastodon":{"url":"https:\/\/pubeurope.com\/@fr\/115872266180242939","error":""},"_links":{"self":[{"href":"https:\/\/www.europesays.com\/fr\/wp-json\/wp\/v2\/posts\/654532","targetHints":{"allow":["GET"]}}],"collection":[{"href":"https:\/\/www.europesays.com\/fr\/wp-json\/wp\/v2\/posts"}],"about":[{"href":"https:\/\/www.europesays.com\/fr\/wp-json\/wp\/v2\/types\/post"}],"author":[{"embeddable":true,"href":"https:\/\/www.europesays.com\/fr\/wp-json\/wp\/v2\/users\/2"}],"replies":[{"embeddable":true,"href":"https:\/\/www.europesays.com\/fr\/wp-json\/wp\/v2\/comments?post=654532"}],"version-history":[{"count":0,"href":"https:\/\/www.europesays.com\/fr\/wp-json\/wp\/v2\/posts\/654532\/revisions"}],"wp:featuredmedia":[{"embeddable":true,"href":"https:\/\/www.europesays.com\/fr\/wp-json\/wp\/v2\/media\/654533"}],"wp:attachment":[{"href":"https:\/\/www.europesays.com\/fr\/wp-json\/wp\/v2\/media?parent=654532"}],"wp:term":[{"taxonomy":"category","embeddable":true,"href":"https:\/\/www.europesays.com\/fr\/wp-json\/wp\/v2\/categories?post=654532"},{"taxonomy":"post_tag","embeddable":true,"href":"https:\/\/www.europesays.com\/fr\/wp-json\/wp\/v2\/tags?post=654532"}],"curies":[{"name":"wp","href":"https:\/\/api.w.org\/{rel}","templated":true}]}}