{"id":654534,"date":"2026-01-10T18:40:11","date_gmt":"2026-01-10T18:40:11","guid":{"rendered":"https:\/\/www.europesays.com\/fr\/654534\/"},"modified":"2026-01-10T18:40:11","modified_gmt":"2026-01-10T18:40:11","slug":"les-neptunes-de-nantes-accueillent-une-competition-europeenne-majeure","status":"publish","type":"post","link":"https:\/\/www.europesays.com\/fr\/654534\/","title":{"rendered":"Les Neptunes de Nantes accueillent une \u00ab\u00a0comp\u00e9tition europ\u00e9enne majeure\u00a0\u00bb"},"content":{"rendered":"<p>                    Par<br \/>\n        <strong><br \/>\n            <a href=\"https:\/\/actu.fr\/auteur\/thomas-bernard\" title=\"Consulter tous les articles de Thomas Bernard\" target=\"_blank\" rel=\"noopener\">Thomas Bernard<\/a><br \/>\n                    <\/strong><\/p>\n<p>        Publi\u00e9 le<\/p>\n<p>            10 janv. 2026 \u00e0 17h22        <\/p>\n<p>Champion de France en titre, l\u2019\u00e9quipe de volley assis des <b>Neptunes de Nantes<\/b> va d\u00e9fier le gratin europ\u00e9en. Ce samedi\u00a017 et 18\u00a0janvier 2026, le club lig\u00e9rien, en partenariat avec le Volley-ball luc\u00e9en, organise <a href=\"https:\/\/web.digitick.com\/silver-euroleague-men-sport-volley-ball-css5-neptunesnantes-pg1-rg29561.html?fbclid=IwY2xjawPPDa9leHRuA2FlbQIxMABicmlkETFJUUNYTllvN2hvMmVKNmNic3J0YwZhcHBfaWQQMjIyMDM5MTc4ODIwMDg5MgABHqh2cekgyf4SYzohRIchpxMMyHAkRiakDFEXnSuybHGlWTozgl1V1_KCW2t__aem_Uqgcdir3TfANEIKnpNz_Wg\" target=\"_blank\" rel=\"noopener\">la Silver EuroLeague masculine de volley assis<\/a>. Cette \u00ab\u2009comp\u00e9tition europ\u00e9enne majeure\u2009\u00bb se d\u00e9roulera \u00e0 la halle sportive de la Minais \u00e0 <a href=\"https:\/\/actu.fr\/pays-de-la-loire\/sainte-luce-sur-loire_44172\" target=\"_blank\" rel=\"noopener\">Sainte-Luce-sur-Loire<\/a>.<\/p>\n<p>\u00ab\u2009Un \u00e9v\u00e9nement d\u2019envergure internationale\u2009\u00bb<\/p>\n<p class=\" wall-content\">Tout au long du week-end, <b>les Neptunes de Nantes affronteront Lyon, Buckingham (Royaume-Uni) et Piacenza (Italie)<\/b>. \u00ab\u2009C\u2019est un \u00e9v\u00e9nement d\u2019envergure internationale, rare sur notre territoire\u2009\u00bb, indique le club de volley nantais. L\u2019occasion de d\u00e9couvrir une discipline m\u00e9connue. La c\u00e9r\u00e9monie d\u2019ouverture de la comp\u00e9tition est pr\u00e9vue \u00e0 11\u2009h, ce samedi 17\u00a0janvier. Les matchs se suivront tout au long du week-end.<\/p>\n<p class=\" wall-content\">Voici le calendrier\u2009:<\/p>\n<ul class=\" wall-content\">\n<li>\n<p>Programme du samedi\u2009:<\/p>\n<\/li>\n<li>\n<p>11\u2009h \u2013 C\u00e9r\u00e9monie d\u2019ouverture<\/p>\n<\/li>\n<li>\n<p>12\u2009h \u2013 ASUL Lyon Volley (FRA) vs. Neptunes de Nantes (FRA)<\/p>\n<\/li>\n<li>\n<p>14\u2009h \u2013 Sitting Bucks Volleyball Club (GBR) vs. Gas Sales Bluenergy SV (ITA)<\/p>\n<\/li>\n<li>\n<p>18\u2009h \u2013 ASUL Lyon Volley (FRA) vs. Gas Sales Bluenergy SV (ITA)<\/p>\n<\/li>\n<li>\n<p>20\u2009h \u2013 Sitting Bucks Volleyball Club (GBR) vs. Neptunes de Nantes (FRA)<\/p>\n<p><b>Programme du dimanche<\/b>\u2009:<\/p>\n<\/li>\n<li>\n<p>09\u2009h \u2013 Sitting Bucks Volleyball Club (GBR) vs. ASUL Lyon Volley (FRA)<\/p>\n<\/li>\n<li>\n<p>11\u2009h\u200930 \u2013 Gas Sales Bluenergy SV (ITA) vs. Neptunes de Nantes (FRA)<\/p>\n<\/li>\n<\/ul>\n<p class=\" wall-content\">La billetterie est accessible en <a href=\"https:\/\/web.digitick.com\/silver-euroleague-men-samedi-17-janvier-sport-halle-sportive-de-la-minais-sainte-luce-sur-loire-17-janvier-2026-a-11h00-css5-neptunesnantes-pg101-ri11520063.html\" target=\"_blank\" rel=\"noopener\">ligne<\/a>.<\/p>\n<p>Silver Euroleague volley-assis masculin, samedi 17 et 18 janvier 2026<br \/>Halle sportive de la Minais, \u00e0 Sainte-Luce-sur-Loire.\u00a0<br \/>Restauration et buvette sur place.\u00a0<br \/>Tarifs et r\u00e9ductions :Tarif plein 8 euros, tarif r\u00e9duit 6 euros, 3 euros pour les Luc\u00e9ens.\u00a0Gratuit pour les moins de 4 ans (justificatif demand\u00e9 \u00e0 l\u2019entr\u00e9e), billet obligatoire tout de m\u00eame.Tarif r\u00e9duit : -18 ans, \u00e9tudiants, personnes en situation de handicap, demandeurs d\u2019emploi.Tarifs groupe (+10 personnes), PMR, Carte Blanche : r\u00e9servation uniquement par mail \u00e0 <a href=\"https:\/\/actu.fr\/cdn-cgi\/l\/email-protection\" class=\"__cf_email__\" data-cfemail=\"abcfceddcec7c4dbdbcec6cec5dfebc5cedbdfdec5ced8ddc4c7c7ced285c8c4c6\" target=\"_blank\" rel=\"noopener\">[email\u00a0protected]<\/a> (indiquer : date, nombre de places, motif).\u00a0<\/p>\n<p class=\" wall-content\">Personnalisez votre actualit\u00e9 en ajoutant vos villes et m\u00e9dias en favori avec <a href=\"https:\/\/moncompte.actu.fr\" title=\"D\u00e9couvez Mon Actu\" rel=\"nofollow noopener\" data-trk=\"{&quot;cta&quot;:{&quot;action&quot;:&quot;https:\\\/\\\/moncompte.actu.fr&quot;,&quot;category&quot;:&quot;mon compte&quot;,&quot;from&quot;:&quot;article footer&quot;,&quot;name&quot;:&quot;Mon actu&quot;,&quot;type&quot;:&quot;cta&quot;}}\" target=\"_blank\">Mon Actu<\/a>.<\/p>\n","protected":false},"excerpt":{"rendered":"Par Thomas Bernard Publi\u00e9 le 10 janv. 2026 \u00e0 17h22 Champion de France en titre, l\u2019\u00e9quipe de volley&hellip;\n","protected":false},"author":2,"featured_media":654535,"comment_status":"","ping_status":"","sticky":false,"template":"","format":"standard","meta":{"footnotes":""},"categories":[2818],"tags":[1111,11,1777,674,1011,27,766,12,2636,25,60],"class_list":{"0":"post-654534","1":"post","2":"type-post","3":"status-publish","4":"format-standard","5":"has-post-thumbnail","7":"category-nantes","8":"tag-actu","9":"tag-actualites","10":"tag-eu","11":"tag-europe","12":"tag-fr","13":"tag-france","14":"tag-nantes","15":"tag-news","16":"tag-pays-de-la-loire","17":"tag-republique-francaise","18":"tag-sports"},"share_on_mastodon":{"url":"https:\/\/pubeurope.com\/@fr\/115872269834115793","error":""},"_links":{"self":[{"href":"https:\/\/www.europesays.com\/fr\/wp-json\/wp\/v2\/posts\/654534","targetHints":{"allow":["GET"]}}],"collection":[{"href":"https:\/\/www.europesays.com\/fr\/wp-json\/wp\/v2\/posts"}],"about":[{"href":"https:\/\/www.europesays.com\/fr\/wp-json\/wp\/v2\/types\/post"}],"author":[{"embeddable":true,"href":"https:\/\/www.europesays.com\/fr\/wp-json\/wp\/v2\/users\/2"}],"replies":[{"embeddable":true,"href":"https:\/\/www.europesays.com\/fr\/wp-json\/wp\/v2\/comments?post=654534"}],"version-history":[{"count":0,"href":"https:\/\/www.europesays.com\/fr\/wp-json\/wp\/v2\/posts\/654534\/revisions"}],"wp:featuredmedia":[{"embeddable":true,"href":"https:\/\/www.europesays.com\/fr\/wp-json\/wp\/v2\/media\/654535"}],"wp:attachment":[{"href":"https:\/\/www.europesays.com\/fr\/wp-json\/wp\/v2\/media?parent=654534"}],"wp:term":[{"taxonomy":"category","embeddable":true,"href":"https:\/\/www.europesays.com\/fr\/wp-json\/wp\/v2\/categories?post=654534"},{"taxonomy":"post_tag","embeddable":true,"href":"https:\/\/www.europesays.com\/fr\/wp-json\/wp\/v2\/tags?post=654534"}],"curies":[{"name":"wp","href":"https:\/\/api.w.org\/{rel}","templated":true}]}}