{"id":654536,"date":"2026-01-10T18:41:10","date_gmt":"2026-01-10T18:41:10","guid":{"rendered":"https:\/\/www.europesays.com\/fr\/654536\/"},"modified":"2026-01-10T18:41:10","modified_gmt":"2026-01-10T18:41:10","slug":"theatre-les-trois-mousquetaires-version-manga-tel-est-le-pari-de-la-troupe-friiix-cree-a-villeneuve-sur-lot","status":"publish","type":"post","link":"https:\/\/www.europesays.com\/fr\/654536\/","title":{"rendered":"Th\u00e9\u00e2tre. Les trois Mousquetaires, version manga, tel est le pari de la troupe Friiix, cr\u00e9\u00e9 \u00e0 Villeneuve-sur-Lot"},"content":{"rendered":"<p>En 2013, il revient en France et fonde \u00e0 Bordeaux le Friiix club, int\u00e9grant dans ses cr\u00e9ations la marionnette et les com\u00e9diens, avec les codes du manga. Un genre unique qu\u2019il surnomme \u00ab\u00a0Mangan\u00e8te\u00a0\u00bb et qui am\u00e8ne la troupe \u00e0 tourner \u00e0 l\u2019International et notamment au Japon\u00a0: \u00ab\u00a0L\u00e0-bas, on les a intrigu\u00e9s. Pour eux, th\u00e9\u00e2tre et mangas sont deux arts bien diff\u00e9renci\u00e9s qu\u2019il ne faut pas m\u00e9langer.\u00a0\u00bb<\/p>\n<p>En trois \u00e9pisodes<\/p>\n<p>\u00ab\u00a0Castelmore\u00a0\u00bb est donc sa nouvelle mangan\u00e8te, adapt\u00e9e de l\u2019\u0153uvre d\u2019Alexandre Dumas\u00a0: \u00ab\u00a0Je voulais revisiter un classique et Dumas \u00e9tait parfait pour \u00e7a. Il est consid\u00e9r\u00e9 comme l\u2019un des premiers auteurs pop. Il a \u00e9crit l\u2019histoire des trois mousquetaires en fonction des retours qu\u2019il avait des lecteurs du journal publiant son roman par \u00e9pisodes. C\u2019est exactement ce que font, aujourd\u2019hui, les auteurs de manga.\u00a0\u00bb<\/p>\n<p>\u00ab\u00a0Castelmore\u00a0\u00bb est construit comme une s\u00e9rie, en trois sayn\u00e8tes d\u2019une vingtaine de minutes. Fr\u00e9d\u00e9ric Feliciano s\u2019est permis de nombreuses digressions vis-\u00e0-vis de l\u2019\u0153uvre originale avec l\u2019aide de Sylvain Levey, auteur pour les adolescents. \u00ab\u00a0La consigne \u00e9tait de centrer l\u2019histoire sur D\u2019Artagnan.\u00a0Tout se passe dans une \u00e9poque r\u00e9trofuturiste.\u00a0\u00bb<\/p>\n<p>Le choix des \u00ab\u00a0Trois Mousquetaires\u00a0\u00bb n\u2019a pas \u00e9t\u00e9 seulement artistique pour Fr\u00e9d\u00e9ric Feliciano. Il lui a permis de mener une r\u00e9flexion sociale et politique\u00a0: \u00ab\u00a0\u2018\u2018Les Trois mousquetaires\u2019\u2019 ont un contexte historique tr\u00e8s actuel. L\u2019histoire a \u00e9t\u00e9 \u00e9crite au d\u00e9but du XIXe\u00a0si\u00e8cle, \u00e0 la naissance de l\u2019\u00e8re industrielle. Et si D\u2019Artagnan n\u2019\u00e9tait pas seulement un jeune aventurier de cape et d\u2019\u00e9p\u00e9e\u00a0? S\u2019il \u00e9tait aussi un jeune homme de province qui monte \u00e0 Paris, pour se faire de l\u2019argent\u00a0? Un th\u00e8me qui reste tr\u00e8s contemporain. On aborde aussi la question de genre, en faisant de d\u2019Artagnan, une femme. On \u00e9voque l\u2019\u00e9cologie en pla\u00e7ant les personnages dans une citadelle flottant au-dessus d\u2019une plan\u00e8te devenue invivable. On aborde ainsi notre actualit\u00e9 dans une aventure futuriste divertissante.\u00a0\u00bb<\/p>\n","protected":false},"excerpt":{"rendered":"En 2013, il revient en France et fonde \u00e0 Bordeaux le Friiix club, int\u00e9grant dans ses cr\u00e9ations la&hellip;\n","protected":false},"author":2,"featured_media":654537,"comment_status":"","ping_status":"","sticky":false,"template":"","format":"standard","meta":{"footnotes":""},"categories":[2817],"tags":[1111,11,1997,1777,674,1011,27,12,2219,25],"class_list":{"0":"post-654536","1":"post","2":"type-post","3":"status-publish","4":"format-standard","5":"has-post-thumbnail","7":"category-bordeaux","8":"tag-actu","9":"tag-actualites","10":"tag-bordeaux","11":"tag-eu","12":"tag-europe","13":"tag-fr","14":"tag-france","15":"tag-news","16":"tag-nouvelle-aquitaine","17":"tag-republique-francaise"},"share_on_mastodon":{"url":"https:\/\/pubeurope.com\/@fr\/115872273815145880","error":""},"_links":{"self":[{"href":"https:\/\/www.europesays.com\/fr\/wp-json\/wp\/v2\/posts\/654536","targetHints":{"allow":["GET"]}}],"collection":[{"href":"https:\/\/www.europesays.com\/fr\/wp-json\/wp\/v2\/posts"}],"about":[{"href":"https:\/\/www.europesays.com\/fr\/wp-json\/wp\/v2\/types\/post"}],"author":[{"embeddable":true,"href":"https:\/\/www.europesays.com\/fr\/wp-json\/wp\/v2\/users\/2"}],"replies":[{"embeddable":true,"href":"https:\/\/www.europesays.com\/fr\/wp-json\/wp\/v2\/comments?post=654536"}],"version-history":[{"count":0,"href":"https:\/\/www.europesays.com\/fr\/wp-json\/wp\/v2\/posts\/654536\/revisions"}],"wp:featuredmedia":[{"embeddable":true,"href":"https:\/\/www.europesays.com\/fr\/wp-json\/wp\/v2\/media\/654537"}],"wp:attachment":[{"href":"https:\/\/www.europesays.com\/fr\/wp-json\/wp\/v2\/media?parent=654536"}],"wp:term":[{"taxonomy":"category","embeddable":true,"href":"https:\/\/www.europesays.com\/fr\/wp-json\/wp\/v2\/categories?post=654536"},{"taxonomy":"post_tag","embeddable":true,"href":"https:\/\/www.europesays.com\/fr\/wp-json\/wp\/v2\/tags?post=654536"}],"curies":[{"name":"wp","href":"https:\/\/api.w.org\/{rel}","templated":true}]}}