{"id":654538,"date":"2026-01-10T18:42:16","date_gmt":"2026-01-10T18:42:16","guid":{"rendered":"https:\/\/www.europesays.com\/fr\/654538\/"},"modified":"2026-01-10T18:42:16","modified_gmt":"2026-01-10T18:42:16","slug":"dans-le-centre-de-bordeaux-ce-nouveau-restaurant-de-brunch-est-une-histoire-de-famille","status":"publish","type":"post","link":"https:\/\/www.europesays.com\/fr\/654538\/","title":{"rendered":"Dans le centre de Bordeaux, ce nouveau restaurant de brunch est une histoire de famille"},"content":{"rendered":"<p>                    Par<br \/>\n        <strong><br \/>\n            <a href=\"https:\/\/actu.fr\/auteur\/sports33\" title=\"Consulter tous les articles de Nicolas Gosselin\" target=\"_blank\" rel=\"noopener\">Nicolas Gosselin<\/a><br \/>\n                    <\/strong><\/p>\n<p>        Publi\u00e9 le<\/p>\n<p>            10 janv. 2026 \u00e0 17h32        <\/p>\n<p>Dans la rue Sainte-Colombe en centre-ville de Bordeaux, tr\u00e8s fr\u00e9quent\u00e9e aux beaux jours pour <a href=\"https:\/\/actu.fr\/nouvelle-aquitaine\/bordeaux_33063\/tres-attendu-le-nouveau-reglement-des-terrasses-a-bordeaux-va-entrer-en-vigueur-ce-qui-change_63664975.html\" target=\"_blank\" rel=\"noopener\">ses terrasses de bar<\/a>, un <a href=\"https:\/\/actu.fr\/nouvelle-aquitaine\/bordeaux_33063\/carte-interactive-50-restaurants-a-tester-a-bordeaux-voici-notre-liste-des-bonnes-adresses_62097155.html\" target=\"_blank\" rel=\"noopener\">restaurant brunch<\/a> a ouvert ses portes depuis le 18\u00a0d\u00e9cembre 2025. <strong>Pierre Benoist<\/strong> et <strong>Guillaume S\u00e9n\u00e9chal<\/strong>, deux fr\u00e8res, sont \u00e0 la t\u00eate de ce nouvel \u00e9tablissement. Le premier avait ouvert <strong>Momone<\/strong>, <a href=\"https:\/\/actu.fr\/nouvelle-aquitaine\/bordeaux_33063\/bordeaux-jusqu-en-1800-un-immense-chateau-faisait-face-a-la-porte-cailhau_46340631.html\" target=\"_blank\" rel=\"noopener\">place du Palais<\/a>, en novembre\u00a02023. Un hommage \u00e0 leur grand-m\u00e8re. Avec <strong>Germain<\/strong>, ils rendent cette fois-ci honneur au papy et axent leur restauration autour du brunch.<\/p>\n<p class=\" wall-content\">\u00ab\u2009Nos grands-parents \u00e9taient dans la restauration, explique Pierre Benoist. On avait envie de cr\u00e9er un <strong>lieu assez familial<\/strong>, qui raconte une histoire. On retrouve des photos de mon papy partout dans le restaurant. Il y a plein de touches qui renvoient \u00e0 eux.\u2009\u00bb<\/p>\n<p>Une formule brunch \u00e0 27\u00a0euros<\/p>\n<p class=\" wall-content\">Ouvert du mardi au dimanche, Germain n\u2019est pas ouvert le soir contrairement aux bars incontournables de la rue, la <a href=\"https:\/\/actu.fr\/nouvelle-aquitaine\/bordeaux_33063\/figure-du-bar-la-cueva-nacho-est-l-ambassadeur-officieux-de-l-argentine-a-bordeaux_55924085.html\" target=\"_blank\" rel=\"noopener\">Cueva<\/a> et le <a href=\"https:\/\/actu.fr\/nouvelle-aquitaine\/bordeaux_33063\/vintage-et-charles-wells-ces-deux-groupes-qui-se-disputent-l-hegemonie-des-bars-a-bordeaux_60521957.html\" target=\"_blank\" rel=\"noopener\">Starfish<\/a>. Pierre Benoist d\u00e9finit le lieu comme un caf\u00e9 brunch et workspace. \u00ab\u2009On ne peut pas servir d\u2019alcool si on ne sert pas \u00e0 manger avec, pr\u00e9cise-t-il. Du coup, on propose des choses \u00e0 grignoter comme du saucisson.\u2009\u00bb<\/p>\n<p class=\" wall-content\">Mais l\u2019\u00e9tablissement compte plut\u00f4t sur les amateurs de brunch, du jeudi au dimanche (10h30-15h30), avec une formule <strong>\u00ab\u2009dans la m\u00eame veine que chez Momone\u2009\u00bb<\/strong>. Autrement dit, comptez <strong>27\u00a0euros<\/strong> pour un toast de pain de campagne avec garniture (bacon, saumon, v\u00e9g\u00e9 ou suggestion du mois), pancake sucr\u00e9, boisson chaude, boisson froide et yaourt maison.<\/p>\n<p>Un repas du midi en semaine<\/p>\n<p class=\" wall-content\">Le Germain est ouvert aussi de 10h \u00e0 20h, du mardi au jeudi, ou jusqu\u2019\u00e0 18\u00a0heures en fin de semaine, pour les gens qui veulent se poser boire un caf\u00e9 ou une autre boisson chaude et d\u00e9guster des p\u00e2tisseries. Comme <strong>boisson signature<\/strong>, on retrouve \u00ab\u2009le gros papy\u2009\u00bb qui est renouvel\u00e9e tous les mois et fait 50\u00a0cl. Pour ce premier mois, elle contient du sirop de noisette, speculos, expresso, mousse de lait, chantilly maison et cannelle. \u00ab\u2009C\u2019est une boisson g\u00e9n\u00e9reuse et r\u00e9confortante\u2009\u00bb, dit le g\u00e9rant. Pour les <strong>p\u00e2tisseries maison<\/strong>, la carte propose diff\u00e9rents desserts familiaux (g\u00e2teaux au yaourt, au chocolat, panna cotta\u2026).<\/p>\n<p class=\" wall-content\">En semaine, le Germain propose aussi une formule du travailleur avec plat du jour \u00e0 13\u00a0euros. Avec entr\u00e9e ou dessert, 17\u00a0euros. <strong>Formule compl\u00e8te \u00e0 21\u00a0euros<\/strong>. \u00ab\u2009Cette semaine, c\u2019est \u0153uf mimosa, p\u00e2tes carbonara et yaourt-crumble et fruits du moment, pr\u00e9sente Pierre Benoist. On se concentre sur <strong>des plats simples et r\u00e9confortants<\/strong>, comme des lasagnes, des gratins, des hachis parmentiers\u2026\u2009\u00bb<\/p>\n<p>Votre r\u00e9gion, votre actu !<\/p>\n<p>Recevez chaque jour les infos qui comptent pour vous.<\/p>\n<p>\t<a href=\"https:\/\/actu.fr\/newsletter\" class=\"ac-btn ac-btn--corner ac-btn--medium ac-btn--blue800\" target=\"_blank\" rel=\"noopener\">S&rsquo;incrire<\/a><\/p>\n<p class=\" wall-content\">L\u2019\u00e9tablissement familial, plus grand que Momone, offre <strong>une cinquantaine de places<\/strong> \u00e0 l\u2019int\u00e9rieur et environ 20 en terrasse.<\/p>\n<p>    <a href=\"https:\/\/www.google.com\/maps\/embed?pb=!1m18!1m12!1m3!1d43158.739782963334!2d-0.5935974210367904!3d44.84038384518912!2m3!1f0!2f0!3f0!3m2!1i1024!2i768!4f13.1!3m3!1m2!1s0xd552724e17c7497%3A0xc53744d4d150d031!2sGermain!5e0!3m2!1sfr!2sfr!4v1767982670548!5m2!1sfr!2sfr\" title=\"Ouvrie le lien\" target=\"_blank\" rel=\"noopener\">Cliquez ici pour visualiser le contenu<\/a><\/p>\n<p>Germain, 2 Rue Sainte-Colombe \u00e0 Bordeaux. T\u00e9l\u2009: 05.35.75.91.70.<\/p>\n<p class=\" wall-content\">Personnalisez votre actualit\u00e9 en ajoutant vos villes et m\u00e9dias en favori avec <a href=\"https:\/\/moncompte.actu.fr\" title=\"D\u00e9couvez Mon Actu\" rel=\"nofollow noopener\" data-trk=\"{&quot;cta&quot;:{&quot;action&quot;:&quot;https:\\\/\\\/moncompte.actu.fr&quot;,&quot;category&quot;:&quot;mon compte&quot;,&quot;from&quot;:&quot;article footer&quot;,&quot;name&quot;:&quot;Mon actu&quot;,&quot;type&quot;:&quot;cta&quot;}}\" target=\"_blank\">Mon Actu<\/a>.<\/p>\n","protected":false},"excerpt":{"rendered":"Par Nicolas Gosselin Publi\u00e9 le 10 janv. 2026 \u00e0 17h32 Dans la rue Sainte-Colombe en centre-ville de Bordeaux,&hellip;\n","protected":false},"author":2,"featured_media":654539,"comment_status":"","ping_status":"","sticky":false,"template":"","format":"standard","meta":{"footnotes":""},"categories":[2817],"tags":[1111,11,1997,215,1777,674,652,1011,27,12,2219,25,1340,104],"class_list":{"0":"post-654538","1":"post","2":"type-post","3":"status-publish","4":"format-standard","5":"has-post-thumbnail","7":"category-bordeaux","8":"tag-actu","9":"tag-actualites","10":"tag-bordeaux","11":"tag-commerce","12":"tag-eu","13":"tag-europe","14":"tag-famille","15":"tag-fr","16":"tag-france","17":"tag-news","18":"tag-nouvelle-aquitaine","19":"tag-republique-francaise","20":"tag-restaurant","21":"tag-societe"},"share_on_mastodon":{"url":"https:\/\/pubeurope.com\/@fr\/115872277723977684","error":""},"_links":{"self":[{"href":"https:\/\/www.europesays.com\/fr\/wp-json\/wp\/v2\/posts\/654538","targetHints":{"allow":["GET"]}}],"collection":[{"href":"https:\/\/www.europesays.com\/fr\/wp-json\/wp\/v2\/posts"}],"about":[{"href":"https:\/\/www.europesays.com\/fr\/wp-json\/wp\/v2\/types\/post"}],"author":[{"embeddable":true,"href":"https:\/\/www.europesays.com\/fr\/wp-json\/wp\/v2\/users\/2"}],"replies":[{"embeddable":true,"href":"https:\/\/www.europesays.com\/fr\/wp-json\/wp\/v2\/comments?post=654538"}],"version-history":[{"count":0,"href":"https:\/\/www.europesays.com\/fr\/wp-json\/wp\/v2\/posts\/654538\/revisions"}],"wp:featuredmedia":[{"embeddable":true,"href":"https:\/\/www.europesays.com\/fr\/wp-json\/wp\/v2\/media\/654539"}],"wp:attachment":[{"href":"https:\/\/www.europesays.com\/fr\/wp-json\/wp\/v2\/media?parent=654538"}],"wp:term":[{"taxonomy":"category","embeddable":true,"href":"https:\/\/www.europesays.com\/fr\/wp-json\/wp\/v2\/categories?post=654538"},{"taxonomy":"post_tag","embeddable":true,"href":"https:\/\/www.europesays.com\/fr\/wp-json\/wp\/v2\/tags?post=654538"}],"curies":[{"name":"wp","href":"https:\/\/api.w.org\/{rel}","templated":true}]}}