{"id":654540,"date":"2026-01-10T18:43:11","date_gmt":"2026-01-10T18:43:11","guid":{"rendered":"https:\/\/www.europesays.com\/fr\/654540\/"},"modified":"2026-01-10T18:43:11","modified_gmt":"2026-01-10T18:43:11","slug":"toulouse-la-pause-musicale-devoile-sa-programmation-gratuite-pour-le-debut-dannee-2026","status":"publish","type":"post","link":"https:\/\/www.europesays.com\/fr\/654540\/","title":{"rendered":"Toulouse : La \u00ab Pause Musicale \u00bb d\u00e9voile sa programmation gratuite pour le d\u00e9but d&rsquo;ann\u00e9e 2026"},"content":{"rendered":"<p data-path-to-node=\"1\">C\u2019est le rendez-vous incontournable des m\u00e9lomanes toulousains et des travailleurs en qu\u00eate d\u2019une parenth\u00e8se enchant\u00e9e. La <b data-path-to-node=\"1\" data-index-in-node=\"152\">Pause Musicale<\/b> revient pour une nouvelle saison de concerts gratuits \u00e0 la <b data-path-to-node=\"1\" data-index-in-node=\"226\">Salle du S\u00e9n\u00e9chal<\/b>. Chaque jeudi \u00e0 12h30, le c\u0153ur de la Ville Rose bat au rythme d\u2019une programmation \u00e9clectique, mettant en lumi\u00e8re les talents locaux et la diversit\u00e9 culturelle.<\/p>\n<p><img loading=\"lazy\" decoding=\"async\" class=\"size-medium wp-image-903263 aligncenter\" src=\"https:\/\/www.europesays.com\/fr\/wp-content\/uploads\/2026\/01\/La-Pause-Musicale-janvier-a-avril-2026-300x234.png\" alt=\"\" width=\"300\" height=\"234\"  \/><br \/>\nUn voyage sonore \u00e0 l\u2019heure du d\u00e9jeuner<\/p>\n<p data-path-to-node=\"3\">De janvier \u00e0 avril, la Pause Musicale propose un v\u00e9ritable tour du monde artistique sans quitter le centre-ville. Entre jazz, pop sauvage, classique et musiques traditionnelles, l\u2019association APOIRC a concoct\u00e9 une affiche riche en d\u00e9couvertes.<\/p>\n<blockquote data-path-to-node=\"4\">\n<p data-path-to-node=\"4,0\">\u00ab Ce moment gratuit est d\u00e9sormais pris\u00e9 par les Toulousains pour son esprit de d\u00e9contraction \u00bb, expliquent les organisateurs. L\u2019\u00e9dition 2026 multiplie \u00e9galement les clins d\u2019\u0153il aux grands festivals locaux tels que <b data-path-to-node=\"4,0\" data-index-in-node=\"214\">D\u00e9tours de Chant<\/b>, <b data-path-to-node=\"4,0\" data-index-in-node=\"232\">Cin\u00e9 Palestine<\/b> ou encore <b data-path-to-node=\"4,0\" data-index-in-node=\"257\">Made in Asia<\/b>.<\/p>\n<\/blockquote>\n<p>Les temps forts de la saison 2026<\/p>\n<p data-path-to-node=\"6\">Le programme s\u2019annonce particuli\u00e8rement dense cette ann\u00e9e :<\/p>\n<ul data-path-to-node=\"7\">\n<li>\n<p data-path-to-node=\"7,0,0\"><b data-path-to-node=\"7,0,0\" data-index-in-node=\"0\">En janvier :<\/b> Apr\u00e8s l\u2019ouverture jazzy de <b data-path-to-node=\"7,0,0\" data-index-in-node=\"40\">Marc H\u00e9v\u00e9a<\/b>, la salle accueillera un <b data-path-to-node=\"7,0,0\" data-index-in-node=\"76\">BD-concert<\/b> le 15 janvier, suivi d\u2019une performance monumentale des <b data-path-to-node=\"7,0,0\" data-index-in-node=\"142\">\u00e9tudiants de l\u2019isdaT<\/b> avec 14 musiciens \u00e0 cordes le 22 janvier.<\/p>\n<\/li>\n<li>\n<p data-path-to-node=\"7,1,0\"><b data-path-to-node=\"7,1,0\" data-index-in-node=\"0\">En f\u00e9vrier :<\/b> Place \u00e0 la folk multi-instrumentale de <b data-path-to-node=\"7,1,0\" data-index-in-node=\"52\">Marty<\/b> (5 f\u00e9vrier) et aux sonorit\u00e9s proven\u00e7ales rares de <b data-path-to-node=\"7,1,0\" data-index-in-node=\"108\">Benjamin Melia<\/b> (12 f\u00e9vrier). Le mois se cl\u00f4turera par le jazz \u00e9lectrique de <b data-path-to-node=\"7,1,0\" data-index-in-node=\"184\">Dju<\/b> et l\u2019exp\u00e9rience \u00ab\u00a0th\u00e9rapeutique\u00a0\u00bb d\u2019<b data-path-to-node=\"7,1,0\" data-index-in-node=\"222\">Infrazone<\/b>.<\/p>\n<\/li>\n<li>\n<p data-path-to-node=\"7,2,0\"><b data-path-to-node=\"7,2,0\" data-index-in-node=\"0\">En mars :<\/b> Le voyage continue avec le jazz manouche de <b data-path-to-node=\"7,2,0\" data-index-in-node=\"54\">Benjamin Bobenrieth<\/b> (5 mars) et un hommage vibrant \u00e0 <b data-path-to-node=\"7,2,0\" data-index-in-node=\"107\">L\u00e9o Ferr\u00e9<\/b> (19 mars), avant de s\u2019envoler vers le Rio de la Plata pour un <b data-path-to-node=\"7,2,0\" data-index-in-node=\"179\">Tango<\/b> envo\u00fbtant le 26 mars.<\/p>\n<\/li>\n<li>\n<p data-path-to-node=\"7,3,0\"><b data-path-to-node=\"7,3,0\" data-index-in-node=\"0\">En avril :<\/b> La saison se termine en beaut\u00e9 avec la pop sauvage d\u2019<b data-path-to-node=\"7,3,0\" data-index-in-node=\"64\">Arbas<\/b>, une conf\u00e9rence-concert autour du <b data-path-to-node=\"7,3,0\" data-index-in-node=\"104\">Pipa<\/b> (instrument mill\u00e9naire chinois) le 16 avril, et le hip-hop po\u00e9tique de <b data-path-to-node=\"7,3,0\" data-index-in-node=\"180\">Sebseb<\/b> le 30 avril.<\/p>\n<\/li>\n<\/ul>\n<p>Informations Pratiques : Le bon plan culturel de la semaine<\/p>\n<p data-path-to-node=\"10\">L\u2019entr\u00e9e est libre et gratuite, faisant de ce rendez-vous l\u2019un des meilleurs \u00ab\u00a0bons plans\u00a0\u00bb pour profiter de la culture \u00e0 Toulouse sans d\u00e9penser un centime. Attention toutefois : le succ\u00e8s est tel que les places s\u2019envolent vite !<\/p>\n<tr>\n<td\/>\n<td\/>\n<\/tr>\n<tr>\n<td><b data-path-to-node=\"11,1,0,0\" data-index-in-node=\"0\">Lieu<\/b><\/td>\n<td>Salle du S\u00e9n\u00e9chal (17 Rue de la R\u00e9publique, Toulouse)<\/td>\n<\/tr>\n<tr>\n<td><b data-path-to-node=\"11,2,0,0\" data-index-in-node=\"0\">Horaires<\/b><\/td>\n<td>Tous les jeudis \u00e0 <b data-path-to-node=\"11,2,1,0\" data-index-in-node=\"18\">12h30<\/b> (D\u00e9but des concerts)<\/td>\n<\/tr>\n<tr>\n<td><b data-path-to-node=\"11,3,0,0\" data-index-in-node=\"0\">Acc\u00e8s<\/b><\/td>\n<td>Ouverture des portes \u00e0 <b data-path-to-node=\"11,3,1,0\" data-index-in-node=\"23\">11h45<\/b><\/td>\n<\/tr>\n<tr>\n<td><b data-path-to-node=\"11,4,0,0\" data-index-in-node=\"0\">Tarif<\/b><\/td>\n<td><b data-path-to-node=\"11,4,1,0\" data-index-in-node=\"0\">Gratuit<\/b> (dans la limite des places disponibles)<\/td>\n<\/tr>\n","protected":false},"excerpt":{"rendered":"C\u2019est le rendez-vous incontournable des m\u00e9lomanes toulousains et des travailleurs en qu\u00eate d\u2019une parenth\u00e8se enchant\u00e9e. La Pause Musicale&hellip;\n","protected":false},"author":2,"featured_media":654541,"comment_status":"","ping_status":"","sticky":false,"template":"","format":"standard","meta":{"footnotes":""},"categories":[2816],"tags":[1111,11,1777,674,1011,27,12,2680,25,2312],"class_list":{"0":"post-654540","1":"post","2":"type-post","3":"status-publish","4":"format-standard","5":"has-post-thumbnail","7":"category-toulouse","8":"tag-actu","9":"tag-actualites","10":"tag-eu","11":"tag-europe","12":"tag-fr","13":"tag-france","14":"tag-news","15":"tag-occitanie","16":"tag-republique-francaise","17":"tag-toulouse"},"share_on_mastodon":{"url":"https:\/\/pubeurope.com\/@fr\/115872281684269854","error":""},"_links":{"self":[{"href":"https:\/\/www.europesays.com\/fr\/wp-json\/wp\/v2\/posts\/654540","targetHints":{"allow":["GET"]}}],"collection":[{"href":"https:\/\/www.europesays.com\/fr\/wp-json\/wp\/v2\/posts"}],"about":[{"href":"https:\/\/www.europesays.com\/fr\/wp-json\/wp\/v2\/types\/post"}],"author":[{"embeddable":true,"href":"https:\/\/www.europesays.com\/fr\/wp-json\/wp\/v2\/users\/2"}],"replies":[{"embeddable":true,"href":"https:\/\/www.europesays.com\/fr\/wp-json\/wp\/v2\/comments?post=654540"}],"version-history":[{"count":0,"href":"https:\/\/www.europesays.com\/fr\/wp-json\/wp\/v2\/posts\/654540\/revisions"}],"wp:featuredmedia":[{"embeddable":true,"href":"https:\/\/www.europesays.com\/fr\/wp-json\/wp\/v2\/media\/654541"}],"wp:attachment":[{"href":"https:\/\/www.europesays.com\/fr\/wp-json\/wp\/v2\/media?parent=654540"}],"wp:term":[{"taxonomy":"category","embeddable":true,"href":"https:\/\/www.europesays.com\/fr\/wp-json\/wp\/v2\/categories?post=654540"},{"taxonomy":"post_tag","embeddable":true,"href":"https:\/\/www.europesays.com\/fr\/wp-json\/wp\/v2\/tags?post=654540"}],"curies":[{"name":"wp","href":"https:\/\/api.w.org\/{rel}","templated":true}]}}