{"id":654542,"date":"2026-01-10T18:44:12","date_gmt":"2026-01-10T18:44:12","guid":{"rendered":"https:\/\/www.europesays.com\/fr\/654542\/"},"modified":"2026-01-10T18:44:12","modified_gmt":"2026-01-10T18:44:12","slug":"coupe-de-france-angers-sco-elimine-aux-tirs-au-but-par-toulouse","status":"publish","type":"post","link":"https:\/\/www.europesays.com\/fr\/654542\/","title":{"rendered":"Coupe de France. Angers Sco \u00e9limin\u00e9 aux tirs au but par Toulouse"},"content":{"rendered":"\n<p><strong>L&rsquo;aventure en Coupe de France est d\u00e9j\u00e0 termin\u00e9e pour Angers Sco apr\u00e8s la d\u00e9faite face \u00e0 Toulouse (1-1, 5-6).<\/strong> Malmen\u00e9s pendant une bonne partie de la rencontre, les Angevins ont tent\u00e9 de r\u00e9agir un peu trop tard pour v\u00e9ritablement dominer la d\u00e9fense toulousaine. Heureusement, un penalty tomb\u00e9 du ciel a \u00e9t\u00e9 siffl\u00e9 juste avant le temps additionnel pour donner la balle d&rsquo;\u00e9galisation \u00e0 Amine Sba\u00ef. Sur courant alternatif toute la rencontre, l&rsquo;ailier a \u00e9galis\u00e9 pour donner de l&rsquo;espoir.<\/p>\n<p>Malgr\u00e9 un arr\u00eat d&rsquo;Oumar Pona sur le premier tir au but angevin, les Toulousains ont profit\u00e9 de l&rsquo;\u00e9chec de Marius Courcoul lors de la mort subite pour s&rsquo;imposer. Angers n&rsquo;a plus battu Toulouse \u00e0 domicile depuis le 11 mars 1978.<\/p>\n","protected":false},"excerpt":{"rendered":"L&rsquo;aventure en Coupe de France est d\u00e9j\u00e0 termin\u00e9e pour Angers Sco apr\u00e8s la d\u00e9faite face \u00e0 Toulouse (1-1,&hellip;\n","protected":false},"author":2,"featured_media":654543,"comment_status":"","ping_status":"","sticky":false,"template":"","format":"standard","meta":{"footnotes":""},"categories":[2816],"tags":[1111,11,1438,460,83,1777,674,63,1011,27,12,2680,25,17981,60,2312],"class_list":{"0":"post-654542","1":"post","2":"type-post","3":"status-publish","4":"format-standard","5":"has-post-thumbnail","7":"category-toulouse","8":"tag-actu","9":"tag-actualites","10":"tag-angers","11":"tag-angers-sco","12":"tag-coupe-de-france","13":"tag-eu","14":"tag-europe","15":"tag-football","16":"tag-fr","17":"tag-france","18":"tag-news","19":"tag-occitanie","20":"tag-republique-francaise","21":"tag-sco","22":"tag-sports","23":"tag-toulouse"},"share_on_mastodon":{"url":"https:\/\/pubeurope.com\/@fr\/115872285606991953","error":""},"_links":{"self":[{"href":"https:\/\/www.europesays.com\/fr\/wp-json\/wp\/v2\/posts\/654542","targetHints":{"allow":["GET"]}}],"collection":[{"href":"https:\/\/www.europesays.com\/fr\/wp-json\/wp\/v2\/posts"}],"about":[{"href":"https:\/\/www.europesays.com\/fr\/wp-json\/wp\/v2\/types\/post"}],"author":[{"embeddable":true,"href":"https:\/\/www.europesays.com\/fr\/wp-json\/wp\/v2\/users\/2"}],"replies":[{"embeddable":true,"href":"https:\/\/www.europesays.com\/fr\/wp-json\/wp\/v2\/comments?post=654542"}],"version-history":[{"count":0,"href":"https:\/\/www.europesays.com\/fr\/wp-json\/wp\/v2\/posts\/654542\/revisions"}],"wp:featuredmedia":[{"embeddable":true,"href":"https:\/\/www.europesays.com\/fr\/wp-json\/wp\/v2\/media\/654543"}],"wp:attachment":[{"href":"https:\/\/www.europesays.com\/fr\/wp-json\/wp\/v2\/media?parent=654542"}],"wp:term":[{"taxonomy":"category","embeddable":true,"href":"https:\/\/www.europesays.com\/fr\/wp-json\/wp\/v2\/categories?post=654542"},{"taxonomy":"post_tag","embeddable":true,"href":"https:\/\/www.europesays.com\/fr\/wp-json\/wp\/v2\/tags?post=654542"}],"curies":[{"name":"wp","href":"https:\/\/api.w.org\/{rel}","templated":true}]}}