{"id":654546,"date":"2026-01-10T18:46:11","date_gmt":"2026-01-10T18:46:11","guid":{"rendered":"https:\/\/www.europesays.com\/fr\/654546\/"},"modified":"2026-01-10T18:46:11","modified_gmt":"2026-01-10T18:46:11","slug":"lex-enseigne-oliver-grant-enfile-de-nouveaux-habits","status":"publish","type":"post","link":"https:\/\/www.europesays.com\/fr\/654546\/","title":{"rendered":"l\u2019ex-enseigne Oliver Grant enfile de nouveaux habits"},"content":{"rendered":"<p class=\"c-paragraph\">Fin 2021, l\u2019enseigne de pr\u00eat-\u00e0-porter Oliver Grant quittait son immeuble situ\u00e9 \u00e0 l\u2019angle des rues Nationale et Esquermoise, \u00e0 Lille (Nord). Depuis janvier 2025, ce dernier est en pleine m\u00e9tamorphose. Imagin\u00e9e par l\u2019agence d\u2019architecture Studio Vincent Eschalier avec les bureaux d\u2019\u00e9tudes Moduo, Sevaia et Khephren, la r\u00e9habilitation fera na\u00eetre, fin 2026, un ensemble mixte de bureaux et de commerces de 2 400 m2 SP sur cinq \u00e9tages. Rabot Dutilleul Construction, qui y intervient en tant qu\u2019entreprise g\u00e9n\u00e9rale, termine le gros \u0153uvre.<\/p>\n<p>Respect du pacte bas carbone<\/p>\n<p class=\"c-paragraph\">R\u00e9alis\u00e9e pour le compte d\u2019Ofi Invest, avec JLL comme assistant \u00e0 ma\u00eetrise d\u2019ouvrage, l\u2019op\u00e9ration, qui respectera le pacte Lille bas carbone, a r\u00e9employ\u00e9 des mat\u00e9riaux de couverture gr\u00e2ce \u00e0 un partenariat avec Recynov.<\/p>\n","protected":false},"excerpt":{"rendered":"Fin 2021, l\u2019enseigne de pr\u00eat-\u00e0-porter Oliver Grant quittait son immeuble situ\u00e9 \u00e0 l\u2019angle des rues Nationale et Esquermoise,&hellip;\n","protected":false},"author":2,"featured_media":654547,"comment_status":"","ping_status":"","sticky":false,"template":"","format":"standard","meta":{"footnotes":""},"categories":[2815],"tags":[1111,11,1350,75751,13242,51,1777,674,1011,27,811,1307,12,1308,4916,60747,25,7333],"class_list":{"0":"post-654546","1":"post","2":"type-post","3":"status-publish","4":"format-standard","5":"has-post-thumbnail","7":"category-lille","8":"tag-actu","9":"tag-actualites","10":"tag-architecture","11":"tag-construction-bas-carbone","12":"tag-ecoconstruction","13":"tag-ecologie","14":"tag-eu","15":"tag-europe","16":"tag-fr","17":"tag-france","18":"tag-hauts-de-france","19":"tag-lille","20":"tag-news","21":"tag-nord","22":"tag-projets","23":"tag-rehabilitation-douvrage","24":"tag-republique-francaise","25":"tag-vie-du-btp"},"share_on_mastodon":{"url":"https:\/\/pubeurope.com\/@fr\/115872294204847072","error":""},"_links":{"self":[{"href":"https:\/\/www.europesays.com\/fr\/wp-json\/wp\/v2\/posts\/654546","targetHints":{"allow":["GET"]}}],"collection":[{"href":"https:\/\/www.europesays.com\/fr\/wp-json\/wp\/v2\/posts"}],"about":[{"href":"https:\/\/www.europesays.com\/fr\/wp-json\/wp\/v2\/types\/post"}],"author":[{"embeddable":true,"href":"https:\/\/www.europesays.com\/fr\/wp-json\/wp\/v2\/users\/2"}],"replies":[{"embeddable":true,"href":"https:\/\/www.europesays.com\/fr\/wp-json\/wp\/v2\/comments?post=654546"}],"version-history":[{"count":0,"href":"https:\/\/www.europesays.com\/fr\/wp-json\/wp\/v2\/posts\/654546\/revisions"}],"wp:featuredmedia":[{"embeddable":true,"href":"https:\/\/www.europesays.com\/fr\/wp-json\/wp\/v2\/media\/654547"}],"wp:attachment":[{"href":"https:\/\/www.europesays.com\/fr\/wp-json\/wp\/v2\/media?parent=654546"}],"wp:term":[{"taxonomy":"category","embeddable":true,"href":"https:\/\/www.europesays.com\/fr\/wp-json\/wp\/v2\/categories?post=654546"},{"taxonomy":"post_tag","embeddable":true,"href":"https:\/\/www.europesays.com\/fr\/wp-json\/wp\/v2\/tags?post=654546"}],"curies":[{"name":"wp","href":"https:\/\/api.w.org\/{rel}","templated":true}]}}