{"id":654548,"date":"2026-01-10T18:47:32","date_gmt":"2026-01-10T18:47:32","guid":{"rendered":"https:\/\/www.europesays.com\/fr\/654548\/"},"modified":"2026-01-10T18:47:32","modified_gmt":"2026-01-10T18:47:32","slug":"lagenda-du-week-end-du-28-au-30-novembre-4","status":"publish","type":"post","link":"https:\/\/www.europesays.com\/fr\/654548\/","title":{"rendered":"l&rsquo;agenda du week-end du 28 au 30 novembre"},"content":{"rendered":"<p><strong>Que faire ce week-end \u00e0 Marseille, en Provence et dans la r\u00e9gion Provence-Alpes-C\u00f4te d\u2019Azur ?<\/strong> Chaque semaine, une s\u00e9lection d\u2019id\u00e9es de sorties pr\u00e9par\u00e9e par la r\u00e9daction de Gomet\u2019. <\/p>\n<p>L\u2019ann\u00e9e 2026 est lanc\u00e9e ! Au programme de ce week-end : c\u00e9l\u00e9bration de l\u2019\u00c9piphanie en Provence, ouverture de la saison des F\u00eates de la Mer sur la C\u00f4te Bleue, premier week-end des soldes d\u2019hiver, exploration des tendances de l\u2019\u00e9t\u00e9 2026 au salon BISOU, hommage prolong\u00e9 \u00e0 Monet aux Carri\u00e8res de Lumi\u00e8re ou encore spectacle de Kader Attou au Pavillon Noir\u2026<\/p>\n<p>Kader Attou ouvre l\u2019ann\u00e9e au Pavillon Noir (Aix)<img loading=\"lazy\" decoding=\"async\" width=\"1906\" height=\"697\" src=\"data:image\/svg+xml,%3Csvg%20xmlns=\" http:=\"\" alt=\"\" class=\"wp-image-382280\" style=\"width:774px;height:auto\" data-lazy- data-lazy- data-lazy-src=\"https:\/\/www.europesays.com\/fr\/wp-content\/uploads\/2026\/01\/kader-attou-le-murmure-des-songes-julie-cherki2.jpg\"\/>Le Murmure des Songes, Kader Attou \u00a9 Le Pavillon Noir<\/p>\n<p>Pour ce premier week-end culturel de l\u2019ann\u00e9e, Kader Attou revient sur sc\u00e8ne au Pavillon Noir avec Le Murmure des Songes, une pi\u00e8ce sensible et accessible, pens\u00e9e comme une plong\u00e9e dans les paysages mentaux de l\u2019enfance. Le chor\u00e9graphe hip-hop marseillais y explore la zone floue entre r\u00e9el et imaginaire, l\u00e0 o\u00f9 les peurs, les monstres et les merveilles cohabitent sans hi\u00e9rarchie.<\/p>\n<p>Port\u00e9e par un quatuor de danseurs et danseuses de la compagnie Accrorap, la cr\u00e9ation m\u00eale plusieurs \u00e9critures chor\u00e9graphiques, sans jamais enfermer le hip-hop dans un cadre fig\u00e9. Les illustrations de Jessie D\u00e9sol\u00e9e esquissent un bestiaire po\u00e9tique projet\u00e9 sur sc\u00e8ne, tandis que la musique originale de R\u00e9gis Baillet accompagne cette travers\u00e9e onirique, parfois douce, parfois plus troubl\u00e9e.<\/p>\n<p><a data-no-instant=\"1\" href=\"https:\/\/my.weezevent.com\/barometre-regional-des-levees-de-fonds-le-bilan-de-2025\" rel=\"noopener nofollow\" class=\"a2t-link\" target=\"_blank\" aria-label=\"V1 Widespread 7e Barome\u0300tre\"><img loading=\"lazy\" decoding=\"async\" src=\"data:image\/svg+xml,%3Csvg%20xmlns=\" http:=\"\" alt=\"\" data-lazy- data-lazy- width=\"1950\" height=\"241\" style=\"display: inline-block;\" data-lazy-src=\"https:\/\/www.europesays.com\/fr\/wp-content\/uploads\/2025\/12\/v1-widespread-7e-barometre.png\"\/><\/a><\/p>\n<p>Cr\u00e9\u00e9 en 2023, Le Murmure des Songes s\u2019adresse \u00e0 tous les publics et revendique une forme souple, capable de s\u2019adapter aux grands plateaux comme \u00e0 des lieux plus intimes. Une proposition qui assume la part de fragilit\u00e9 et de r\u00eaverie, fid\u00e8le \u00e0 la d\u00e9marche humaniste de Kader Attou, install\u00e9 depuis 2022 \u00e0 la Friche la Belle de Mai.<\/p>\n<p class=\"has-background\" style=\"background-color:#f78da826\">\ud83d\uddd3\ufe0f <strong>Vendredi 9 janvier 2026 \u00e0 partir de 20h (dur\u00e9e : 1h05)<\/strong><br \/>\ud83d\udccd Th\u00e9\u00e2tre du Pavillon Noir \u2013 Aix-en-Provence<\/p>\n<p><strong>Autour du spectacle<\/strong> :<br \/>Atelier hip-hop tous niveaux avec un interpr\u00e8te de la compagnie Accrorap<\/p>\n<p>\ud83d\uddd3\ufe0f <strong>Samedi 10 janvier 2026 de 11h \u00e0 13h<\/strong><br \/>\ud83d\udccd Studio Bagouet, Pavillon Noir \u2013 Aix-en-Provence<br \/>\ud83d\udcb6 Tarif : 20 \u20ac<br \/>&gt; <strong><a href=\"https:\/\/preljocaj.org\/spectacle\/kader-attou-le-murmure-des-songes\/\" data-type=\"link\" data-id=\"https:\/\/preljocaj.org\/spectacle\/kader-attou-le-murmure-des-songes\/\" target=\"_blank\" rel=\"noopener\">Plus d\u2019infos<\/a><\/strong><\/p>\n<p>Aix-en-Provence c\u00e9l\u00e8bre l\u2019\u00c9piphanie<img loading=\"lazy\" decoding=\"async\" width=\"640\" height=\"872\" src=\"data:image\/svg+xml,%3Csvg%20xmlns=\" http:=\"\" alt=\"\" class=\"wp-image-382282\" style=\"width:418px;height:auto\" data-lazy- data-lazy- data-lazy-src=\"https:\/\/www.europesays.com\/fr\/wp-content\/uploads\/2026\/01\/capture_d_ecran_2025-12-10_144537-03d52.png\"\/>\u00a9 Ville d\u2019Aix-en-Provence<\/p>\n<p>\u00c0 Aix-en-Provence, le week-end se place sous le signe des traditions proven\u00e7ales avec deux rendez-vous compl\u00e9mentaires, ancr\u00e9s dans l\u2019histoire locale et toujours tr\u00e8s suivis en ce d\u00e9but d\u2019ann\u00e9e. Dimanche, la ville renoue avec la Marche des Rois, un cort\u00e8ge populaire qui traverse le centre ancien jusqu\u2019\u00e0 la cath\u00e9drale Saint-Sauveur. Organis\u00e9e par l\u2019association Histoires d\u2019Aix et de Provence, la d\u00e9ambulation reconstitue l\u2019adoration des Rois mages, perp\u00e9tu\u00e9e depuis plus de deux si\u00e8cles.<\/p>\n<p>Costumes, chants, danses et musiques rythment le parcours, ponctu\u00e9 de haltes symboliques, du cours Mirabeau \u00e0 la place de l\u2019H\u00f4tel de Ville, avec, comme le veut la tradition, une distribution de calissons. Le cort\u00e8ge s\u2019ach\u00e8ve \u00e0 16h par la c\u00e9l\u00e9bration religieuse \u00e0 la cath\u00e9drale, point d\u2019orgue de cette apr\u00e8s-midi festive et patrimoniale.<\/p>\n<p>Dans le m\u00eame esprit, le Th\u00e9\u00e2tre du Jeu de Paume accueille La Pastorale Maurel, grande fresque populaire qui transpose la Nativit\u00e9 en Provence. Jou\u00e9e par des com\u00e9diens amateurs en costumes du d\u00e9but du 19e si\u00e8cle, la pi\u00e8ce m\u00eale th\u00e9\u00e2tre et chants en proven\u00e7al, avec surtitrage en fran\u00e7ais. Entre humour, satire et observation des m\u0153urs d\u2019antan, ce spectacle demeure un classique des f\u00eates calendales, accessible \u00e0 tous les publics.<\/p>\n<p class=\"has-background\" style=\"background-color:#ff6a001a\"><strong>Marche des Rois<\/strong><br \/>\ud83d\uddd3\ufe0f <strong>Dimanche 11 janvier 2026 \u00e0 partir de 14h<\/strong><br \/>\ud83d\udccd Centre-ville d\u2019Aix-en-Provence <\/p>\n<p><strong>La Pastorale Maurel<\/strong><br \/>\ud83d\uddd3\ufe0f <strong>Dimanche 11 janvier 2026 de 15h \u00e0 18h30<\/strong><br \/>\ud83d\udccd Th\u00e9\u00e2tre du Jeu de Paume \u2013 Aix-en-Provence<br \/>&gt; <strong><a href=\"https:\/\/www.aixenprovence.fr\/Actualites-998\" data-type=\"link\" data-id=\"https:\/\/www.aixenprovence.fr\/Actualites-998\" target=\"_blank\" rel=\"noopener\">Le programme complet<\/a><\/strong><\/p>\n<p>Monet joue les prolongations aux Baux-de-Provence<img loading=\"lazy\" decoding=\"async\" width=\"2048\" height=\"1070\" src=\"data:image\/svg+xml,%3Csvg%20xmlns=\" http:=\"\" alt=\"\" class=\"wp-image-382284\" style=\"width:620px;height:auto\" data-lazy- data-lazy- data-lazy-src=\"https:\/\/www.europesays.com\/fr\/wp-content\/uploads\/2026\/01\/bandeau_impression_soleil_levant-scaled.jpg\"\/>\u00a9 Culturespace \/ Vincent Pinson<\/p>\n<p>Bonne nouvelle pour les retardataires\u2026 Et pour ceux qui veulent y retourner : l\u2019exposition immersive consacr\u00e9e \u00e0 Claude Monet est prolong\u00e9e jusqu\u2019au 1er f\u00e9vrier 2026 aux Carri\u00e8res des Lumi\u00e8res. Pr\u00e9sent\u00e9e comme un \u00e9cho aux 150 ans de l\u2019impressionnisme, cette cr\u00e9ation num\u00e9rique d\u2019envergure propose une relecture sensible et spectaculaire de l\u2019\u0153uvre du peintre.<\/p>\n<p>Des paysages normands aux jardins de Giverny, en passant par Londres ou la M\u00e9diterran\u00e9e, le parcours retrace les grands jalons de la carri\u00e8re de Monet, ses lieux de cr\u00e9ation et ses s\u00e9ries embl\u00e9matiques. Les toiles s\u2019animent sur les parois monumentales de la carri\u00e8re, port\u00e9es par une mise en musique immersive qui accentue les variations de lumi\u00e8re, de couleur et de mati\u00e8re ch\u00e8res \u00e0 l\u2019artiste.<\/p>\n<p>Sans pr\u00e9tendre remplacer l\u2019exp\u00e9rience du mus\u00e9e, cette plong\u00e9e num\u00e9rique assume une approche grand public et sensorielle, fid\u00e8le \u00e0 l\u2019esprit de rupture qu\u2019a incarn\u00e9 l\u2019impressionnisme \u00e0 sa naissance. Une proposition qui continue d\u2019attirer un large public en plein c\u0153ur de l\u2019hiver proven\u00e7al.<\/p>\n<p class=\"has-background\" style=\"background-color:#000cff0f\">\ud83d\uddd3\ufe0f <strong>Jusqu\u2019au 1er f\u00e9vrier 2026<\/strong><br \/>\ud83d\udccd Carri\u00e8res des Lumi\u00e8res, route de Maillane \u2013 Les Baux-de-Provence<br \/>&gt; <strong><a href=\"https:\/\/www.carrieres-lumieres.com\/fr\/monet\" data-type=\"link\" data-id=\"https:\/\/www.carrieres-lumieres.com\/fr\/monet\" target=\"_blank\" rel=\"noopener\">Infos et billetterie<\/a><\/strong><\/p>\n<p>51e \u00e9dition du BISOU : les tendances de l\u2019\u00e9t\u00e9 2026 se dessinent \u00e0 Marseille<img loading=\"lazy\" decoding=\"async\" width=\"1024\" height=\"682\" src=\"data:image\/svg+xml,%3Csvg%20xmlns=\" http:=\"\" alt=\"\" class=\"wp-image-382285\" style=\"width:608px;height:auto\" data-lazy- data-lazy- data-lazy-src=\"https:\/\/www.europesays.com\/fr\/wp-content\/uploads\/2026\/01\/salon-bisou-2024\u00a9-photo-nicolas-rodet--1024x682.jpg\"\/>\u00a9 BISOU<\/p>\n<p>C\u2019est un rendez-vous discret pour le grand public mais strat\u00e9gique pour tout un pan du commerce : le salon professionnel BISOU ouvre sa <strong>51e \u00e9dition <\/strong>du 10 au 12 janvier \u00e0 Marseille Chanot. Depuis plus d\u2019un demi-si\u00e8cle, ce salon organis\u00e9 en famille s\u2019est impos\u00e9 comme une place forte pour les professionnels du cadeau, du souvenir, de la d\u00e9coration et des produits estivaux.<\/p>\n<p>Pr\u00e8s de<strong> <\/strong>150 exposants fran\u00e7ais et \u00e9trangers sont attendus cette ann\u00e9e, avec une attention particuli\u00e8re port\u00e9e aux nouveaut\u00e9s de l\u2019\u00e9t\u00e9 2026 : beachwear, accessoires de plage, bijoux fantaisie, lunettes solaires, d\u00e9coration, cadeaux gourmands ou encore articles proven\u00e7aux. Un panorama volontairement resserr\u00e9, pens\u00e9 pour faciliter les \u00e9changes et les commandes dans un format \u00e0 taille humaine.<\/p>\n<p>Strictement r\u00e9serv\u00e9 aux professionnels (pr\u00e9-inscription ou Kbis obligatoire), le salon s\u2019ouvre aussi \u00e0 la presse, invit\u00e9e \u00e0 d\u00e9couvrir en avant-premi\u00e8re les tendances qui alimenteront les vitrines des prochains mois.<\/p>\n<p class=\"has-background\" style=\"background-color:#8dd2fc26\">\ud83d\uddd3\ufe0f <strong>Du samedi 10 au lundi 12 janvier 2026 de 9h \u00e0 18h<\/strong><br \/>\ud83d\udccd Parc des Expositions Marseille Chanot, Hall Phoc\u00e9en \u2013 Marseille (8e)<br \/>\ud83c\udf9f Acc\u00e8s r\u00e9serv\u00e9 aux professionnels<br \/>&gt; <strong><a href=\"https:\/\/www.bisou.com\/fr\" data-type=\"link\" data-id=\"https:\/\/www.bisou.com\/fr\" target=\"_blank\" rel=\"noopener\">Le programme complet<\/a><\/strong><\/p>\n<p>Allauch ouvre l\u2019ann\u00e9e en habits proven\u00e7aux<img loading=\"lazy\" decoding=\"async\" width=\"1620\" height=\"1080\" src=\"data:image\/svg+xml,%3Csvg%20xmlns=\" http:=\"\" alt=\"\" class=\"wp-image-382286\" style=\"width:612px;height:auto\" data-lazy- data-lazy- data-lazy-src=\"https:\/\/www.europesays.com\/fr\/wp-content\/uploads\/2026\/01\/premieres-fetes-traditionnelles-provencales-2026.png\"\/>\u00a9 Ville d\u2019Allauch<\/p>\n<p>Comme chaque d\u00e9but d\u2019ann\u00e9e, Allauch donne le tempo des f\u00eates traditionnelles en Provence. Le village accueille, ces samedi 10 et dimanche 11 janvier, deux rendez-vous embl\u00e9matiques : la Marche des Rois et la F\u00eate de la Saint-Clair. Un week-end dense, populaire et tr\u00e8s ancr\u00e9 dans l\u2019histoire locale, \u00e0 vivre au c\u0153ur du village.<\/p>\n<p>La Marche des Rois lance les festivit\u00e9s le samedi apr\u00e8s-midi. Le cort\u00e8ge, men\u00e9 par le groupe Saint-\u00c9loi allaudien, traverse les rues en costumes d\u2019\u00e9poque, accompagn\u00e9 de musiciens, de groupes folkloriques et de dromadaires, jusqu\u2019\u00e0 l\u2019\u00e9glise Saint-S\u00e9bastien. Chants, danses et musiques proven\u00e7ales rythment cette d\u00e9ambulation qui s\u2019ach\u00e8ve par le traditionnel partage du g\u00e2teau des rois.<\/p>\n<p>La f\u00eate se prolonge le samedi soir avec l\u2019allumage du feu de la Saint-Clair et le d\u00e9but de la cuisson des cochons, spectacle \u00e0 part enti\u00e8re, ponctu\u00e9 par une animation de cracheurs de feu. Le dimanche, place \u00e0 la foire gastronomique et aux animations familiales. Les cochons, cuits toute la nuit au feu de bois, sont propos\u00e9s \u00e0 la vente d\u00e8s midi, dans une ambiance festive et musicale, fid\u00e8le \u00e0 l\u2019esprit des f\u00eates de village.<\/p>\n<p class=\"has-background\" style=\"background-color:#a6683c17\">\ud83d\uddd3\ufe0f <strong>Samedi 10 et dimanche 11 janvier 2026<\/strong><br \/>\ud83d\udccd Centre du village d\u2019Allauch<br \/>&gt;\u00a0<strong><a href=\"https:\/\/www.allauch.com\/\" data-type=\"link\" data-id=\"https:\/\/www.allauch.com\/\" target=\"_blank\" rel=\"noopener\">Plus d\u2019infos<\/a><\/strong><\/p>\n<p>Sausset-les-Pins ouvre la saison des f\u00eates de la mer<img loading=\"lazy\" decoding=\"async\" width=\"1536\" height=\"1243\" src=\"data:image\/svg+xml,%3Csvg%20xmlns=\" http:=\"\" alt=\"\" class=\"wp-image-382293\" style=\"width:533px;height:auto\" data-lazy- data-lazy- data-lazy-src=\"https:\/\/www.europesays.com\/fr\/wp-content\/uploads\/2026\/01\/whatsapp-image-2025-01-12-a-15.51.36_c7642db9-1536x1243-1.jpg\"\/>\u00a9 Ville de Sausset-les-Pins<\/p>\n<p>Comme chaque hiver, Sausset-les-Pins donne le coup d\u2019envoi des f\u00eates de la mer sur la C\u00f4te Bleue. Les dimanches 11, 18 et 25 janvier, le port devient le th\u00e9\u00e2tre d\u2019un rendez-vous populaire qui m\u00eale gastronomie, traditions maritimes et convivialit\u00e9. Depuis pr\u00e8s de trente ans, la manifestation s\u2019est impos\u00e9e comme un classique du calendrier hivernal.<\/p>\n<p>Autour d\u2019une cinquantaine de stands install\u00e9s au m\u00f4le du port et au port Est, p\u00eacheurs, commer\u00e7ants et associations locales proposent une large palette de saveurs marines : poissons et coquillages, plats cuisin\u00e9s, sp\u00e9cialit\u00e9s m\u00e9diterran\u00e9ennes, mais aussi quelques produits du terroir pour \u00e9largir l\u2019offre. Paella, calamars, seiches, moules, hu\u00eetres ou oursins composent le c\u0153ur de la f\u00eate.<\/p>\n<p>Longtemps associ\u00e9e \u00e0 l\u2019oursinade, la manifestation a \u00e9volu\u00e9 ces derni\u00e8res ann\u00e9es pour int\u00e9grer une r\u00e9flexion sur la pr\u00e9servation de la ressource. La Ville a fait le choix d\u2019un \u00e9v\u00e9nement plus diversifi\u00e9, attentif \u00e0 l\u2019environnement et ouvert \u00e0 tous les publics, avec des stands plus classiques, des jeux et des man\u00e8ges pour les enfants.<\/p>\n<p class=\"has-background\" style=\"background-color:#fcb90024\">\ud83d\uddd3\ufe0f <strong>Dimanches 11, 18 et 25 janvier 2026<\/strong><br \/>\ud83d\udccd Port de Sausset-les-Pins (M\u00f4le du Port et Port Est)<br \/>&gt;\u00a0<strong><a href=\"https:\/\/ville-sausset-les-pins.fr\/actualites\/fetes-de-la-mer-2026\/#:~:text=11%2C%2018%20et%2025%20janvier,11%2C%2018%20et%2025%20janvier.\" data-type=\"link\" data-id=\"https:\/\/ville-sausset-les-pins.fr\/actualites\/fetes-de-la-mer-2026\/#:~:text=11%2C%2018%20et%2025%20janvier,11%2C%2018%20et%2025%20janvier.\" target=\"_blank\" rel=\"noopener\">Plus d\u2019infos<\/a><\/strong><\/p>\n<p>Une com\u00e9die musicale la t\u00eate dans les \u00e9toiles au Pasino d\u2019Aix<img loading=\"lazy\" decoding=\"async\" width=\"2048\" height=\"878\" src=\"data:image\/svg+xml,%3Csvg%20xmlns=\" http:=\"\" alt=\"\" class=\"wp-image-382296\" style=\"width:744px;height:auto\" data-lazy- data-lazy- data-lazy-src=\"https:\/\/www.europesays.com\/fr\/wp-content\/uploads\/2026\/01\/ab67618600001016360c8b7cbf2d3c96b6dc102f-scaled-1-scaled.jpg\"\/>\u00a9 Friche la Belle de Mai<\/p>\n<p>Le Pasino Grand d\u2019Aix-en-Provence accueille Orso et le Secret des \u00c9toiles, une com\u00e9die musicale pens\u00e9e pour le jeune public, mais qui ne boude pas les clins d\u2019\u0153il aux adultes. Dr\u00f4le, rythm\u00e9e et visuellement soign\u00e9e, la cr\u00e9ation invite \u00e0 un voyage nocturne peupl\u00e9 de personnages familiers\u2026 et l\u00e9g\u00e8rement d\u00e9cal\u00e9s.<\/p>\n<p>L\u2019histoire se d\u00e9roule pendant que la ville dort. L\u00e0-haut, une \u00e9quipe veille sur les r\u00eaves, jusqu\u2019au jour o\u00f9 le sable magique du marchand de sable dispara\u00eet. Orso, apprenti du Ma\u00eetre du Temps, se lance alors dans une enqu\u00eate nocturne pour sauver les songes, avant le coucher du Soleil \u2014 incarn\u00e9 par Claudia Tagbo. Le spectacle aborde, sans lourdeur, les peurs de la nuit, la notion du temps et la confiance en soi.<\/p>\n<p>Port\u00e9e par une troupe de com\u00e9diens et chanteurs, la pi\u00e8ce s\u2019appuie sur des chansons sign\u00e9es notamment Ga\u00ebtan Roussel, Anna Chedid ou Martin Luminet. La mise en sc\u00e8ne, sign\u00e9e Ludovic Marcato, multiplie les trouvailles visuelles entre d\u00e9cors soign\u00e9s, costumes spectaculaires et personnages hauts en couleur.<\/p>\n<p class=\"has-background\" style=\"background-color:#9b51e017\">\ud83d\udcc5 <strong>Dimanche 11 janvier 2026 \u00e0 15h<\/strong><br \/>\ud83d\udccd Pasino Grand \u2013 Aix-en-Provence<br \/>&gt; <strong><a href=\"https:\/\/casino-aix.partouche.com\/spectacles\/10011\/orso-et-le-secret-des-etoiles\" data-type=\"link\" data-id=\"https:\/\/casino-aix.partouche.com\/spectacles\/10011\/orso-et-le-secret-des-etoiles\" target=\"_blank\" rel=\"noopener\">Plus d\u2019infos<\/a><\/strong><\/p>\n<p>\u00c9lodie Poux en version XXL \u00e0 l\u2019Arena<img loading=\"lazy\" decoding=\"async\" width=\"1200\" height=\"1800\" src=\"data:image\/svg+xml,%3Csvg%20xmlns=\" http:=\"\" alt=\"\" class=\"wp-image-382298\" style=\"width:375px;height:auto\" data-lazy- data-lazy- data-lazy-src=\"https:\/\/www.europesays.com\/fr\/wp-content\/uploads\/2026\/01\/ep-zenith-2025-26-billetterie-seul_aix.jpg\"\/>\u00a9 Arena du Pays d\u2019Aix<\/p>\n<p>\u00c9lodie Poux poursuit sa tourn\u00e9e des grandes salles et fait escale \u00e0 l\u2019Arena du Pays d\u2019Aix avec Le Syndrome du Papillon. Un spectacle rod\u00e9, enrichi au fil des dates, qui confirme l\u2019app\u00e9tit du public pour l\u2019humour sans filtre de l\u2019humoriste.<\/p>\n<p>Sur sc\u00e8ne, \u00c9lodie Poux encha\u00eene les personnages, les situations absurdes et les observations grin\u00e7antes avec une \u00e9nergie qui ne retombe jamais. Son univers, peupl\u00e9 de figures d\u00e9jant\u00e9es et de r\u00e9flexions \u00e0 contre-courant, repose autant sur l\u2019\u00e9criture que sur un vrai sens du jeu et de l\u2019incarnation. Derri\u00e8re l\u2019efficacit\u00e9 comique, le spectacle joue aussi avec l\u2019id\u00e9e de transformation, de petits changements qui provoquent de grands d\u00e9rapages.<\/p>\n<p>Pens\u00e9e pour les Z\u00e9niths et grandes arenas, cette version XXL assume un format plus ample, sans perdre le mordant qui a fait le succ\u00e8s de l\u2019artiste. Une date unique dans le Pays d\u2019Aix pour ce dimanche de janvier, \u00e0 glisser dans l\u2019agenda des amateurs de stand-up et de personnages bien tremp\u00e9s.<\/p>\n<p class=\"has-background\" style=\"background-color:#ff6a0014\">\ud83d\uddd3\ufe0f <strong>Dimanche 11 janvier 2026 \u00e0 18h <\/strong><br \/>\ud83d\udccd Arena du Pays d\u2019Aix \u2013 Aix-en-Provence<br \/>&gt; <strong><a href=\"https:\/\/www.arenaaix.com\/event\/elodie-poux\/\" data-type=\"link\" data-id=\"https:\/\/www.arenaaix.com\/event\/elodie-poux\/\" target=\"_blank\" rel=\"noopener\">Infos et billetterie<\/a><\/strong><\/p>\n<p>Premier week-end pour les soldes d\u2019hiver \u00e0 McArthurGlen Provence<img loading=\"lazy\" decoding=\"async\" width=\"1920\" height=\"933\" src=\"data:image\/svg+xml,%3Csvg%20xmlns=\" http:=\"\" alt=\"\" class=\"wp-image-382304\" style=\"width:696px;height:auto\" data-lazy- data-lazy- data-lazy-src=\"https:\/\/www.europesays.com\/fr\/wp-content\/uploads\/2026\/01\/plu-sale-group-bags_homepage-hero-banner-desktop_5120x2560.webp.webp\"\/>\u00a9 McArthurGlen Provence<\/p>\n<p>\u00c0 l\u2019occasion du d\u00e9marrage de la p\u00e9riode des soldes d\u2019hiver qui durent jusqu\u2019au 3 f\u00e9vrier prochain,\u00a0<a href=\"https:\/\/gomet.net\/?s=McArthurGlen+Provence\" target=\"_blank\" rel=\"noreferrer noopener\"><strong>McArthurGlen Provence<\/strong><\/a>, le village de marques situ\u00e9 \u00e0 Miramas, annonce des r\u00e9ductions allant jusqu\u2019\u00e0 <strong>\u2013<\/strong>70%.<\/p>\n<p>Pour cette nouvelle p\u00e9riode de promotions, McArthurGlen Provence propose des horaires exceptionnels pour le lancement des soldes. Pendant les 5 premiers jours (jusqu\u2019\u00e0 dimanche 11 janvier), le Centre ouvre ses portes d\u00e8s 9h avec, \u00e0 cette occasion, l\u2019op\u00e9ration \u00ab\u00a0Happy Hours\u00a0\u00bb qui permet de b\u00e9n\u00e9ficier de 10% de r\u00e9duction suppl\u00e9mentaire sur les prix d\u00e9j\u00e0 sold\u00e9s, avant 10h et apr\u00e8s 18h, dans les boutiques participantes. Ce week-end des 9 et 10 janvier, le centre ouvre jusqu\u2019\u00e0 20h.<\/p>\n<p class=\"has-background\" style=\"background-color:#ff6a0014\">\ud83d\uddd3\ufe0f <strong>Jusqu\u2019au 3 f\u00e9vrier 2026<\/strong><br \/>\ud83d\udccd McArthurGlen Provence \u2013 Miramas<br \/>&gt; <strong><a href=\"https:\/\/www.mcarthurglen.com\/fr\/outlets\/fr\/designer-outlet-provence\/actualites\/soldes\/?_gl=1*ovnwsq*_up*MQ..*_gs*MQ..&amp;gclid=CjwKCAiA64LLBhBhEiwA-Pxgu-E0Urdzf8H90BRKFEuFu53E9o2J4xvBwnVEGDZaGQrkrcPadINwwRoCACIQAvD_BwE&amp;gclsrc=aw.ds&amp;gbraid=0AAAAADhC0P39PTKx-9JsZiM3wZefp8zHG\" data-type=\"link\" data-id=\"https:\/\/www.mcarthurglen.com\/fr\/outlets\/fr\/designer-outlet-provence\/actualites\/soldes\/?_gl=1*ovnwsq*_up*MQ..*_gs*MQ..&amp;gclid=CjwKCAiA64LLBhBhEiwA-Pxgu-E0Urdzf8H90BRKFEuFu53E9o2J4xvBwnVEGDZaGQrkrcPadINwwRoCACIQAvD_BwE&amp;gclsrc=aw.ds&amp;gbraid=0AAAAADhC0P39PTKx-9JsZiM3wZefp8zHG\" target=\"_blank\" rel=\"noopener\">Plus d\u2019infos<\/a><\/strong><\/p>\n<p class=\"has-text-align-center has-background\" style=\"background-color:#abb7c221\"><strong>Consultez notre <strong><a href=\"https:\/\/gomet.net\/supplement-hiver-fetes-2025-2026\/\" data-type=\"link\" data-id=\"https:\/\/gomet.net\/supplement-hiver-fetes-2025-2026\/\" target=\"_blank\" rel=\"noreferrer noopener\">dernier suppl\u00e9ment Hiver &amp; F\u00eates<\/a><\/strong> avec le <\/strong><br \/><strong>programme des loisirs et festivit\u00e9s dans les communes de la m\u00e9tropole<\/strong> :<\/p>\n<p class=\"has-background\" style=\"background-color:#abb7c224\">Liens utiles :<\/p>\n<p>&gt; <strong><a href=\"https:\/\/gomet.net\/multi-color-le-programme-vos-folles-soirees\/\" data-type=\"link\" data-id=\"https:\/\/gomet.net\/multi-color-le-programme-vos-folles-soirees\/\" target=\"_blank\" rel=\"noreferrer noopener\">L\u2019actualit\u00e9 des loisirs et des sorties dans notre rubrique City guide.<\/a><\/strong><br \/>&gt; <strong><a href=\"https:\/\/gomet.net\/multi-color-le-programme-vos-folles-soirees\/\" data-type=\"link\" data-id=\"https:\/\/gomet.net\/multicolor-lagenda-de-nos-nuits-a-aix-marseille\/\" target=\"_blank\" rel=\"noreferrer noopener\">MultiColor, l\u2019agenda de nos nuits \u00e0 Aix-Marseille by Squaaly Baba !<\/a><\/strong><\/p>\n","protected":false},"excerpt":{"rendered":"Que faire ce week-end \u00e0 Marseille, en Provence et dans la r\u00e9gion Provence-Alpes-C\u00f4te d\u2019Azur ? Chaque semaine, une&hellip;\n","protected":false},"author":2,"featured_media":654549,"comment_status":"","ping_status":"","sticky":false,"template":"","format":"standard","meta":{"footnotes":""},"categories":[2814],"tags":[1111,11,1777,674,1011,27,884,12,882,25],"class_list":{"0":"post-654548","1":"post","2":"type-post","3":"status-publish","4":"format-standard","5":"has-post-thumbnail","7":"category-marseille","8":"tag-actu","9":"tag-actualites","10":"tag-eu","11":"tag-europe","12":"tag-fr","13":"tag-france","14":"tag-marseille","15":"tag-news","16":"tag-provence-alpes-cote-dazur","17":"tag-republique-francaise"},"share_on_mastodon":{"url":"https:\/\/pubeurope.com\/@fr\/115872297299672223","error":""},"_links":{"self":[{"href":"https:\/\/www.europesays.com\/fr\/wp-json\/wp\/v2\/posts\/654548","targetHints":{"allow":["GET"]}}],"collection":[{"href":"https:\/\/www.europesays.com\/fr\/wp-json\/wp\/v2\/posts"}],"about":[{"href":"https:\/\/www.europesays.com\/fr\/wp-json\/wp\/v2\/types\/post"}],"author":[{"embeddable":true,"href":"https:\/\/www.europesays.com\/fr\/wp-json\/wp\/v2\/users\/2"}],"replies":[{"embeddable":true,"href":"https:\/\/www.europesays.com\/fr\/wp-json\/wp\/v2\/comments?post=654548"}],"version-history":[{"count":0,"href":"https:\/\/www.europesays.com\/fr\/wp-json\/wp\/v2\/posts\/654548\/revisions"}],"wp:featuredmedia":[{"embeddable":true,"href":"https:\/\/www.europesays.com\/fr\/wp-json\/wp\/v2\/media\/654549"}],"wp:attachment":[{"href":"https:\/\/www.europesays.com\/fr\/wp-json\/wp\/v2\/media?parent=654548"}],"wp:term":[{"taxonomy":"category","embeddable":true,"href":"https:\/\/www.europesays.com\/fr\/wp-json\/wp\/v2\/categories?post=654548"},{"taxonomy":"post_tag","embeddable":true,"href":"https:\/\/www.europesays.com\/fr\/wp-json\/wp\/v2\/tags?post=654548"}],"curies":[{"name":"wp","href":"https:\/\/api.w.org\/{rel}","templated":true}]}}