{"id":654550,"date":"2026-01-10T18:48:13","date_gmt":"2026-01-10T18:48:13","guid":{"rendered":"https:\/\/www.europesays.com\/fr\/654550\/"},"modified":"2026-01-10T18:48:13","modified_gmt":"2026-01-10T18:48:13","slug":"les-reactions-a-la-candidatures-du-maire-sortant-benoit-payan-deux-mois-avant-les-elections","status":"publish","type":"post","link":"https:\/\/www.europesays.com\/fr\/654550\/","title":{"rendered":"les r\u00e9actions \u00e0 la candidatures du maire sortant Beno\u00eet Payan deux mois avant les \u00e9lections"},"content":{"rendered":"<p class=\"article__intro\">Le maire sortant divers gauche a officialis\u00e9 sa candidature \u00e0 sa propre succession, samedi 10 janvier, depuis son local de campagne. Cette annonce fait vivement r\u00e9agir les autres candidats aux municipales, ainsi que les Marseillais, dont certains \u00e9taient curieux de d\u00e9couvrir le local de campagne du maire-candidat ce samedi.<\/p>\n<p>\n      La Quotidienne Soci\u00e9t\u00e9\n    <\/p>\n<p>\n      De la vie quotidienne aux grands enjeux, recevez tous les jours les sujets qui font la soci\u00e9t\u00e9 locale, comme la justice, l\u2019\u00e9ducation, la sant\u00e9 et la famille.\n    <\/p>\n<p>    France T\u00e9l\u00e9visions utilise votre adresse e-mail afin de vous envoyer la newsletter \u00ab\u00a0La Quotidienne Soci\u00e9t\u00e9\u00a0\u00bb. Vous pouvez vous d\u00e9sinscrire \u00e0 tout moment via le lien en bas de cette newsletter. <a target=\"_blank\" href=\"https:\/\/www.francetelevisions.fr\/groupe\/confidentialite\/politique-de-confidentialite\/politique-de-confidentialite-de-france-televisions-6503\" rel=\"noopener\">Notre politique de confidentialit\u00e9<\/a><\/p>\n<p>\u00ab\u00a0Ah, ce n&rsquo;est pas encore ouvert ?\u00a0\u00bb, devant les portes vitr\u00e9es du local de campagne qui se referment, Paul affiche un air d\u00e9pit\u00e9. Ce samedi 10 janvier au matin, seuls les journalistes ont droit d&rsquo;acc\u00e9der, pour l&rsquo;officialisation de la candidature de Beno\u00eet Payan dans la courses aux municipales de 2026.<\/p>\n<p> Paul parvient tout de m\u00eame \u00e0 r\u00e9cup\u00e9rer quelques tracts \u00e0 l&rsquo;effigie de Beno\u00eet Payan. Ce n\u00e9o-marseillais, habitant de La Pomme (11e), se r\u00e9jouit de cette annonce : \u00ab\u00a0C&rsquo;est surtout son discours qui me pla\u00eet, sur le fait d&rsquo;int\u00e9grer tous les Marseillais, de ne pas \u00e9riger de barri\u00e8res entre les quartiers favoris\u00e9s et les quartiers d\u00e9favoris\u00e9s.\u00a0\u00bb<\/p>\n<p><a href=\"https:\/\/france3-regions.franceinfo.fr\/provence-alpes-cote-d-azur\/bouches-du-rhone\/marseille\/municipales-2026-a-marseille-benoit-payan-le-maire-sortant-annonce-sa-candidature-officiellement-pour-un-nouveau-mandat-3279419.html\" rel=\"noopener noreferrer nofollow\" data-tooltip-url=\"https:\/\/france3-regions.franceinfo.fr\/provence-alpes-cote-d-azur\/bouches-du-rhone\/marseille\/municipales-2026-a-marseille-benoit-payan-le-maire-sortant-annonce-sa-candidature-officiellement-pour-un-nouveau-mandat-3279419.html\" target=\"_blank\">Municipales 2026 \u00e0 Marseille : Beno\u00eet Payan, le maire sortant, annonce sa candidature officiellement pour un nouveau mandat<\/a><\/p>\n<p>A quelques pas de l\u00e0, au bas de la rue Saint-Ferr\u00e9ol, Benjamin a lui aussi re\u00e7u un tract \u00e9lectoral ce samedi matin : \u00ab\u00a0C&rsquo;est plut\u00f4t une bonne chose surtout face aux difficult\u00e9s auxquelles on se heurte avec la M\u00e9tropole. On a souvent tendance \u00e0 amalgamer les deux, on ne sait pas qui fait quoi &#8230; et c&rsquo;est bien que Beno\u00eet Payan clarifie les choses\u00a0\u00bb, estime-t-il.<\/p>\n<p>    dur\u00e9e de la vid\u00e9o : 00h00mn53s<\/p>\n<p>        <img decoding=\"async\" width=\"640\" height=\"426\" class=\"article-image not-lazy\" src=\"https:\/\/www.europesays.com\/fr\/wp-content\/uploads\/2025\/11\/fallbackFr3_16_9.webp.webp\" alt=\"\" fetchpriority=\"high\"\/><\/p>\n<p>              Voir la video\u00a0(53 secondes).\u00a0<br \/>\n                  53 sec<\/p>\n<p>\n          Ces Marseillais r\u00e9agissent \u00e0 la candidature du maire sortant pour les municipales 2026<\/p>\n<p>        \u2022<\/p>\n<p>              \u00a9Julie Rampal Guiducci \/ FTV\n      <\/p>\n<p>Toujours dans l&rsquo;art\u00e8re commer\u00e7ante de Marseille, Bernadette, elle, se fiche des divisions politiciennes : \u00ab\u00a0La ville est sale, pas entretenue, les murs sont tagu\u00e9s &#8230; La M\u00e9tropole et la mairie n&rsquo;ont qu&rsquo;\u00e0 s&rsquo;entendre. Je ne m&rsquo;int\u00e9resse pas trop \u00e0 la politique mais ce qui compte, c&rsquo;est le constat que la ville part en d\u00e9cr\u00e9pitude.\u00a0\u00bb<\/p>\n<p>D&rsquo;autres n&rsquo;ont toujours pas dig\u00e9r\u00e9 le \u00ab\u00a0switch\u00a0\u00bb apr\u00e8s les \u00e9lections municipales de 2020, lorsque Beno\u00eet Payan, alors premier adjoint de Mich\u00e8le Rubirola, a \u00e9chang\u00e9 sa place avec cette derni\u00e8re. \u00ab\u00a0Je suis d\u00e9\u00e7ue parce que j&rsquo;ai vot\u00e9 pour une femme \u00e9colo et m\u00e9decin et que je me retrouve avec un maire, un homme socialiste. Cela a \u00e9t\u00e9 l&rsquo;arnaque de l&rsquo;ann\u00e9e, je pense qu&rsquo;on s&rsquo;est fait avoir&#8230; Apr\u00e8s il a fait des choses sympas pour la ville : le feu d&rsquo;artifice \u00e9tait tr\u00e8s beau, les jeux olympiques aussi\u00a0\u00bb nuance Jo\u00eblle.<\/p>\n<p>Du c\u00f4t\u00e9 de l&rsquo;opposition, la candidature de Beno\u00eet Payan n&rsquo;a pas manqu\u00e9 de faire r\u00e9agir. Interrog\u00e9e \u00e0 l&rsquo;occasion de l&rsquo;inauguration de l&rsquo;extensions du tramway T3, la pr\u00e9sidente de la M\u00e9tropole Aix-Marseille Martine Vassal s&rsquo;est content\u00e9e d&rsquo;un commentaire sobre :  : \u00ab\u00a0Enfin, on va pouvoir parler de projets !\u00a0\u00bb r\u00e9pond ainsi candidate des R\u00e9publicains, Renaissance et Horizons.<\/p>\n<p>De nombreuses personnalit\u00e9s de la droite locale ont \u00e9galement r\u00e9agi sur les r\u00e9seaux sociaux. \u00ab\u00a0Benoit Payan, isol\u00e9 et aux abois, pr\u00e9cipite sa candidature aux municipales. Quatre pages de vide sid\u00e9ral ne changent rien au bilan du + mauvais maire de l\u2019histoire de Marseille !\u00a0\u00bb \u00e9crit ainsi sur X (ex-Twitter) le collectif d&rsquo;union de la droite et du centre Une g\u00e9n\u00e9ration pour Marseille. <\/p>\n<blockquote class=\"twitter-tweet\">\n<p dir=\"ltr\" lang=\"fr\">Benoit Payan, isol\u00e9 et aux abois, pr\u00e9cipite sa candidature aux municipales.<br \/>Quatre pages de vide sid\u00e9ral ne changent rien au bilan du + mauvais maire de l\u2019histoire de Marseille ! \u2935\ufe0f <a href=\"https:\/\/t.co\/Il0F2f7Bkz\">pic.twitter.com\/Il0F2f7Bkz<\/a><\/p>\n<p>\u2014 Une G\u00e9n\u00e9ration pour Marseille (@GenerationMRS) <a href=\"https:\/\/twitter.com\/GenerationMRS\/status\/2009882951845097527?ref_src=twsrc%5Etfw\" target=\"_blank\" rel=\"noopener\">January 10, 2026<\/a><\/p><\/blockquote>\n<p>Lors de sa d\u00e9claration de candidature devant la presse ce samedi 10 janvier, le maire sortant, interrog\u00e9 par France 3 Provence-Alpes, a clairement cibl\u00e9 le Rassemblement national comme adversaire principal : \u00ab\u00a0on voit bien que les gens ont cette tentative de repli, qu&rsquo;on a peur de l&rsquo;autre. [&#8230;] Comment accepter que la ville soit gouvern\u00e9e par ceux qui vont la faire reculer, qui propagent cette division ?\u00a0\u00bb<\/p>\n<p>Des propos qui ont fait bondir l&rsquo;extr\u00eame-droite locale. Dans un communiqu\u00e9, le candidat Rassemblement national Franck Allisio r\u00e9pond : \u00ab\u00a0Je condamne fermement les propos insultants \u00e0 l\u2019\u00e9gard d\u2019une bonne moiti\u00e9 des Marseillais que Benoit Payan vient de tenir \u00e0 l\u2019occasion de son annonce de candidature \u00e0 la mairie de Marseille [&#8230;] Je somme le candidat Benoit Payan de ne pas d\u00e9gueulasser ni cette campagne, ni les Marseillais, dont un sur deux a fait le choix d\u2019un bulletin Rassemblement national et UDR lors des derni\u00e8res \u00e9lections.\u00a0\u00bb <\/p>\n<p>Les candidats ont jusqu&rsquo;au 26 f\u00e9vrier pour d\u00e9poser leur candidature en pr\u00e9fecture. Les \u00e9lections municipales se tiendront les 15 et 22 mars prochain. <\/p>\n<p>  <script async src=\"https:\/\/platform.twitter.com\/widgets.js\" charset=\"utf-8\"><\/script><\/p>\n","protected":false},"excerpt":{"rendered":"Le maire sortant divers gauche a officialis\u00e9 sa candidature \u00e0 sa propre succession, samedi 10 janvier, depuis son&hellip;\n","protected":false},"author":2,"featured_media":654551,"comment_status":"","ping_status":"","sticky":false,"template":"","format":"standard","meta":{"footnotes":""},"categories":[2814],"tags":[1111,11,1777,674,1011,27,884,12,882,25],"class_list":{"0":"post-654550","1":"post","2":"type-post","3":"status-publish","4":"format-standard","5":"has-post-thumbnail","7":"category-marseille","8":"tag-actu","9":"tag-actualites","10":"tag-eu","11":"tag-europe","12":"tag-fr","13":"tag-france","14":"tag-marseille","15":"tag-news","16":"tag-provence-alpes-cote-dazur","17":"tag-republique-francaise"},"share_on_mastodon":{"url":"","error":""},"_links":{"self":[{"href":"https:\/\/www.europesays.com\/fr\/wp-json\/wp\/v2\/posts\/654550","targetHints":{"allow":["GET"]}}],"collection":[{"href":"https:\/\/www.europesays.com\/fr\/wp-json\/wp\/v2\/posts"}],"about":[{"href":"https:\/\/www.europesays.com\/fr\/wp-json\/wp\/v2\/types\/post"}],"author":[{"embeddable":true,"href":"https:\/\/www.europesays.com\/fr\/wp-json\/wp\/v2\/users\/2"}],"replies":[{"embeddable":true,"href":"https:\/\/www.europesays.com\/fr\/wp-json\/wp\/v2\/comments?post=654550"}],"version-history":[{"count":0,"href":"https:\/\/www.europesays.com\/fr\/wp-json\/wp\/v2\/posts\/654550\/revisions"}],"wp:featuredmedia":[{"embeddable":true,"href":"https:\/\/www.europesays.com\/fr\/wp-json\/wp\/v2\/media\/654551"}],"wp:attachment":[{"href":"https:\/\/www.europesays.com\/fr\/wp-json\/wp\/v2\/media?parent=654550"}],"wp:term":[{"taxonomy":"category","embeddable":true,"href":"https:\/\/www.europesays.com\/fr\/wp-json\/wp\/v2\/categories?post=654550"},{"taxonomy":"post_tag","embeddable":true,"href":"https:\/\/www.europesays.com\/fr\/wp-json\/wp\/v2\/tags?post=654550"}],"curies":[{"name":"wp","href":"https:\/\/api.w.org\/{rel}","templated":true}]}}