{"id":654556,"date":"2026-01-10T18:52:09","date_gmt":"2026-01-10T18:52:09","guid":{"rendered":"https:\/\/www.europesays.com\/fr\/654556\/"},"modified":"2026-01-10T18:52:09","modified_gmt":"2026-01-10T18:52:09","slug":"le-montreuil-fc-petit-poucet-dile-de-france-tombe-au-terme-dun-incroyable-parcours","status":"publish","type":"post","link":"https:\/\/www.europesays.com\/fr\/654556\/","title":{"rendered":"le Montreuil FC, petit poucet d&rsquo;\u00cele-de-France, tombe au terme d&rsquo;un incroyable parcours"},"content":{"rendered":"<p>                    Par<br \/>\n        <strong><br \/>\n            <a href=\"https:\/\/actu.fr\/auteur\/antoine-grotteria02\" title=\"Consulter tous les articles de Antoine Grotteria\" target=\"_blank\" rel=\"noopener\">Antoine Grotteria<\/a><br \/>\n                    <\/strong><\/p>\n<p>        Publi\u00e9 le<\/p>\n<p>            10 janv. 2026 \u00e0 17h56        <\/p>\n<p>Un d\u00e9but comme dans un songe, puis le retour au r\u00e9el. Le <strong>Montreuil FC<\/strong>, petit poucet d\u2019<a href=\"https:\/\/actu.fr\/ile-de-france\/\" target=\"_blank\" rel=\"noopener\">\u00cele-de-France<\/a>, est \u00e9limin\u00e9 de la <a href=\"https:\/\/actu.fr\/sports\/football\/coupe-de-france\" target=\"_blank\" rel=\"noopener\">Coupe de France<\/a>. Ce samedi 10 janvier 2026, le club amateur de R\u00e9gional 1 (6e division) a \u00e9t\u00e9 domin\u00e9 4 buts \u00e0 2 par <strong>Amiens<\/strong>, pensionnaire de Ligue\u00a02, en 16e de finale au stade Auguste-Delaune \u00e0 <a href=\"https:\/\/actu.fr\/ile-de-france\/bobigny_93008\" target=\"_blank\" rel=\"noopener\">Bobigny<\/a> (Seine-Saint-Denis). Quatre divisions s\u00e9paraient les deux \u00e9quipes, mais ce diff\u00e9rentiel n\u2019a pas entrav\u00e9 les vell\u00e9it\u00e9s des Montreuillois.<\/p>\n<p>Trois buts encaiss\u00e9s en 30\u00a0minutes<\/p>\n<p class=\" wall-content\">Anthony Adel a permis aux amateurs de prendre les commandes apr\u00e8s 16 secondes. Un lancement id\u00e9al rapidement neutralis\u00e9 par la r\u00e9action des Picards. Une \u00e9galisation \u00e0 la 16e minute, puis un deuxi\u00e8me but \u00e0 14e minute, avant une troisi\u00e8me r\u00e9alisation \u00e0 la demi-heure de jeu, ont conf\u00e9r\u00e9 aux professionnels un avantage confortable. Amiens a creus\u00e9 l\u2019\u00e9cart au retour des vestiaires.<\/p>\n<p class=\" wall-content\">Malgr\u00e9 la r\u00e9action des joueurs de Seine-Saint-Denis, par le biais de Rayan Lutin, la rencontre a d\u00e9bouch\u00e9 sur un r\u00e9sultat d\u00e9nu\u00e9 de surprise. Montreuil pourra se r\u00e9jouir d\u2019avoir \u00e9t\u00e9 le <strong>premier club amateur<\/strong> du d\u00e9partement \u00e0 parvenir en 32e de finale. Et ce, devant un public \u00e0 <strong>guichets ferm\u00e9s<\/strong>.<\/p>\n<p class=\" wall-content\">L\u2019\u00e9limination du club montreuillois r\u00e9duit \u00e0 deux le nombre de clubs franciliens encore en lice. Ce lundi 12\u00a0janvier 2026, il n\u2019en restera qu\u2019un puisque le <a href=\"https:\/\/actu.fr\/tag\/paris-saint-germain-psg\" target=\"_blank\" rel=\"noopener\">Paris Saint-Germain<\/a> accueille le Paris FC dans un <a href=\"https:\/\/actu.fr\/ile-de-france\/paris_75056\/psg-paris-fc-derriere-le-plaisir-de-retrouver-un-derby-entre-clubs-jumeaux-une-rivalite-a-construire_63649855.html\" target=\"_blank\" rel=\"noopener\">derby<\/a> qui se d\u00e9roulera au Parc des Princes. Une revanche par rapport \u00e0 la rencontre de Ligue\u00a01, remport\u00e9e par le champion d\u2019Europe.<\/p>\n<p class=\" wall-content\">Personnalisez votre actualit\u00e9 en ajoutant vos villes et m\u00e9dias en favori avec <a href=\"https:\/\/moncompte.actu.fr\" title=\"D\u00e9couvez Mon Actu\" rel=\"nofollow noopener\" data-trk=\"{&quot;cta&quot;:{&quot;action&quot;:&quot;https:\\\/\\\/moncompte.actu.fr&quot;,&quot;category&quot;:&quot;mon compte&quot;,&quot;from&quot;:&quot;article footer&quot;,&quot;name&quot;:&quot;Mon actu&quot;,&quot;type&quot;:&quot;cta&quot;}}\" target=\"_blank\">Mon Actu<\/a>.<\/p>\n","protected":false},"excerpt":{"rendered":"Par Antoine Grotteria Publi\u00e9 le 10 janv. 2026 \u00e0 17h56 Un d\u00e9but comme dans un songe, puis le&hellip;\n","protected":false},"author":2,"featured_media":654557,"comment_status":"","ping_status":"","sticky":false,"template":"","format":"standard","meta":{"footnotes":""},"categories":[1592],"tags":[1111,11,83,1777,674,63,1011,27,662,12,626,25,60],"class_list":{"0":"post-654556","1":"post","2":"type-post","3":"status-publish","4":"format-standard","5":"has-post-thumbnail","7":"category-ile-de-france","8":"tag-actu","9":"tag-actualites","10":"tag-coupe-de-france","11":"tag-eu","12":"tag-europe","13":"tag-football","14":"tag-fr","15":"tag-france","16":"tag-ile-de-france","17":"tag-news","18":"tag-paris","19":"tag-republique-francaise","20":"tag-sports"},"share_on_mastodon":{"url":"https:\/\/pubeurope.com\/@fr\/115872317055310278","error":""},"_links":{"self":[{"href":"https:\/\/www.europesays.com\/fr\/wp-json\/wp\/v2\/posts\/654556","targetHints":{"allow":["GET"]}}],"collection":[{"href":"https:\/\/www.europesays.com\/fr\/wp-json\/wp\/v2\/posts"}],"about":[{"href":"https:\/\/www.europesays.com\/fr\/wp-json\/wp\/v2\/types\/post"}],"author":[{"embeddable":true,"href":"https:\/\/www.europesays.com\/fr\/wp-json\/wp\/v2\/users\/2"}],"replies":[{"embeddable":true,"href":"https:\/\/www.europesays.com\/fr\/wp-json\/wp\/v2\/comments?post=654556"}],"version-history":[{"count":0,"href":"https:\/\/www.europesays.com\/fr\/wp-json\/wp\/v2\/posts\/654556\/revisions"}],"wp:featuredmedia":[{"embeddable":true,"href":"https:\/\/www.europesays.com\/fr\/wp-json\/wp\/v2\/media\/654557"}],"wp:attachment":[{"href":"https:\/\/www.europesays.com\/fr\/wp-json\/wp\/v2\/media?parent=654556"}],"wp:term":[{"taxonomy":"category","embeddable":true,"href":"https:\/\/www.europesays.com\/fr\/wp-json\/wp\/v2\/categories?post=654556"},{"taxonomy":"post_tag","embeddable":true,"href":"https:\/\/www.europesays.com\/fr\/wp-json\/wp\/v2\/tags?post=654556"}],"curies":[{"name":"wp","href":"https:\/\/api.w.org\/{rel}","templated":true}]}}