{"id":65456,"date":"2025-04-30T22:37:24","date_gmt":"2025-04-30T22:37:24","guid":{"rendered":"https:\/\/www.europesays.com\/fr\/65456\/"},"modified":"2025-04-30T22:37:24","modified_gmt":"2025-04-30T22:37:24","slug":"ball-ligue-a-f-fin-de-lere-andre-sa-quel-futur-pour-le-vnvb","status":"publish","type":"post","link":"https:\/\/www.europesays.com\/fr\/65456\/","title":{"rendered":"ball &#8211; Ligue A (F). Fin de l\u2019\u00e8re Andr\u00e9 Sa, quel futur pour le VNVB ?"},"content":{"rendered":"<p>Apr\u00e8s Levallois &#8211; VNVB<\/p>\n<p>(3-2)<\/p>\n<p>Loin de chez soi, de ses racines, de sa famille c\u2019est toujours dur d\u2019encaisser un coup dur. Quel pire sc\u00e9nario que celui de perdre en demi-finale dans un match d\u00e9cisif hors de ses bases, encore plus quand c\u2019est le dernier sous un maillot.<\/p>\n<p>Apr\u00e8s la d\u00e9faite du VNVB, ce samedi, c\u2019est d\u00e9finitif, Andr\u00e9 Sa ne remettra plus les pieds au Parc des sports de Vandoeuvre. En tout cas plus comme entra\u00eeneur de Vandoeuvre. Avec ce revers, le VNVB a&#8230;<\/p>\n","protected":false},"excerpt":{"rendered":"Apr\u00e8s Levallois &#8211; VNVB (3-2) Loin de chez soi, de ses racines, de sa famille c\u2019est toujours dur&hellip;\n","protected":false},"author":2,"featured_media":65457,"comment_status":"","ping_status":"","sticky":false,"template":"","format":"standard","meta":{"footnotes":""},"categories":[1417],"tags":[1704,107,1701,1011,27,1702,1703,517,1700,60,5711,1750,1470,1632,1469],"class_list":{"0":"post-65456","1":"post","2":"type-post","3":"status-publish","4":"format-standard","5":"has-post-thumbnail","7":"category-volley","8":"tag-edition-nancy-et-agglomeration","9":"tag-fil-info","10":"tag-fil-info-sport","11":"tag-fr","12":"tag-france","13":"tag-nancy","14":"tag-nancy-ville-54b","15":"tag-sport","16":"tag-sport-lorrain","17":"tag-sports","18":"tag-vandoeuvre-les-nancy","19":"tag-vnvb","20":"tag-volley","21":"tag-volley-ball","22":"tag-volleyball"},"share_on_mastodon":{"url":"https:\/\/pubeurope.com\/@fr\/114429312628589920","error":""},"_links":{"self":[{"href":"https:\/\/www.europesays.com\/fr\/wp-json\/wp\/v2\/posts\/65456","targetHints":{"allow":["GET"]}}],"collection":[{"href":"https:\/\/www.europesays.com\/fr\/wp-json\/wp\/v2\/posts"}],"about":[{"href":"https:\/\/www.europesays.com\/fr\/wp-json\/wp\/v2\/types\/post"}],"author":[{"embeddable":true,"href":"https:\/\/www.europesays.com\/fr\/wp-json\/wp\/v2\/users\/2"}],"replies":[{"embeddable":true,"href":"https:\/\/www.europesays.com\/fr\/wp-json\/wp\/v2\/comments?post=65456"}],"version-history":[{"count":0,"href":"https:\/\/www.europesays.com\/fr\/wp-json\/wp\/v2\/posts\/65456\/revisions"}],"wp:featuredmedia":[{"embeddable":true,"href":"https:\/\/www.europesays.com\/fr\/wp-json\/wp\/v2\/media\/65457"}],"wp:attachment":[{"href":"https:\/\/www.europesays.com\/fr\/wp-json\/wp\/v2\/media?parent=65456"}],"wp:term":[{"taxonomy":"category","embeddable":true,"href":"https:\/\/www.europesays.com\/fr\/wp-json\/wp\/v2\/categories?post=65456"},{"taxonomy":"post_tag","embeddable":true,"href":"https:\/\/www.europesays.com\/fr\/wp-json\/wp\/v2\/tags?post=65456"}],"curies":[{"name":"wp","href":"https:\/\/api.w.org\/{rel}","templated":true}]}}